{"id":1669,"date":"2019-01-02T12:44:05","date_gmt":"2019-01-02T12:44:05","guid":{"rendered":"https:\/\/menschen.alpeninitiative.ch\/josef-loretan\/"},"modified":"2019-02-18T12:57:45","modified_gmt":"2019-02-18T12:57:45","slug":"josef-loretan","status":"publish","type":"post","link":"https:\/\/menschen.proalps.ch\/fr\/josef-loretan\/","title":{"rendered":"Josef Loretan"},"content":{"rendered":"\n\n\n\n[aesop_quote type=\u00a0\u00bbblock\u00a0\u00bb background=\u00a0\u00bb#0080c0&Prime; text=\u00a0\u00bb#ffffff\u00a0\u00bb align=\u00a0\u00bbleft\u00a0\u00bb size=\u00a0\u00bb7&Prime; quote=\u00a0\u00bbJosef Loretan, n\u00e9 en 1962 \u00e0 Brigue, est graphiste et sculpteur. Il vit actuellement \u00e0 Berne, enseigne \u00e0 la Haute \u00e9cole des arts de Berne et depuis 2016 \u00e0 la neueschulef\u00fcrgestaltungbern. De nombreuses \u0153uvres dans l&rsquo;espace public t\u00e9moignent de son travail. Josef Loretan est p\u00e8re de trois enfants et travaille dans son atelier aux VIDMARhallen \u00e0 K\u00f6niz.\u00a0\u00bb revealfx=\u00a0\u00bboff\u00a0\u00bb]\n<p>\u00ab En mars 1989, il y a eu un petit concours pour le logo de l&rsquo;Initiative des Alpes. Les gens du groupe de l&rsquo;OGUV (groupe du Haut-Valais en faveur de l&rsquo;environnement) m&rsquo;avaient demand\u00e9 si je pouvais concevoir quelque chose. Plus pr\u00e9cis\u00e9ment, j&rsquo;avais re\u00e7u une invitation de Reto Gamma du comit\u00e9 d&rsquo;initiative. Je n&rsquo;avais que 10 jours devant moi pour une premi\u00e8re \u00e9bauche. Ma proposition \u00e9tait apparemment la plus convaincante.<\/p>\n<p>La nature et les montagnes, les glaciers et la neige m&rsquo;ont toujours fascin\u00e9 et sont pr\u00e9sents jusqu&rsquo;\u00e0 aujourd&rsquo;hui dans mon travail artistique. J&rsquo;ai grandi \u00e0 Brigue. Avant la fondation de l&rsquo;Initiative des Alpes, l&rsquo;OGUV \u00e9tait activement occup\u00e9 avec le trac\u00e9 de l&rsquo;autoroute planifi\u00e9e au Valais. Il s&rsquo;agissait de pr\u00e9server l&rsquo;environnement menac\u00e9. Je me suis engag\u00e9 en mettant \u00e0 disposition mes talents pour les causes de la politique environnementale.<\/p>\n<p>J&rsquo;avais fait la connaissance d&rsquo;Andreas Weissen, qui avait endoss\u00e9 l&rsquo;id\u00e9e de l&rsquo;Initiative des Alpes au Valais, par l&rsquo;interm\u00e9diaire de mon fr\u00e8re a\u00een\u00e9. Comme j&rsquo;ai une formation de graphiste, l&rsquo;OGUV m&rsquo;avait d\u00e9j\u00e0 demand\u00e9 des affiches et autres illustrations. J&rsquo;ai pu ainsi concevoir pas mal de choses, par exemple pour le journal alternatif valaisan \u00ab Rote Anneliese \u00bb. Pour promouvoir un autre trac\u00e9 de l\u2019A9, nous sommes all\u00e9s de village en village dans le Haut-Valais avec un th\u00e9\u00e2tre de rue, un cheval et une roulotte, et avons fait campagne. Au bout du compte, 80 % des propositions de l&rsquo;OGUV ont \u00e9t\u00e9 adopt\u00e9es.<\/p>\n<p>Apr\u00e8s mon apprentissage de graphiste \u00e0 Brigue, j&rsquo;ai travaill\u00e9 pour un tailleur de pierre \u00e0 Emmen. J&rsquo;ai ensuite \u00e9tudi\u00e9 le design et les arts plastiques \u00e0 la Haute \u00e9cole sp\u00e9cialis\u00e9e de Lucerne et pendant trois ans \u00e0 l&rsquo;Acad\u00e9mie des Beaux-Arts de Francfort. J&rsquo;ai particip\u00e9 au lancement de l&rsquo;initiative des Alpes dans les gorges de Sch\u00f6llenen. Le spectacle \u00e9tait r\u00e9jouissant, en tant qu\u2019artiste, j\u2019aime bien quand \u00e7a bouge. Nous vivions ce moment \u00e0 fond avec passion et id\u00e9alisme. J&rsquo;\u00e9tais responsable des p\u00e9tards et des corps fumig\u00e8nes que nous utilisions lors du cort\u00e8ge avec les camions peints et le diable dansant. Nous savions que les m\u00e9dias avaient besoin de bien plus qu&rsquo;un message sec pour qu&rsquo;elles communiquent nos revendications de mani\u00e8re efficace.<\/p>\n<p>Je n&rsquo;avais pas de directive pour le logo, si ce n&rsquo;est que le titre de l&rsquo;organisation \u00ab Iniziativa da las Alps \u00bb devait appara\u00eetre en rh\u00e9to-roman et que le logo devait pouvoir \u00eatre utilis\u00e9 aussi bien en noir et blanc qu&rsquo;en couleur. Pour moi, il \u00e9tait clair qu&rsquo;une cha\u00eene de montagnes stylis\u00e9e repr\u00e9senterait au mieux notre cause pour l&rsquo;ensemble de l&rsquo;arc alpin. Les nuages symbolisent l&rsquo;air pur et sont dispos\u00e9s en perspective de mani\u00e8re \u00e0 rendre visible l&rsquo;axe nord-sud. J&rsquo;ai fait quelques esquisses d&rsquo;aquarelle \u00e0 la main car \u00e7a ne donnait rien de bon \u00e0 l&rsquo;ordinateur. Au fil du temps, j&rsquo;ai \u00e9pur\u00e9 les esquisses. J&rsquo;ai choisi le bleu parce qu&rsquo;il montre la couleur du ciel et qu&rsquo;il s&rsquo;en d\u00e9gage une fra\u00eecheur.<\/p>\n<p>Apr\u00e8s quelques ann\u00e9es, le logo a d\u00fb \u00eatre un peu simplifi\u00e9. C&rsquo;est moi qui l\u2019ai retravaill\u00e9. Mais il y a eu quelques discussions pour savoir si les nuages devaient totalement dispara\u00eetre ou non. A pr\u00e9sent, ils sont encore l\u00e0, comme je le voulais. Je suis heureux de voir que le logo ait fait ses preuves jusqu&rsquo;\u00e0 ce jour. J&rsquo;ai \u00e9galement con\u00e7u d&rsquo;autres choses pour l&rsquo;Initiative des Alpes, la montgolfi\u00e8re pour le 10e anniversaire par exemple. J\u2019ai fait les dessins \u00e0 la main et \u00e9tir\u00e9 la silhouette de la montagne du logo sur tout le contour du ballon. Je n&rsquo;ai pas cependant pas vol\u00e9 avec la montgolfi\u00e8re.<\/p>\n<p>Aujourd&rsquo;hui encore, je continue de suivre ce que fait l&rsquo;Initiative des Alpes. Les pr\u00e9occupations environnementales ont toujours \u00e9t\u00e9 tr\u00e8s importantes pour moi, bien que dans les ann\u00e9es 1980, les discussions portaient aussi sur les droits de l&rsquo;homme, la politique de d\u00e9veloppement et la politique de paix. Le probl\u00e8me de l&rsquo;augmentation constante du trafic est tout aussi actuel pour moi aujourd&rsquo;hui qu&rsquo;il ne l&rsquo;\u00e9tait \u00e0 l&rsquo;\u00e9poque. Mais toute la question semble avoir \u00e9t\u00e9 quelque peu oubli\u00e9e, sans quoi les gens ne voleraient pas de fa\u00e7on aussi irr\u00e9fl\u00e9chie dans le monde entier. Une des id\u00e9es centrales de l&rsquo;Initiative des Alpes est de transf\u00e9rer le trafic de transit au rail. Beaucoup de personnes ne savent pas combien les transports absurdes sont nombreux, comme cette eau min\u00e9rale qui est import\u00e9e en Europe depuis les \u00eeles Fidji qui sont \u00e0 20 000 km d&rsquo;ici. L&rsquo;environnement doit devenir plus important pour nous et pour les g\u00e9n\u00e9rations \u00e0 venir que tous nos plaisirs personnels.<\/p>\n<p>Lors du vote sur le deuxi\u00e8me tunnel du Gothard en 2016, j&rsquo;ai constat\u00e9 que de nombreuses personnes, y compris dans mon entourage, ne savaient plus vraiment ce qu&rsquo;\u00e9tait l&rsquo;Initiative des Alpes. En 1994, c&rsquo;\u00e9tait diff\u00e9rent, le th\u00e8me \u00e9tait bien plus pr\u00e9sent. N\u00e9anmoins, lors de la campagne de votation 2015, la NZZ a utilis\u00e9 une illustration que j&rsquo;avais faite en 1994 pour la brochure explicative de l&rsquo;initiative des Alpes. \u00bb<\/p>\n\n[aesop_collection collection=\u00a0\u00bbnull\u00a0\u00bb limit=\u00a0\u00bb16&Prime; columns=\u00a0\u00bb2&Prime; splash=\u00a0\u00bboff\u00a0\u00bb order=\u00a0\u00bbdefault\u00a0\u00bb loadmore=\u00a0\u00bboff\u00a0\u00bb showexcerpt=\u00a0\u00bbon\u00a0\u00bb revealfx=\u00a0\u00bboff\u00a0\u00bb]\n","protected":false},"excerpt":{"rendered":"<p>[aesop_quote type=\u00a0\u00bbblock\u00a0\u00bb background=\u00a0\u00bb#0080c0&Prime; text=\u00a0\u00bb#ffffff\u00a0\u00bb align=\u00a0\u00bbleft\u00a0\u00bb size=\u00a0\u00bb7&Prime; quote=\u00a0\u00bbJosef Loretan, n\u00e9 en 1962 \u00e0 Brigue, est graphiste et sculpteur. Il vit actuellement \u00e0 Berne, enseigne \u00e0 la Haute \u00e9cole des arts de Berne et depuis 2016 \u00e0 la neueschulef\u00fcrgestaltungbern. De nombreuses \u0153uvres dans l&rsquo;espace public t\u00e9moignent de son travail. Josef Loretan est p\u00e8re de trois enfants et [&hellip;]<\/p>\n","protected":false},"author":1,"featured_media":1619,"comment_status":"closed","ping_status":"closed","sticky":false,"template":"","format":"standard","meta":{"inline_featured_image":false,"footnotes":""},"categories":[57],"tags":[],"class_list":["post-1669","post","type-post","status-publish","format-standard","has-post-thumbnail","hentry","category-personnages"],"yoast_head":"<!-- This site is optimized with the Yoast SEO plugin v27.1.1 - https:\/\/yoast.com\/product\/yoast-seo-wordpress\/ -->\n<title>Josef Loretan - Des gens, des lieux, des propos frappants<\/title>\n<meta name=\"robots\" content=\"index, follow, max-snippet:-1, max-image-preview:large, max-video-preview:-1\" \/>\n<link rel=\"canonical\" href=\"https:\/\/menschen.proalps.ch\/fr\/josef-loretan\/\" \/>\n<meta property=\"og:locale\" content=\"fr_FR\" \/>\n<meta property=\"og:type\" content=\"article\" \/>\n<meta property=\"og:title\" content=\"Josef Loretan - Des gens, des lieux, des propos frappants\" \/>\n<meta property=\"og:description\" content=\"[aesop_quote type=\u00a0\u00bbblock\u00a0\u00bb background=\u00a0\u00bb#0080c0&Prime; text=\u00a0\u00bb#ffffff\u00a0\u00bb align=\u00a0\u00bbleft\u00a0\u00bb size=\u00a0\u00bb7&Prime; quote=\u00a0\u00bbJosef Loretan, n\u00e9 en 1962 \u00e0 Brigue, est graphiste et sculpteur. Il vit actuellement \u00e0 Berne, enseigne \u00e0 la Haute \u00e9cole des arts de Berne et depuis 2016 \u00e0 la neueschulef\u00fcrgestaltungbern. De nombreuses \u0153uvres dans l&rsquo;espace public t\u00e9moignent de son travail. Josef Loretan est p\u00e8re de trois enfants et [&hellip;]\" \/>\n<meta property=\"og:url\" content=\"https:\/\/menschen.proalps.ch\/fr\/josef-loretan\/\" \/>\n<meta property=\"og:site_name\" content=\"Vivre en cabine\" \/>\n<meta property=\"article:published_time\" content=\"2019-01-02T12:44:05+00:00\" \/>\n<meta property=\"article:modified_time\" content=\"2019-02-18T12:57:45+00:00\" \/>\n<meta property=\"og:image\" content=\"https:\/\/menschen.proalps.ch\/wp-content\/uploads\/2019\/02\/Josef-Loretan.jpg\" \/>\n\t<meta property=\"og:image:width\" content=\"2000\" \/>\n\t<meta property=\"og:image:height\" content=\"1331\" \/>\n\t<meta property=\"og:image:type\" content=\"image\/jpeg\" \/>\n<meta name=\"author\" content=\"alpenadmin\" \/>\n<meta name=\"twitter:card\" content=\"summary_large_image\" \/>\n<meta name=\"twitter:label1\" content=\"\u00c9crit par\" \/>\n\t<meta name=\"twitter:data1\" content=\"alpenadmin\" \/>\n\t<meta name=\"twitter:label2\" content=\"Dur\u00e9e de lecture estim\u00e9e\" \/>\n\t<meta name=\"twitter:data2\" content=\"5 minutes\" \/>\n<script type=\"application\/ld+json\" class=\"yoast-schema-graph\">{\"@context\":\"https:\/\/schema.org\",\"@graph\":[{\"@type\":\"Article\",\"@id\":\"https:\/\/menschen.proalps.ch\/fr\/josef-loretan\/#article\",\"isPartOf\":{\"@id\":\"https:\/\/menschen.proalps.ch\/fr\/josef-loretan\/\"},\"author\":{\"name\":\"alpenadmin\",\"@id\":\"https:\/\/menschen.proalps.ch\/#\/schema\/person\/4e48dd4c36fb357e5fd16fd02f3b0383\"},\"headline\":\"Josef Loretan\",\"datePublished\":\"2019-01-02T12:44:05+00:00\",\"dateModified\":\"2019-02-18T12:57:45+00:00\",\"mainEntityOfPage\":{\"@id\":\"https:\/\/menschen.proalps.ch\/fr\/josef-loretan\/\"},\"wordCount\":1011,\"image\":{\"@id\":\"https:\/\/menschen.proalps.ch\/fr\/josef-loretan\/#primaryimage\"},\"thumbnailUrl\":\"https:\/\/menschen.proalps.ch\/wp-content\/uploads\/2019\/02\/Josef-Loretan.jpg\",\"articleSection\":[\"Personnages\"],\"inLanguage\":\"fr-FR\"},{\"@type\":\"WebPage\",\"@id\":\"https:\/\/menschen.proalps.ch\/fr\/josef-loretan\/\",\"url\":\"https:\/\/menschen.proalps.ch\/fr\/josef-loretan\/\",\"name\":\"Josef Loretan - Des gens, des lieux, des propos frappants\",\"isPartOf\":{\"@id\":\"https:\/\/menschen.proalps.ch\/#website\"},\"primaryImageOfPage\":{\"@id\":\"https:\/\/menschen.proalps.ch\/fr\/josef-loretan\/#primaryimage\"},\"image\":{\"@id\":\"https:\/\/menschen.proalps.ch\/fr\/josef-loretan\/#primaryimage\"},\"thumbnailUrl\":\"https:\/\/menschen.proalps.ch\/wp-content\/uploads\/2019\/02\/Josef-Loretan.jpg\",\"datePublished\":\"2019-01-02T12:44:05+00:00\",\"dateModified\":\"2019-02-18T12:57:45+00:00\",\"author\":{\"@id\":\"https:\/\/menschen.proalps.ch\/#\/schema\/person\/4e48dd4c36fb357e5fd16fd02f3b0383\"},\"breadcrumb\":{\"@id\":\"https:\/\/menschen.proalps.ch\/fr\/josef-loretan\/#breadcrumb\"},\"inLanguage\":\"fr-FR\",\"potentialAction\":[{\"@type\":\"ReadAction\",\"target\":[\"https:\/\/menschen.proalps.ch\/fr\/josef-loretan\/\"]}]},{\"@type\":\"ImageObject\",\"inLanguage\":\"fr-FR\",\"@id\":\"https:\/\/menschen.proalps.ch\/fr\/josef-loretan\/#primaryimage\",\"url\":\"https:\/\/menschen.proalps.ch\/wp-content\/uploads\/2019\/02\/Josef-Loretan.jpg\",\"contentUrl\":\"https:\/\/menschen.proalps.ch\/wp-content\/uploads\/2019\/02\/Josef-Loretan.jpg\",\"width\":2000,\"height\":1331},{\"@type\":\"BreadcrumbList\",\"@id\":\"https:\/\/menschen.proalps.ch\/fr\/josef-loretan\/#breadcrumb\",\"itemListElement\":[{\"@type\":\"ListItem\",\"position\":1,\"name\":\"Startseite\",\"item\":\"https:\/\/menschen.proalps.ch\/fr\/\"},{\"@type\":\"ListItem\",\"position\":2,\"name\":\"Josef Loretan\"}]},{\"@type\":\"WebSite\",\"@id\":\"https:\/\/menschen.proalps.ch\/#website\",\"url\":\"https:\/\/menschen.proalps.ch\/\",\"name\":\"Vivre en cabine\",\"description\":\"De Fabian Biasio (vid\u00e9os et photos) et Susan Boos (textes) \",\"potentialAction\":[{\"@type\":\"SearchAction\",\"target\":{\"@type\":\"EntryPoint\",\"urlTemplate\":\"https:\/\/menschen.proalps.ch\/?s={search_term_string}\"},\"query-input\":{\"@type\":\"PropertyValueSpecification\",\"valueRequired\":true,\"valueName\":\"search_term_string\"}}],\"inLanguage\":\"fr-FR\"},{\"@type\":\"Person\",\"@id\":\"https:\/\/menschen.proalps.ch\/#\/schema\/person\/4e48dd4c36fb357e5fd16fd02f3b0383\",\"name\":\"alpenadmin\",\"image\":{\"@type\":\"ImageObject\",\"inLanguage\":\"fr-FR\",\"@id\":\"https:\/\/menschen.proalps.ch\/#\/schema\/person\/image\/\",\"url\":\"https:\/\/secure.gravatar.com\/avatar\/bc6d4d14227937daef51b8753b883ba033ea5c936fb2c4d7c17f5c8c41b5a450?s=96&d=mm&r=g\",\"contentUrl\":\"https:\/\/secure.gravatar.com\/avatar\/bc6d4d14227937daef51b8753b883ba033ea5c936fb2c4d7c17f5c8c41b5a450?s=96&d=mm&r=g\",\"caption\":\"alpenadmin\"},\"url\":\"https:\/\/menschen.proalps.ch\/fr\/author\/alpenadmin\/\"}]}<\/script>\n<!-- \/ Yoast SEO plugin. -->","yoast_head_json":{"title":"Josef Loretan - Des gens, des lieux, des propos frappants","robots":{"index":"index","follow":"follow","max-snippet":"max-snippet:-1","max-image-preview":"max-image-preview:large","max-video-preview":"max-video-preview:-1"},"canonical":"https:\/\/menschen.proalps.ch\/fr\/josef-loretan\/","og_locale":"fr_FR","og_type":"article","og_title":"Josef Loretan - Des gens, des lieux, des propos frappants","og_description":"[aesop_quote type=\u00a0\u00bbblock\u00a0\u00bb background=\u00a0\u00bb#0080c0&Prime; text=\u00a0\u00bb#ffffff\u00a0\u00bb align=\u00a0\u00bbleft\u00a0\u00bb size=\u00a0\u00bb7&Prime; quote=\u00a0\u00bbJosef Loretan, n\u00e9 en 1962 \u00e0 Brigue, est graphiste et sculpteur. Il vit actuellement \u00e0 Berne, enseigne \u00e0 la Haute \u00e9cole des arts de Berne et depuis 2016 \u00e0 la neueschulef\u00fcrgestaltungbern. De nombreuses \u0153uvres dans l&rsquo;espace public t\u00e9moignent de son travail. Josef Loretan est p\u00e8re de trois enfants et [&hellip;]","og_url":"https:\/\/menschen.proalps.ch\/fr\/josef-loretan\/","og_site_name":"Vivre en cabine","article_published_time":"2019-01-02T12:44:05+00:00","article_modified_time":"2019-02-18T12:57:45+00:00","og_image":[{"width":2000,"height":1331,"url":"https:\/\/menschen.proalps.ch\/wp-content\/uploads\/2019\/02\/Josef-Loretan.jpg","type":"image\/jpeg"}],"author":"alpenadmin","twitter_card":"summary_large_image","twitter_misc":{"\u00c9crit par":"alpenadmin","Dur\u00e9e de lecture estim\u00e9e":"5 minutes"},"schema":{"@context":"https:\/\/schema.org","@graph":[{"@type":"Article","@id":"https:\/\/menschen.proalps.ch\/fr\/josef-loretan\/#article","isPartOf":{"@id":"https:\/\/menschen.proalps.ch\/fr\/josef-loretan\/"},"author":{"name":"alpenadmin","@id":"https:\/\/menschen.proalps.ch\/#\/schema\/person\/4e48dd4c36fb357e5fd16fd02f3b0383"},"headline":"Josef Loretan","datePublished":"2019-01-02T12:44:05+00:00","dateModified":"2019-02-18T12:57:45+00:00","mainEntityOfPage":{"@id":"https:\/\/menschen.proalps.ch\/fr\/josef-loretan\/"},"wordCount":1011,"image":{"@id":"https:\/\/menschen.proalps.ch\/fr\/josef-loretan\/#primaryimage"},"thumbnailUrl":"https:\/\/menschen.proalps.ch\/wp-content\/uploads\/2019\/02\/Josef-Loretan.jpg","articleSection":["Personnages"],"inLanguage":"fr-FR"},{"@type":"WebPage","@id":"https:\/\/menschen.proalps.ch\/fr\/josef-loretan\/","url":"https:\/\/menschen.proalps.ch\/fr\/josef-loretan\/","name":"Josef Loretan - Des gens, des lieux, des propos frappants","isPartOf":{"@id":"https:\/\/menschen.proalps.ch\/#website"},"primaryImageOfPage":{"@id":"https:\/\/menschen.proalps.ch\/fr\/josef-loretan\/#primaryimage"},"image":{"@id":"https:\/\/menschen.proalps.ch\/fr\/josef-loretan\/#primaryimage"},"thumbnailUrl":"https:\/\/menschen.proalps.ch\/wp-content\/uploads\/2019\/02\/Josef-Loretan.jpg","datePublished":"2019-01-02T12:44:05+00:00","dateModified":"2019-02-18T12:57:45+00:00","author":{"@id":"https:\/\/menschen.proalps.ch\/#\/schema\/person\/4e48dd4c36fb357e5fd16fd02f3b0383"},"breadcrumb":{"@id":"https:\/\/menschen.proalps.ch\/fr\/josef-loretan\/#breadcrumb"},"inLanguage":"fr-FR","potentialAction":[{"@type":"ReadAction","target":["https:\/\/menschen.proalps.ch\/fr\/josef-loretan\/"]}]},{"@type":"ImageObject","inLanguage":"fr-FR","@id":"https:\/\/menschen.proalps.ch\/fr\/josef-loretan\/#primaryimage","url":"https:\/\/menschen.proalps.ch\/wp-content\/uploads\/2019\/02\/Josef-Loretan.jpg","contentUrl":"https:\/\/menschen.proalps.ch\/wp-content\/uploads\/2019\/02\/Josef-Loretan.jpg","width":2000,"height":1331},{"@type":"BreadcrumbList","@id":"https:\/\/menschen.proalps.ch\/fr\/josef-loretan\/#breadcrumb","itemListElement":[{"@type":"ListItem","position":1,"name":"Startseite","item":"https:\/\/menschen.proalps.ch\/fr\/"},{"@type":"ListItem","position":2,"name":"Josef Loretan"}]},{"@type":"WebSite","@id":"https:\/\/menschen.proalps.ch\/#website","url":"https:\/\/menschen.proalps.ch\/","name":"Vivre en cabine","description":"De Fabian Biasio (vid\u00e9os et photos) et Susan Boos (textes) ","potentialAction":[{"@type":"SearchAction","target":{"@type":"EntryPoint","urlTemplate":"https:\/\/menschen.proalps.ch\/?s={search_term_string}"},"query-input":{"@type":"PropertyValueSpecification","valueRequired":true,"valueName":"search_term_string"}}],"inLanguage":"fr-FR"},{"@type":"Person","@id":"https:\/\/menschen.proalps.ch\/#\/schema\/person\/4e48dd4c36fb357e5fd16fd02f3b0383","name":"alpenadmin","image":{"@type":"ImageObject","inLanguage":"fr-FR","@id":"https:\/\/menschen.proalps.ch\/#\/schema\/person\/image\/","url":"https:\/\/secure.gravatar.com\/avatar\/bc6d4d14227937daef51b8753b883ba033ea5c936fb2c4d7c17f5c8c41b5a450?s=96&d=mm&r=g","contentUrl":"https:\/\/secure.gravatar.com\/avatar\/bc6d4d14227937daef51b8753b883ba033ea5c936fb2c4d7c17f5c8c41b5a450?s=96&d=mm&r=g","caption":"alpenadmin"},"url":"https:\/\/menschen.proalps.ch\/fr\/author\/alpenadmin\/"}]}},"_links":{"self":[{"href":"https:\/\/menschen.proalps.ch\/fr\/wp-json\/wp\/v2\/posts\/1669","targetHints":{"allow":["GET"]}}],"collection":[{"href":"https:\/\/menschen.proalps.ch\/fr\/wp-json\/wp\/v2\/posts"}],"about":[{"href":"https:\/\/menschen.proalps.ch\/fr\/wp-json\/wp\/v2\/types\/post"}],"author":[{"embeddable":true,"href":"https:\/\/menschen.proalps.ch\/fr\/wp-json\/wp\/v2\/users\/1"}],"replies":[{"embeddable":true,"href":"https:\/\/menschen.proalps.ch\/fr\/wp-json\/wp\/v2\/comments?post=1669"}],"version-history":[{"count":3,"href":"https:\/\/menschen.proalps.ch\/fr\/wp-json\/wp\/v2\/posts\/1669\/revisions"}],"predecessor-version":[{"id":1889,"href":"https:\/\/menschen.proalps.ch\/fr\/wp-json\/wp\/v2\/posts\/1669\/revisions\/1889"}],"wp:featuredmedia":[{"embeddable":true,"href":"https:\/\/menschen.proalps.ch\/fr\/wp-json\/wp\/v2\/media\/1619"}],"wp:attachment":[{"href":"https:\/\/menschen.proalps.ch\/fr\/wp-json\/wp\/v2\/media?parent=1669"}],"wp:term":[{"taxonomy":"category","embeddable":true,"href":"https:\/\/menschen.proalps.ch\/fr\/wp-json\/wp\/v2\/categories?post=1669"},{"taxonomy":"post_tag","embeddable":true,"href":"https:\/\/menschen.proalps.ch\/fr\/wp-json\/wp\/v2\/tags?post=1669"}],"curies":[{"name":"wp","href":"https:\/\/api.w.org\/{rel}","templated":true}]}}