{"id":1671,"date":"2019-01-03T12:53:14","date_gmt":"2019-01-03T12:53:14","guid":{"rendered":"https:\/\/menschen.alpeninitiative.ch\/emanuel-ammon\/"},"modified":"2019-02-18T12:57:21","modified_gmt":"2019-02-18T12:57:21","slug":"emanuel-ammon","status":"publish","type":"post","link":"https:\/\/menschen.proalps.ch\/fr\/emanuel-ammon\/","title":{"rendered":"Emanuel Ammon"},"content":{"rendered":"\n\n[aesop_quote type=\u00a0\u00bbblock\u00a0\u00bb background=\u00a0\u00bb#0080c0&Prime; text=\u00a0\u00bb#ffffff\u00a0\u00bb align=\u00a0\u00bbleft\u00a0\u00bb size=\u00a0\u00bb7&Prime; quote=\u00a0\u00bbEmmanuel Ammon est n\u00e9 en 1950. Apr\u00e8s un an \u00e0 l&rsquo;\u00e9cole des arts et m\u00e9tiers, il fait un apprentissage de photographe chez Hans Eggermann, qui lui avait \u00e9t\u00e9 apprenti chez le p\u00e8re d&rsquo;Emanuel Ammon. Il a travaill\u00e9 comme photographe de presse, puis a fond\u00e9 sa propre agence photographique AURA. Il a \u00e9galement publi\u00e9 de nombreux livres avec ses photographies. Emmanuel Ammon vit au pied du Pilate \u00e0 Kriens.\u00a0\u00bb revealfx=\u00a0\u00bboff\u00a0\u00bb]\n<p>\u00ab C&rsquo;est ici, sur ce sentier qui m\u00e8ne \u00e0 l&rsquo;Oberhaupt que j&rsquo;ai photographi\u00e9 l&rsquo;\u00e9tagne. Le temps \u00e9tait splendide comme aujourd&rsquo;hui. A cette \u00e9poque, j&rsquo;\u00e9tais sur le Mont Pilate en reportage pour un magazine. Ce matin-l\u00e0, j&rsquo;\u00e9tais mont\u00e9 tr\u00e8s t\u00f4t sur la montagne avec les employ\u00e9s. J&rsquo;ai rarement escalad\u00e9 le Pilate \u00e0 pied, ce n\u2019est pas mon truc.<\/p>\n<p>Je n&rsquo;avais ni guett\u00e9 ni attendu l&rsquo;\u00e9tagne, je ne suis pas sp\u00e9cialis\u00e9 dans la photographie animali\u00e8re. Je suis trop impatient pour ce genre de choses. Je n\u2019arrive pas \u00e0 rester cach\u00e9 dans une tente quelque part et attendre le bon moment. N&#8217;emp\u00eache que, j&rsquo;ai quand m\u00eame fait de belles prises animali\u00e8res en Afrique, celles d&rsquo;un l\u00e9opard par exemple. Je me suis approch\u00e9 tr\u00e8s pr\u00e8s, il se cachait toujours dans les buissons, il jouait avec moi. Le guide m&rsquo;a racont\u00e9 plus tard que le m\u00eame animal avait attaqu\u00e9 quelques semaines auparavant, un homme qui avait d\u00fb \u00eatre recousu avec 120 points de suture. J&rsquo;avais \u00e9t\u00e9 l\u00e0 tr\u00e8s na\u00eff.<\/p>\n<p>L&rsquo;\u00e9tagne du Mont Pilate avait l&rsquo;air de bien s&rsquo;amuser, \u00e7a m&rsquo;a donn\u00e9 envie de la photographier et elle m&rsquo;en a laiss\u00e9 le temps. Je lui ai parl\u00e9, et je me suis approch\u00e9 \u00e0 pr\u00e8s d&rsquo;un m\u00e8tre d&rsquo;elle. J&rsquo;ai photographi\u00e9 avec un grand angle de 35 mm. Le bleu du ciel \u00e9tait aussi bleu et clair que sur la photo, je n&rsquo;ai rien retouch\u00e9 du tout, pas de Photoshop, rien. L&rsquo;image avait aussi beaucoup de ciel en haut, j&rsquo;avais d\u00e9lib\u00e9r\u00e9ment choisi cette prise de vue, pensant qu&rsquo;elle pourrait \u00eatre graphiquement int\u00e9ressante.<\/p>\n<p>A l&rsquo;\u00e9poque il n&rsquo;y avait pas d&rsquo;appareils num\u00e9riques, j&rsquo;avais une pellicule. Je ne sais plus combien de prises j&rsquo;ai faites, un bon nombre c&rsquo;est s\u00fbr, mais je n&rsquo;en ai conserv\u00e9 que quatre. Je les ai toutes rassembl\u00e9es dans un classeur, les bouquetins et les \u00e9tagnes n&rsquo;\u00e9tant pas le th\u00e8me du reportage. A l&rsquo;\u00e9poque je ne savais pas non plus faire la diff\u00e9rence entre un bouquetin ou un chamois. L&rsquo;\u00e9tagne ? Oui, c&rsquo;\u00e9tait une pure co\u00efncidence. Pr\u00e8s d&rsquo;elle, broutaient quatre autres animaux dont un bouquetin. Alors que je m&rsquo;approchais de lui, il m&rsquo;a menac\u00e9, il ne voulait pas \u00eatre photographi\u00e9.<\/p>\n<p>L&rsquo;Initiative des Alpes a vu mon \u00e9tagne dans un magazine et m&rsquo;a demand\u00e9 si elle pouvait avoir l&rsquo;animal. J&rsquo;\u00e9tais heureux de vendre la photo, mais quand je vois aujourd&rsquo;hui que l&rsquo;Initiative des Alpes l\u2019utilise comme embl\u00e8me de la protection alpine depuis plus de 25 ans, j&rsquo;aurais probablement pu en demander beaucoup plus. Mais cela m&rsquo;est \u00e9gal. Aucune autre photo n&rsquo;a jamais \u00e9t\u00e9 utilis\u00e9e si longtemps, l&rsquo;\u00e9tagne est intemporelle.<\/p>\n<p>Apr\u00e8s tout, je photographie depuis 50 ans, en Suisse centrale et dans le monde entier. Je suis souvent \u00e9tonn\u00e9 de voir \u00e0 quel point les photos \u00e9taient bonnes \u00e0 l&rsquo;\u00e9poque. Peut-\u00eatre \u00e9tais-je plus courageux et meilleur, quoi que. Mais peut-\u00eatre \u00e9tait-ce justement parce que je faisais moins de tirage. L&rsquo;environnement et le paysage m&rsquo;ont occup\u00e9 des ann\u00e9es, j&rsquo;ai beaucoup photographi\u00e9 pour l&rsquo;Office f\u00e9d\u00e9ral de l&rsquo;environnement par exemple &#8211; for\u00eats, eaux, glaciers, paysages prot\u00e9g\u00e9s, etc. J&rsquo;ai \u00e9galement constitu\u00e9 une base de donn\u00e9es qui fonctionne encore aujourd&rsquo;hui, m\u00eame si j&rsquo;entends souvent dire que ce syst\u00e8me est d\u00e9suet. Cela aussi m&rsquo;est \u00e9gal. Apr\u00e8s de nombreuses ann\u00e9es de travail, ils m&rsquo;ont alors licenci\u00e9.<\/p>\n<p>Auparavant, j&rsquo;\u00e9crivais aussi pour le Luzerner Tagblatt, je ne faisais pas uniquement de la photo. Mais ensuite, la r\u00e9daction d&rsquo;un article trop critique sur une conf\u00e9rence sur la guerre froide m\u2019a valu une interdiction d\u2019\u00e9crire. J&rsquo;\u00e9tais content, ainsi je pouvais, et devais, uniquement photographier. Je me suis rendu tr\u00e8s souvent sur le Mont Pilate comme photographe de presse \u00e0 cause des touristes. Il y avait fr\u00e9quemment des \u00e9v\u00e8nements avec des cors des Alpes ou d\u2019autres manifestations du m\u00eame genre qui devaient \u00eatre rapport\u00e9es dans le journal. Pour l&rsquo;Initiative des Alpes, apr\u00e8s l&rsquo;\u00e9tagne j&rsquo;ai eu l&rsquo;occasion de faire quelques photos avec mon drone \u00e9galement. En tant que photographe, j&rsquo;ai appris au fil des ans qu&rsquo;on ne peut r\u00e9ussir que si l\u2019on a un concept et que l&rsquo;on reste fid\u00e8le \u00e0 un style. \u00bb<\/p>\n\n[aesop_collection collection=\u00a0\u00bbnull\u00a0\u00bb limit=\u00a0\u00bb16&Prime; columns=\u00a0\u00bb2&Prime; splash=\u00a0\u00bboff\u00a0\u00bb order=\u00a0\u00bbdefault\u00a0\u00bb loadmore=\u00a0\u00bboff\u00a0\u00bb showexcerpt=\u00a0\u00bbon\u00a0\u00bb revealfx=\u00a0\u00bboff\u00a0\u00bb]\n","protected":false},"excerpt":{"rendered":"<p>[aesop_quote type=\u00a0\u00bbblock\u00a0\u00bb background=\u00a0\u00bb#0080c0&Prime; text=\u00a0\u00bb#ffffff\u00a0\u00bb align=\u00a0\u00bbleft\u00a0\u00bb size=\u00a0\u00bb7&Prime; quote=\u00a0\u00bbEmmanuel Ammon est n\u00e9 en 1950. Apr\u00e8s un an \u00e0 l&rsquo;\u00e9cole des arts et m\u00e9tiers, il fait un apprentissage de photographe chez Hans Eggermann, qui lui avait \u00e9t\u00e9 apprenti chez le p\u00e8re d&rsquo;Emanuel Ammon. Il a travaill\u00e9 comme photographe de presse, puis a fond\u00e9 sa propre agence photographique AURA. [&hellip;]<\/p>\n","protected":false},"author":1,"featured_media":1607,"comment_status":"closed","ping_status":"closed","sticky":false,"template":"","format":"standard","meta":{"inline_featured_image":false,"footnotes":""},"categories":[57],"tags":[],"class_list":["post-1671","post","type-post","status-publish","format-standard","has-post-thumbnail","hentry","category-personnages"],"yoast_head":"<!-- This site is optimized with the Yoast SEO plugin v27.1.1 - https:\/\/yoast.com\/product\/yoast-seo-wordpress\/ -->\n<title>Emanuel Ammon - Des gens, des lieux, des propos frappants<\/title>\n<meta name=\"robots\" content=\"index, follow, max-snippet:-1, max-image-preview:large, max-video-preview:-1\" \/>\n<link rel=\"canonical\" href=\"https:\/\/menschen.proalps.ch\/fr\/emanuel-ammon\/\" \/>\n<meta property=\"og:locale\" content=\"fr_FR\" \/>\n<meta property=\"og:type\" content=\"article\" \/>\n<meta property=\"og:title\" content=\"Emanuel Ammon - Des gens, des lieux, des propos frappants\" \/>\n<meta property=\"og:description\" content=\"[aesop_quote type=\u00a0\u00bbblock\u00a0\u00bb background=\u00a0\u00bb#0080c0&Prime; text=\u00a0\u00bb#ffffff\u00a0\u00bb align=\u00a0\u00bbleft\u00a0\u00bb size=\u00a0\u00bb7&Prime; quote=\u00a0\u00bbEmmanuel Ammon est n\u00e9 en 1950. Apr\u00e8s un an \u00e0 l&rsquo;\u00e9cole des arts et m\u00e9tiers, il fait un apprentissage de photographe chez Hans Eggermann, qui lui avait \u00e9t\u00e9 apprenti chez le p\u00e8re d&rsquo;Emanuel Ammon. Il a travaill\u00e9 comme photographe de presse, puis a fond\u00e9 sa propre agence photographique AURA. [&hellip;]\" \/>\n<meta property=\"og:url\" content=\"https:\/\/menschen.proalps.ch\/fr\/emanuel-ammon\/\" \/>\n<meta property=\"og:site_name\" content=\"Vivre en cabine\" \/>\n<meta property=\"article:published_time\" content=\"2019-01-03T12:53:14+00:00\" \/>\n<meta property=\"article:modified_time\" content=\"2019-02-18T12:57:21+00:00\" \/>\n<meta property=\"og:image\" content=\"https:\/\/menschen.proalps.ch\/wp-content\/uploads\/2019\/02\/Emmanuel-Ammon.jpg\" \/>\n\t<meta property=\"og:image:width\" content=\"2000\" \/>\n\t<meta property=\"og:image:height\" content=\"1331\" \/>\n\t<meta property=\"og:image:type\" content=\"image\/jpeg\" \/>\n<meta name=\"author\" content=\"alpenadmin\" \/>\n<meta name=\"twitter:card\" content=\"summary_large_image\" \/>\n<meta name=\"twitter:label1\" content=\"\u00c9crit par\" \/>\n\t<meta name=\"twitter:data1\" content=\"alpenadmin\" \/>\n\t<meta name=\"twitter:label2\" content=\"Dur\u00e9e de lecture estim\u00e9e\" \/>\n\t<meta name=\"twitter:data2\" content=\"4 minutes\" \/>\n<script type=\"application\/ld+json\" class=\"yoast-schema-graph\">{\"@context\":\"https:\/\/schema.org\",\"@graph\":[{\"@type\":\"Article\",\"@id\":\"https:\/\/menschen.proalps.ch\/fr\/emanuel-ammon\/#article\",\"isPartOf\":{\"@id\":\"https:\/\/menschen.proalps.ch\/fr\/emanuel-ammon\/\"},\"author\":{\"name\":\"alpenadmin\",\"@id\":\"https:\/\/menschen.proalps.ch\/#\/schema\/person\/4e48dd4c36fb357e5fd16fd02f3b0383\"},\"headline\":\"Emanuel Ammon\",\"datePublished\":\"2019-01-03T12:53:14+00:00\",\"dateModified\":\"2019-02-18T12:57:21+00:00\",\"mainEntityOfPage\":{\"@id\":\"https:\/\/menschen.proalps.ch\/fr\/emanuel-ammon\/\"},\"wordCount\":886,\"image\":{\"@id\":\"https:\/\/menschen.proalps.ch\/fr\/emanuel-ammon\/#primaryimage\"},\"thumbnailUrl\":\"https:\/\/menschen.proalps.ch\/wp-content\/uploads\/2019\/02\/Emmanuel-Ammon.jpg\",\"articleSection\":[\"Personnages\"],\"inLanguage\":\"fr-FR\"},{\"@type\":\"WebPage\",\"@id\":\"https:\/\/menschen.proalps.ch\/fr\/emanuel-ammon\/\",\"url\":\"https:\/\/menschen.proalps.ch\/fr\/emanuel-ammon\/\",\"name\":\"Emanuel Ammon - Des gens, des lieux, des propos frappants\",\"isPartOf\":{\"@id\":\"https:\/\/menschen.proalps.ch\/#website\"},\"primaryImageOfPage\":{\"@id\":\"https:\/\/menschen.proalps.ch\/fr\/emanuel-ammon\/#primaryimage\"},\"image\":{\"@id\":\"https:\/\/menschen.proalps.ch\/fr\/emanuel-ammon\/#primaryimage\"},\"thumbnailUrl\":\"https:\/\/menschen.proalps.ch\/wp-content\/uploads\/2019\/02\/Emmanuel-Ammon.jpg\",\"datePublished\":\"2019-01-03T12:53:14+00:00\",\"dateModified\":\"2019-02-18T12:57:21+00:00\",\"author\":{\"@id\":\"https:\/\/menschen.proalps.ch\/#\/schema\/person\/4e48dd4c36fb357e5fd16fd02f3b0383\"},\"breadcrumb\":{\"@id\":\"https:\/\/menschen.proalps.ch\/fr\/emanuel-ammon\/#breadcrumb\"},\"inLanguage\":\"fr-FR\",\"potentialAction\":[{\"@type\":\"ReadAction\",\"target\":[\"https:\/\/menschen.proalps.ch\/fr\/emanuel-ammon\/\"]}]},{\"@type\":\"ImageObject\",\"inLanguage\":\"fr-FR\",\"@id\":\"https:\/\/menschen.proalps.ch\/fr\/emanuel-ammon\/#primaryimage\",\"url\":\"https:\/\/menschen.proalps.ch\/wp-content\/uploads\/2019\/02\/Emmanuel-Ammon.jpg\",\"contentUrl\":\"https:\/\/menschen.proalps.ch\/wp-content\/uploads\/2019\/02\/Emmanuel-Ammon.jpg\",\"width\":2000,\"height\":1331},{\"@type\":\"BreadcrumbList\",\"@id\":\"https:\/\/menschen.proalps.ch\/fr\/emanuel-ammon\/#breadcrumb\",\"itemListElement\":[{\"@type\":\"ListItem\",\"position\":1,\"name\":\"Startseite\",\"item\":\"https:\/\/menschen.proalps.ch\/fr\/\"},{\"@type\":\"ListItem\",\"position\":2,\"name\":\"Emanuel Ammon\"}]},{\"@type\":\"WebSite\",\"@id\":\"https:\/\/menschen.proalps.ch\/#website\",\"url\":\"https:\/\/menschen.proalps.ch\/\",\"name\":\"Vivre en cabine\",\"description\":\"De Fabian Biasio (vid\u00e9os et photos) et Susan Boos (textes) \",\"potentialAction\":[{\"@type\":\"SearchAction\",\"target\":{\"@type\":\"EntryPoint\",\"urlTemplate\":\"https:\/\/menschen.proalps.ch\/?s={search_term_string}\"},\"query-input\":{\"@type\":\"PropertyValueSpecification\",\"valueRequired\":true,\"valueName\":\"search_term_string\"}}],\"inLanguage\":\"fr-FR\"},{\"@type\":\"Person\",\"@id\":\"https:\/\/menschen.proalps.ch\/#\/schema\/person\/4e48dd4c36fb357e5fd16fd02f3b0383\",\"name\":\"alpenadmin\",\"image\":{\"@type\":\"ImageObject\",\"inLanguage\":\"fr-FR\",\"@id\":\"https:\/\/menschen.proalps.ch\/#\/schema\/person\/image\/\",\"url\":\"https:\/\/secure.gravatar.com\/avatar\/bc6d4d14227937daef51b8753b883ba033ea5c936fb2c4d7c17f5c8c41b5a450?s=96&d=mm&r=g\",\"contentUrl\":\"https:\/\/secure.gravatar.com\/avatar\/bc6d4d14227937daef51b8753b883ba033ea5c936fb2c4d7c17f5c8c41b5a450?s=96&d=mm&r=g\",\"caption\":\"alpenadmin\"},\"url\":\"https:\/\/menschen.proalps.ch\/fr\/author\/alpenadmin\/\"}]}<\/script>\n<!-- \/ Yoast SEO plugin. -->","yoast_head_json":{"title":"Emanuel Ammon - Des gens, des lieux, des propos frappants","robots":{"index":"index","follow":"follow","max-snippet":"max-snippet:-1","max-image-preview":"max-image-preview:large","max-video-preview":"max-video-preview:-1"},"canonical":"https:\/\/menschen.proalps.ch\/fr\/emanuel-ammon\/","og_locale":"fr_FR","og_type":"article","og_title":"Emanuel Ammon - Des gens, des lieux, des propos frappants","og_description":"[aesop_quote type=\u00a0\u00bbblock\u00a0\u00bb background=\u00a0\u00bb#0080c0&Prime; text=\u00a0\u00bb#ffffff\u00a0\u00bb align=\u00a0\u00bbleft\u00a0\u00bb size=\u00a0\u00bb7&Prime; quote=\u00a0\u00bbEmmanuel Ammon est n\u00e9 en 1950. Apr\u00e8s un an \u00e0 l&rsquo;\u00e9cole des arts et m\u00e9tiers, il fait un apprentissage de photographe chez Hans Eggermann, qui lui avait \u00e9t\u00e9 apprenti chez le p\u00e8re d&rsquo;Emanuel Ammon. Il a travaill\u00e9 comme photographe de presse, puis a fond\u00e9 sa propre agence photographique AURA. [&hellip;]","og_url":"https:\/\/menschen.proalps.ch\/fr\/emanuel-ammon\/","og_site_name":"Vivre en cabine","article_published_time":"2019-01-03T12:53:14+00:00","article_modified_time":"2019-02-18T12:57:21+00:00","og_image":[{"width":2000,"height":1331,"url":"https:\/\/menschen.proalps.ch\/wp-content\/uploads\/2019\/02\/Emmanuel-Ammon.jpg","type":"image\/jpeg"}],"author":"alpenadmin","twitter_card":"summary_large_image","twitter_misc":{"\u00c9crit par":"alpenadmin","Dur\u00e9e de lecture estim\u00e9e":"4 minutes"},"schema":{"@context":"https:\/\/schema.org","@graph":[{"@type":"Article","@id":"https:\/\/menschen.proalps.ch\/fr\/emanuel-ammon\/#article","isPartOf":{"@id":"https:\/\/menschen.proalps.ch\/fr\/emanuel-ammon\/"},"author":{"name":"alpenadmin","@id":"https:\/\/menschen.proalps.ch\/#\/schema\/person\/4e48dd4c36fb357e5fd16fd02f3b0383"},"headline":"Emanuel Ammon","datePublished":"2019-01-03T12:53:14+00:00","dateModified":"2019-02-18T12:57:21+00:00","mainEntityOfPage":{"@id":"https:\/\/menschen.proalps.ch\/fr\/emanuel-ammon\/"},"wordCount":886,"image":{"@id":"https:\/\/menschen.proalps.ch\/fr\/emanuel-ammon\/#primaryimage"},"thumbnailUrl":"https:\/\/menschen.proalps.ch\/wp-content\/uploads\/2019\/02\/Emmanuel-Ammon.jpg","articleSection":["Personnages"],"inLanguage":"fr-FR"},{"@type":"WebPage","@id":"https:\/\/menschen.proalps.ch\/fr\/emanuel-ammon\/","url":"https:\/\/menschen.proalps.ch\/fr\/emanuel-ammon\/","name":"Emanuel Ammon - Des gens, des lieux, des propos frappants","isPartOf":{"@id":"https:\/\/menschen.proalps.ch\/#website"},"primaryImageOfPage":{"@id":"https:\/\/menschen.proalps.ch\/fr\/emanuel-ammon\/#primaryimage"},"image":{"@id":"https:\/\/menschen.proalps.ch\/fr\/emanuel-ammon\/#primaryimage"},"thumbnailUrl":"https:\/\/menschen.proalps.ch\/wp-content\/uploads\/2019\/02\/Emmanuel-Ammon.jpg","datePublished":"2019-01-03T12:53:14+00:00","dateModified":"2019-02-18T12:57:21+00:00","author":{"@id":"https:\/\/menschen.proalps.ch\/#\/schema\/person\/4e48dd4c36fb357e5fd16fd02f3b0383"},"breadcrumb":{"@id":"https:\/\/menschen.proalps.ch\/fr\/emanuel-ammon\/#breadcrumb"},"inLanguage":"fr-FR","potentialAction":[{"@type":"ReadAction","target":["https:\/\/menschen.proalps.ch\/fr\/emanuel-ammon\/"]}]},{"@type":"ImageObject","inLanguage":"fr-FR","@id":"https:\/\/menschen.proalps.ch\/fr\/emanuel-ammon\/#primaryimage","url":"https:\/\/menschen.proalps.ch\/wp-content\/uploads\/2019\/02\/Emmanuel-Ammon.jpg","contentUrl":"https:\/\/menschen.proalps.ch\/wp-content\/uploads\/2019\/02\/Emmanuel-Ammon.jpg","width":2000,"height":1331},{"@type":"BreadcrumbList","@id":"https:\/\/menschen.proalps.ch\/fr\/emanuel-ammon\/#breadcrumb","itemListElement":[{"@type":"ListItem","position":1,"name":"Startseite","item":"https:\/\/menschen.proalps.ch\/fr\/"},{"@type":"ListItem","position":2,"name":"Emanuel Ammon"}]},{"@type":"WebSite","@id":"https:\/\/menschen.proalps.ch\/#website","url":"https:\/\/menschen.proalps.ch\/","name":"Vivre en cabine","description":"De Fabian Biasio (vid\u00e9os et photos) et Susan Boos (textes) ","potentialAction":[{"@type":"SearchAction","target":{"@type":"EntryPoint","urlTemplate":"https:\/\/menschen.proalps.ch\/?s={search_term_string}"},"query-input":{"@type":"PropertyValueSpecification","valueRequired":true,"valueName":"search_term_string"}}],"inLanguage":"fr-FR"},{"@type":"Person","@id":"https:\/\/menschen.proalps.ch\/#\/schema\/person\/4e48dd4c36fb357e5fd16fd02f3b0383","name":"alpenadmin","image":{"@type":"ImageObject","inLanguage":"fr-FR","@id":"https:\/\/menschen.proalps.ch\/#\/schema\/person\/image\/","url":"https:\/\/secure.gravatar.com\/avatar\/bc6d4d14227937daef51b8753b883ba033ea5c936fb2c4d7c17f5c8c41b5a450?s=96&d=mm&r=g","contentUrl":"https:\/\/secure.gravatar.com\/avatar\/bc6d4d14227937daef51b8753b883ba033ea5c936fb2c4d7c17f5c8c41b5a450?s=96&d=mm&r=g","caption":"alpenadmin"},"url":"https:\/\/menschen.proalps.ch\/fr\/author\/alpenadmin\/"}]}},"_links":{"self":[{"href":"https:\/\/menschen.proalps.ch\/fr\/wp-json\/wp\/v2\/posts\/1671","targetHints":{"allow":["GET"]}}],"collection":[{"href":"https:\/\/menschen.proalps.ch\/fr\/wp-json\/wp\/v2\/posts"}],"about":[{"href":"https:\/\/menschen.proalps.ch\/fr\/wp-json\/wp\/v2\/types\/post"}],"author":[{"embeddable":true,"href":"https:\/\/menschen.proalps.ch\/fr\/wp-json\/wp\/v2\/users\/1"}],"replies":[{"embeddable":true,"href":"https:\/\/menschen.proalps.ch\/fr\/wp-json\/wp\/v2\/comments?post=1671"}],"version-history":[{"count":4,"href":"https:\/\/menschen.proalps.ch\/fr\/wp-json\/wp\/v2\/posts\/1671\/revisions"}],"predecessor-version":[{"id":1888,"href":"https:\/\/menschen.proalps.ch\/fr\/wp-json\/wp\/v2\/posts\/1671\/revisions\/1888"}],"wp:featuredmedia":[{"embeddable":true,"href":"https:\/\/menschen.proalps.ch\/fr\/wp-json\/wp\/v2\/media\/1607"}],"wp:attachment":[{"href":"https:\/\/menschen.proalps.ch\/fr\/wp-json\/wp\/v2\/media?parent=1671"}],"wp:term":[{"taxonomy":"category","embeddable":true,"href":"https:\/\/menschen.proalps.ch\/fr\/wp-json\/wp\/v2\/categories?post=1671"},{"taxonomy":"post_tag","embeddable":true,"href":"https:\/\/menschen.proalps.ch\/fr\/wp-json\/wp\/v2\/tags?post=1671"}],"curies":[{"name":"wp","href":"https:\/\/api.w.org\/{rel}","templated":true}]}}