{"id":1676,"date":"2019-01-04T12:54:53","date_gmt":"2019-01-04T12:54:53","guid":{"rendered":"https:\/\/menschen.alpeninitiative.ch\/burri-perret-gentil\/"},"modified":"2019-02-18T12:56:54","modified_gmt":"2019-02-18T12:56:54","slug":"burri-perret-gentil","status":"publish","type":"post","link":"https:\/\/menschen.proalps.ch\/fr\/burri-perret-gentil\/","title":{"rendered":"Marl\u00e8ne Burri Perret-Gentil und Willy Perret-Gentil"},"content":{"rendered":"\n\n[aesop_quote type=\u00a0\u00bbblock\u00a0\u00bb background=\u00a0\u00bb#0080c0&Prime; text=\u00a0\u00bb#ffffff\u00a0\u00bb align=\u00a0\u00bbleft\u00a0\u00bb size=\u00a0\u00bb7&Prime; quote=\u00a0\u00bbMarl\u00e8ne Burri Perret-Gentil, n\u00e9e en 1939, et Willy Perret-Gentil, n\u00e9 en 1927 vivent \u00e0 Hauterive pr\u00e8s de Neuch\u00e2tel. Marl\u00e8ne \u00e9tait enseignante au niveau secondaire et Willy \u00e9tait \u00e9lectricien et avait son propre magasin d\u2019\u00e9quipement \u00e9lectrique \u00e0 Neuch\u00e2tel. Retrait\u00e9s aujourd\u2019hui, il sont tous deux encore actifs au Conseil des Alpes de l\u2019Initiative des Alpes.\u00a0\u00bb revealfx=\u00a0\u00bboff\u00a0\u00bb]\n<p>\u00ab Nous avons particip\u00e9 \u00e0 l\u2019Initiative des Alpes d\u00e8s le d\u00e9but. Dans la vieille ville de Neuch\u00e2tel, nous avons r\u00e9colt\u00e9 des signatures pour l\u2019initiative populaire. Les gens n\u2019aimaient pas particuli\u00e8rement notre position, c\u2019est pourquoi tout n\u2019allait pas si simplement. Mais nous avons cuit de la soupe dans un grand chaudron et un cousin \u00e9loign\u00e9 jouait du cor des Alpes, tout cela nous a facilit\u00e9 la r\u00e9colte.<\/p>\n<p>Nous sommes ensemble depuis 1974, n\u00e9anmoins, nous ne nous sommes mari\u00e9s qu\u2019en 1998. Nous avons pris donc notre temps et maintenant nous vivons toujours ensemble sous le m\u00eame toit. Un d\u00e9tail amusant : nous avons notre anniversaire le m\u00eame jour, soit le 17 ao\u00fbt. De notre terrasse, nous avons un merveilleux coup d\u2019\u0153il sur les Alpes, du S\u00e4ntis au Mont Blanc. A nos yeux, les Alpes sont presque sacr\u00e9es. C\u2019est pourquoi nous engageons depuis des ann\u00e9es. A vrai dire, tout ce qui se passe dans la nature nous int\u00e9resse. Il en a toujours \u00e9t\u00e9 ainsi par le pass\u00e9 et cette passion dure toujours. C\u2019est pourquoi, nous sommes membres de maintes organisations qui s\u2019occupent de protection de l\u2019environnement.<\/p>\n<p>Lors de la crise du p\u00e9trole dans les ann\u00e9es 1970, nous avons lutt\u00e9 pour les dimanches sans voitures. Un autre probl\u00e8me adjacent existait alors : celui de la r\u00e9colte du vieil aluminium. C\u2019est pourquoi nous avons organis\u00e9 la premi\u00e8re r\u00e9colte d\u2019aluminium usag\u00e9 \u00e0 la ville de Neuch\u00e2tel. Ensuite, moi Marl\u00e8ne, j\u2019ai introduit \u00e0 l\u2019\u00e9cole secondaire officielle, des cours \u00e0 option traitant de th\u00e8mes \u00e9cologiques. Cela n\u2019\u00e9tait ni courant ni n\u2019allait de soi. J\u2019avais \u00e0 cette occasion de grandes libert\u00e9s et l\u2019enseignement menait souvent \u00e0 des conflits dans les familles. Aujourd\u2019hui encore, il m\u2019arrive d\u2019\u00eatre abord\u00e9e par des gens aupr\u00e8s desquels nos id\u00e9es \u00e9taient bien accept\u00e9es. Nous avons encore beaucoup de contacts avec des personnes qui s\u2019occupaient d\u00e9j\u00e0 d\u2019\u00e9cologie \u00e0 cette \u00e9poque. Ainsi, nous avons appris \u00e0 Neuch\u00e2tel que des gens dans les montagnes se d\u00e9fendaient contre la folie avec les camions. Pour nous, il a imm\u00e9diatement \u00e9t\u00e9 \u00e9vident que nous voulions nous engager.<\/p>\n<p>A cette \u00e9poque, nous avons eu avant tout des contacts avec Andreas Weissen et Rita Huwiler. Jusqu\u2019\u00e0 ce jour, nous n\u2019avons jamais eu le moindre doute quant aux buts de l\u2019Initiative des Alpes. C\u2019est pour cette raison que nous nous sommes d\u2019autant plus f\u00e2ch\u00e9s contre Doris Leuthard quand celle-ci a pouss\u00e9 au percement du 2e tube au Gothard. Nous \u00e9tions depuis longtemps d\u00e9j\u00e0 au comit\u00e9 de l\u2019Initiative des Alpes. Il y avait l\u00e0 toujours des gens sympathiques avec beaucoup d\u2019\u00e9nergie et de bonnes id\u00e9es. Les s\u00e9ances nous ont toujours fait plaisir. Nous gardons en outre de tr\u00e8s bons souvenirs des excursions avec l\u2019Initiative des Alpes et aussi de l\u2019assembl\u00e9e des membres \u00e0 Neuch\u00e2tel, il y a quelques ann\u00e9es.<\/p>\n<p>Nous avons aussi particip\u00e9 directement \u00e0 quelques actions politiques. Nous \u00e9tions par exemple \u00e0 Gland, dans le canton de Vaud et nous avons protest\u00e9 contre les importations d\u2019eau min\u00e9rale de Nestl\u00e9. Nous leur avons remis la \u00ab Pierre du diable \u00bb rouge, ce qui ne leur a pas fait plaisir. Et Willy a vol\u00e9 avec la montgolfi\u00e8re de l\u2019Initiative des Alpes. Comme le temps passe, nous avons d\u00e9j\u00e0 oubli\u00e9 bien des choses. Mais quand nous voyons ou lisons quelque chose \u00e0 propos des nombreux camions et tout ce qui est achemin\u00e9 \u00e0 travers l\u2019Europe, alors nous ne d\u00e9tournons pas les yeux. Lors des contr\u00f4les des camions \u00e0 Uri, nous avons vu de nous-m\u00eames \u00e0 quel point l\u2019\u00e9tat des camions qui traversent les Alpes peut \u00eatre mauvais. \u00c7a nous a terriblement impressionn\u00e9s, un v\u00e9ritable scandale.<\/p>\n<p>Cela nous f\u00e2che d\u2019ailleurs de voir comment on se moque de la nature, pas seulement dans les Alpes. A Neuch\u00e2tel, par exemple, ils ont coup\u00e9 les arbres \u00e0 la gare de mani\u00e8re tout \u00e0 fait scandaleuse, c\u2019est insupportable. Nous devrons donc aussi lutter les prochaines ann\u00e9es. Et nous continuerons aussi \u00e0 soutenir les organisations qui s\u2019engagent en faveur de l\u2019environnement. \u00bb<\/p>\n\n[aesop_collection collection=\u00a0\u00bbnull\u00a0\u00bb limit=\u00a0\u00bb16&Prime; columns=\u00a0\u00bb2&Prime; splash=\u00a0\u00bboff\u00a0\u00bb order=\u00a0\u00bbdefault\u00a0\u00bb loadmore=\u00a0\u00bboff\u00a0\u00bb showexcerpt=\u00a0\u00bbon\u00a0\u00bb revealfx=\u00a0\u00bboff\u00a0\u00bb]\n","protected":false},"excerpt":{"rendered":"<p>[aesop_quote type=\u00a0\u00bbblock\u00a0\u00bb background=\u00a0\u00bb#0080c0&Prime; text=\u00a0\u00bb#ffffff\u00a0\u00bb align=\u00a0\u00bbleft\u00a0\u00bb size=\u00a0\u00bb7&Prime; quote=\u00a0\u00bbMarl\u00e8ne Burri Perret-Gentil, n\u00e9e en 1939, et Willy Perret-Gentil, n\u00e9 en 1927 vivent \u00e0 Hauterive pr\u00e8s de Neuch\u00e2tel. Marl\u00e8ne \u00e9tait enseignante au niveau secondaire et Willy \u00e9tait \u00e9lectricien et avait son propre magasin d\u2019\u00e9quipement \u00e9lectrique \u00e0 Neuch\u00e2tel. Retrait\u00e9s aujourd\u2019hui, il sont tous deux encore actifs au Conseil des Alpes [&hellip;]<\/p>\n","protected":false},"author":1,"featured_media":1625,"comment_status":"closed","ping_status":"closed","sticky":false,"template":"","format":"standard","meta":{"inline_featured_image":false,"footnotes":""},"categories":[57],"tags":[],"class_list":["post-1676","post","type-post","status-publish","format-standard","has-post-thumbnail","hentry","category-personnages"],"yoast_head":"<!-- This site is optimized with the Yoast SEO plugin v27.1.1 - https:\/\/yoast.com\/product\/yoast-seo-wordpress\/ -->\n<title>Marl\u00e8ne Burri Perret-Gentil und Willy Perret-Gentil - Des gens, des lieux, des propos frappants<\/title>\n<meta name=\"robots\" content=\"index, follow, max-snippet:-1, max-image-preview:large, max-video-preview:-1\" \/>\n<link rel=\"canonical\" href=\"https:\/\/menschen.proalps.ch\/fr\/burri-perret-gentil\/\" \/>\n<meta property=\"og:locale\" content=\"fr_FR\" \/>\n<meta property=\"og:type\" content=\"article\" \/>\n<meta property=\"og:title\" content=\"Marl\u00e8ne Burri Perret-Gentil und Willy Perret-Gentil - Des gens, des lieux, des propos frappants\" \/>\n<meta property=\"og:description\" content=\"[aesop_quote type=\u00a0\u00bbblock\u00a0\u00bb background=\u00a0\u00bb#0080c0&Prime; text=\u00a0\u00bb#ffffff\u00a0\u00bb align=\u00a0\u00bbleft\u00a0\u00bb size=\u00a0\u00bb7&Prime; quote=\u00a0\u00bbMarl\u00e8ne Burri Perret-Gentil, n\u00e9e en 1939, et Willy Perret-Gentil, n\u00e9 en 1927 vivent \u00e0 Hauterive pr\u00e8s de Neuch\u00e2tel. Marl\u00e8ne \u00e9tait enseignante au niveau secondaire et Willy \u00e9tait \u00e9lectricien et avait son propre magasin d\u2019\u00e9quipement \u00e9lectrique \u00e0 Neuch\u00e2tel. Retrait\u00e9s aujourd\u2019hui, il sont tous deux encore actifs au Conseil des Alpes [&hellip;]\" \/>\n<meta property=\"og:url\" content=\"https:\/\/menschen.proalps.ch\/fr\/burri-perret-gentil\/\" \/>\n<meta property=\"og:site_name\" content=\"Vivre en cabine\" \/>\n<meta property=\"article:published_time\" content=\"2019-01-04T12:54:53+00:00\" \/>\n<meta property=\"article:modified_time\" content=\"2019-02-18T12:56:54+00:00\" \/>\n<meta property=\"og:image\" content=\"https:\/\/menschen.proalps.ch\/wp-content\/uploads\/2019\/02\/Marlene-und-Willy-Perret-1024x681.jpg\" \/>\n\t<meta property=\"og:image:width\" content=\"1024\" \/>\n\t<meta property=\"og:image:height\" content=\"681\" \/>\n\t<meta property=\"og:image:type\" content=\"image\/jpeg\" \/>\n<meta name=\"author\" content=\"alpenadmin\" \/>\n<meta name=\"twitter:card\" content=\"summary_large_image\" \/>\n<meta name=\"twitter:label1\" content=\"\u00c9crit par\" \/>\n\t<meta name=\"twitter:data1\" content=\"alpenadmin\" \/>\n\t<meta name=\"twitter:label2\" content=\"Dur\u00e9e de lecture estim\u00e9e\" \/>\n\t<meta name=\"twitter:data2\" content=\"4 minutes\" \/>\n<script type=\"application\/ld+json\" class=\"yoast-schema-graph\">{\"@context\":\"https:\/\/schema.org\",\"@graph\":[{\"@type\":\"Article\",\"@id\":\"https:\/\/menschen.proalps.ch\/fr\/burri-perret-gentil\/#article\",\"isPartOf\":{\"@id\":\"https:\/\/menschen.proalps.ch\/fr\/burri-perret-gentil\/\"},\"author\":{\"name\":\"alpenadmin\",\"@id\":\"https:\/\/menschen.proalps.ch\/#\/schema\/person\/4e48dd4c36fb357e5fd16fd02f3b0383\"},\"headline\":\"Marl\u00e8ne Burri Perret-Gentil und Willy Perret-Gentil\",\"datePublished\":\"2019-01-04T12:54:53+00:00\",\"dateModified\":\"2019-02-18T12:56:54+00:00\",\"mainEntityOfPage\":{\"@id\":\"https:\/\/menschen.proalps.ch\/fr\/burri-perret-gentil\/\"},\"wordCount\":815,\"image\":{\"@id\":\"https:\/\/menschen.proalps.ch\/fr\/burri-perret-gentil\/#primaryimage\"},\"thumbnailUrl\":\"https:\/\/menschen.proalps.ch\/wp-content\/uploads\/2019\/02\/Marlene-und-Willy-Perret.jpg\",\"articleSection\":[\"Personnages\"],\"inLanguage\":\"fr-FR\"},{\"@type\":\"WebPage\",\"@id\":\"https:\/\/menschen.proalps.ch\/fr\/burri-perret-gentil\/\",\"url\":\"https:\/\/menschen.proalps.ch\/fr\/burri-perret-gentil\/\",\"name\":\"Marl\u00e8ne Burri Perret-Gentil und Willy Perret-Gentil - Des gens, des lieux, des propos frappants\",\"isPartOf\":{\"@id\":\"https:\/\/menschen.proalps.ch\/#website\"},\"primaryImageOfPage\":{\"@id\":\"https:\/\/menschen.proalps.ch\/fr\/burri-perret-gentil\/#primaryimage\"},\"image\":{\"@id\":\"https:\/\/menschen.proalps.ch\/fr\/burri-perret-gentil\/#primaryimage\"},\"thumbnailUrl\":\"https:\/\/menschen.proalps.ch\/wp-content\/uploads\/2019\/02\/Marlene-und-Willy-Perret.jpg\",\"datePublished\":\"2019-01-04T12:54:53+00:00\",\"dateModified\":\"2019-02-18T12:56:54+00:00\",\"author\":{\"@id\":\"https:\/\/menschen.proalps.ch\/#\/schema\/person\/4e48dd4c36fb357e5fd16fd02f3b0383\"},\"breadcrumb\":{\"@id\":\"https:\/\/menschen.proalps.ch\/fr\/burri-perret-gentil\/#breadcrumb\"},\"inLanguage\":\"fr-FR\",\"potentialAction\":[{\"@type\":\"ReadAction\",\"target\":[\"https:\/\/menschen.proalps.ch\/fr\/burri-perret-gentil\/\"]}]},{\"@type\":\"ImageObject\",\"inLanguage\":\"fr-FR\",\"@id\":\"https:\/\/menschen.proalps.ch\/fr\/burri-perret-gentil\/#primaryimage\",\"url\":\"https:\/\/menschen.proalps.ch\/wp-content\/uploads\/2019\/02\/Marlene-und-Willy-Perret.jpg\",\"contentUrl\":\"https:\/\/menschen.proalps.ch\/wp-content\/uploads\/2019\/02\/Marlene-und-Willy-Perret.jpg\",\"width\":2000,\"height\":1331},{\"@type\":\"BreadcrumbList\",\"@id\":\"https:\/\/menschen.proalps.ch\/fr\/burri-perret-gentil\/#breadcrumb\",\"itemListElement\":[{\"@type\":\"ListItem\",\"position\":1,\"name\":\"Startseite\",\"item\":\"https:\/\/menschen.proalps.ch\/fr\/\"},{\"@type\":\"ListItem\",\"position\":2,\"name\":\"Marl\u00e8ne Burri Perret-Gentil und Willy Perret-Gentil\"}]},{\"@type\":\"WebSite\",\"@id\":\"https:\/\/menschen.proalps.ch\/#website\",\"url\":\"https:\/\/menschen.proalps.ch\/\",\"name\":\"Vivre en cabine\",\"description\":\"De Fabian Biasio (vid\u00e9os et photos) et Susan Boos (textes) \",\"potentialAction\":[{\"@type\":\"SearchAction\",\"target\":{\"@type\":\"EntryPoint\",\"urlTemplate\":\"https:\/\/menschen.proalps.ch\/?s={search_term_string}\"},\"query-input\":{\"@type\":\"PropertyValueSpecification\",\"valueRequired\":true,\"valueName\":\"search_term_string\"}}],\"inLanguage\":\"fr-FR\"},{\"@type\":\"Person\",\"@id\":\"https:\/\/menschen.proalps.ch\/#\/schema\/person\/4e48dd4c36fb357e5fd16fd02f3b0383\",\"name\":\"alpenadmin\",\"image\":{\"@type\":\"ImageObject\",\"inLanguage\":\"fr-FR\",\"@id\":\"https:\/\/menschen.proalps.ch\/#\/schema\/person\/image\/\",\"url\":\"https:\/\/secure.gravatar.com\/avatar\/bc6d4d14227937daef51b8753b883ba033ea5c936fb2c4d7c17f5c8c41b5a450?s=96&d=mm&r=g\",\"contentUrl\":\"https:\/\/secure.gravatar.com\/avatar\/bc6d4d14227937daef51b8753b883ba033ea5c936fb2c4d7c17f5c8c41b5a450?s=96&d=mm&r=g\",\"caption\":\"alpenadmin\"},\"url\":\"https:\/\/menschen.proalps.ch\/fr\/author\/alpenadmin\/\"}]}<\/script>\n<!-- \/ Yoast SEO plugin. -->","yoast_head_json":{"title":"Marl\u00e8ne Burri Perret-Gentil und Willy Perret-Gentil - Des gens, des lieux, des propos frappants","robots":{"index":"index","follow":"follow","max-snippet":"max-snippet:-1","max-image-preview":"max-image-preview:large","max-video-preview":"max-video-preview:-1"},"canonical":"https:\/\/menschen.proalps.ch\/fr\/burri-perret-gentil\/","og_locale":"fr_FR","og_type":"article","og_title":"Marl\u00e8ne Burri Perret-Gentil und Willy Perret-Gentil - Des gens, des lieux, des propos frappants","og_description":"[aesop_quote type=\u00a0\u00bbblock\u00a0\u00bb background=\u00a0\u00bb#0080c0&Prime; text=\u00a0\u00bb#ffffff\u00a0\u00bb align=\u00a0\u00bbleft\u00a0\u00bb size=\u00a0\u00bb7&Prime; quote=\u00a0\u00bbMarl\u00e8ne Burri Perret-Gentil, n\u00e9e en 1939, et Willy Perret-Gentil, n\u00e9 en 1927 vivent \u00e0 Hauterive pr\u00e8s de Neuch\u00e2tel. Marl\u00e8ne \u00e9tait enseignante au niveau secondaire et Willy \u00e9tait \u00e9lectricien et avait son propre magasin d\u2019\u00e9quipement \u00e9lectrique \u00e0 Neuch\u00e2tel. Retrait\u00e9s aujourd\u2019hui, il sont tous deux encore actifs au Conseil des Alpes [&hellip;]","og_url":"https:\/\/menschen.proalps.ch\/fr\/burri-perret-gentil\/","og_site_name":"Vivre en cabine","article_published_time":"2019-01-04T12:54:53+00:00","article_modified_time":"2019-02-18T12:56:54+00:00","og_image":[{"width":1024,"height":681,"url":"https:\/\/menschen.proalps.ch\/wp-content\/uploads\/2019\/02\/Marlene-und-Willy-Perret-1024x681.jpg","type":"image\/jpeg"}],"author":"alpenadmin","twitter_card":"summary_large_image","twitter_misc":{"\u00c9crit par":"alpenadmin","Dur\u00e9e de lecture estim\u00e9e":"4 minutes"},"schema":{"@context":"https:\/\/schema.org","@graph":[{"@type":"Article","@id":"https:\/\/menschen.proalps.ch\/fr\/burri-perret-gentil\/#article","isPartOf":{"@id":"https:\/\/menschen.proalps.ch\/fr\/burri-perret-gentil\/"},"author":{"name":"alpenadmin","@id":"https:\/\/menschen.proalps.ch\/#\/schema\/person\/4e48dd4c36fb357e5fd16fd02f3b0383"},"headline":"Marl\u00e8ne Burri Perret-Gentil und Willy Perret-Gentil","datePublished":"2019-01-04T12:54:53+00:00","dateModified":"2019-02-18T12:56:54+00:00","mainEntityOfPage":{"@id":"https:\/\/menschen.proalps.ch\/fr\/burri-perret-gentil\/"},"wordCount":815,"image":{"@id":"https:\/\/menschen.proalps.ch\/fr\/burri-perret-gentil\/#primaryimage"},"thumbnailUrl":"https:\/\/menschen.proalps.ch\/wp-content\/uploads\/2019\/02\/Marlene-und-Willy-Perret.jpg","articleSection":["Personnages"],"inLanguage":"fr-FR"},{"@type":"WebPage","@id":"https:\/\/menschen.proalps.ch\/fr\/burri-perret-gentil\/","url":"https:\/\/menschen.proalps.ch\/fr\/burri-perret-gentil\/","name":"Marl\u00e8ne Burri Perret-Gentil und Willy Perret-Gentil - Des gens, des lieux, des propos frappants","isPartOf":{"@id":"https:\/\/menschen.proalps.ch\/#website"},"primaryImageOfPage":{"@id":"https:\/\/menschen.proalps.ch\/fr\/burri-perret-gentil\/#primaryimage"},"image":{"@id":"https:\/\/menschen.proalps.ch\/fr\/burri-perret-gentil\/#primaryimage"},"thumbnailUrl":"https:\/\/menschen.proalps.ch\/wp-content\/uploads\/2019\/02\/Marlene-und-Willy-Perret.jpg","datePublished":"2019-01-04T12:54:53+00:00","dateModified":"2019-02-18T12:56:54+00:00","author":{"@id":"https:\/\/menschen.proalps.ch\/#\/schema\/person\/4e48dd4c36fb357e5fd16fd02f3b0383"},"breadcrumb":{"@id":"https:\/\/menschen.proalps.ch\/fr\/burri-perret-gentil\/#breadcrumb"},"inLanguage":"fr-FR","potentialAction":[{"@type":"ReadAction","target":["https:\/\/menschen.proalps.ch\/fr\/burri-perret-gentil\/"]}]},{"@type":"ImageObject","inLanguage":"fr-FR","@id":"https:\/\/menschen.proalps.ch\/fr\/burri-perret-gentil\/#primaryimage","url":"https:\/\/menschen.proalps.ch\/wp-content\/uploads\/2019\/02\/Marlene-und-Willy-Perret.jpg","contentUrl":"https:\/\/menschen.proalps.ch\/wp-content\/uploads\/2019\/02\/Marlene-und-Willy-Perret.jpg","width":2000,"height":1331},{"@type":"BreadcrumbList","@id":"https:\/\/menschen.proalps.ch\/fr\/burri-perret-gentil\/#breadcrumb","itemListElement":[{"@type":"ListItem","position":1,"name":"Startseite","item":"https:\/\/menschen.proalps.ch\/fr\/"},{"@type":"ListItem","position":2,"name":"Marl\u00e8ne Burri Perret-Gentil und Willy Perret-Gentil"}]},{"@type":"WebSite","@id":"https:\/\/menschen.proalps.ch\/#website","url":"https:\/\/menschen.proalps.ch\/","name":"Vivre en cabine","description":"De Fabian Biasio (vid\u00e9os et photos) et Susan Boos (textes) ","potentialAction":[{"@type":"SearchAction","target":{"@type":"EntryPoint","urlTemplate":"https:\/\/menschen.proalps.ch\/?s={search_term_string}"},"query-input":{"@type":"PropertyValueSpecification","valueRequired":true,"valueName":"search_term_string"}}],"inLanguage":"fr-FR"},{"@type":"Person","@id":"https:\/\/menschen.proalps.ch\/#\/schema\/person\/4e48dd4c36fb357e5fd16fd02f3b0383","name":"alpenadmin","image":{"@type":"ImageObject","inLanguage":"fr-FR","@id":"https:\/\/menschen.proalps.ch\/#\/schema\/person\/image\/","url":"https:\/\/secure.gravatar.com\/avatar\/bc6d4d14227937daef51b8753b883ba033ea5c936fb2c4d7c17f5c8c41b5a450?s=96&d=mm&r=g","contentUrl":"https:\/\/secure.gravatar.com\/avatar\/bc6d4d14227937daef51b8753b883ba033ea5c936fb2c4d7c17f5c8c41b5a450?s=96&d=mm&r=g","caption":"alpenadmin"},"url":"https:\/\/menschen.proalps.ch\/fr\/author\/alpenadmin\/"}]}},"_links":{"self":[{"href":"https:\/\/menschen.proalps.ch\/fr\/wp-json\/wp\/v2\/posts\/1676","targetHints":{"allow":["GET"]}}],"collection":[{"href":"https:\/\/menschen.proalps.ch\/fr\/wp-json\/wp\/v2\/posts"}],"about":[{"href":"https:\/\/menschen.proalps.ch\/fr\/wp-json\/wp\/v2\/types\/post"}],"author":[{"embeddable":true,"href":"https:\/\/menschen.proalps.ch\/fr\/wp-json\/wp\/v2\/users\/1"}],"replies":[{"embeddable":true,"href":"https:\/\/menschen.proalps.ch\/fr\/wp-json\/wp\/v2\/comments?post=1676"}],"version-history":[{"count":4,"href":"https:\/\/menschen.proalps.ch\/fr\/wp-json\/wp\/v2\/posts\/1676\/revisions"}],"predecessor-version":[{"id":1887,"href":"https:\/\/menschen.proalps.ch\/fr\/wp-json\/wp\/v2\/posts\/1676\/revisions\/1887"}],"wp:featuredmedia":[{"embeddable":true,"href":"https:\/\/menschen.proalps.ch\/fr\/wp-json\/wp\/v2\/media\/1625"}],"wp:attachment":[{"href":"https:\/\/menschen.proalps.ch\/fr\/wp-json\/wp\/v2\/media?parent=1676"}],"wp:term":[{"taxonomy":"category","embeddable":true,"href":"https:\/\/menschen.proalps.ch\/fr\/wp-json\/wp\/v2\/categories?post=1676"},{"taxonomy":"post_tag","embeddable":true,"href":"https:\/\/menschen.proalps.ch\/fr\/wp-json\/wp\/v2\/tags?post=1676"}],"curies":[{"name":"wp","href":"https:\/\/api.w.org\/{rel}","templated":true}]}}