{"id":1681,"date":"2019-01-05T13:01:59","date_gmt":"2019-01-05T13:01:59","guid":{"rendered":"https:\/\/menschen.alpeninitiative.ch\/andreas-weissen\/"},"modified":"2019-02-18T12:56:26","modified_gmt":"2019-02-18T12:56:26","slug":"andreas-weissen","status":"publish","type":"post","link":"https:\/\/menschen.proalps.ch\/fr\/andreas-weissen\/","title":{"rendered":"Andreas Weissen"},"content":{"rendered":"\n\n\n[aesop_quote type=\u00a0\u00bbblock\u00a0\u00bb background=\u00a0\u00bb#0080c0&Prime; text=\u00a0\u00bb#ffffff\u00a0\u00bb align=\u00a0\u00bbleft\u00a0\u00bb size=\u00a0\u00bb1&Prime; quote=\u00a0\u00bbAndreas Weissen est n\u00e9 en 1957 \u00e0 Brigue o\u00f9 il vit encore \u00e0 pr\u00e9sent. H\u00f4telier \u00e0 Heiligkreuz dans la vall\u00e9e de Binn, il est souvent en route comme raconteur de l\u00e9gendes. Il a \u00e9t\u00e9 membre fondateur et pr\u00e9sident durant de longues ann\u00e9es ainsi que vice-pr\u00e9sident de l\u2019Initiative des Alpes. Aujourd&rsquo;hui, il en est pr\u00e9sident d&rsquo;honneur. Il a organis\u00e9 la collecte de signature de l\u2019Initiative des Alpes et coordonn\u00e9 la campagne de votation. Il a \u00e9galement \u00e9t\u00e9 actif dans les campagnes pour l&rsquo;introduction de la RPLP, contre le contre-projet Avanti et contre le deuxi\u00e8me tunnel au Gothard.\u00a0\u00bb revealfx=\u00a0\u00bboff\u00a0\u00bb]\n<p>\u00ab La premi\u00e8re randonn\u00e9e de l\u2019Initiative des Alpes en 1990 a men\u00e9 du Grand-Saint-Bernard au Mont Cenis. A cette \u00e9poque-l\u00e0, il fallait encore travailler avec les francs suisses, les francs fran\u00e7ais et les lires italiennes. Nous \u00e9tions entre dix et quinze personnes. Nous nous sommes perdus le deuxi\u00e8me jour car nous n&rsquo;avions pas fait le parcours au pr\u00e9alable. Quand nous sommes arriv\u00e9s \u00e0 Courmayeur, il faisait d\u00e9j\u00e0 nuit. Par la suite, nous avons naturellement fait la reconnaissance de toutes les excursions.<\/p>\n<p>En randonnant, nous puisions des forces et tissions un r\u00e9seau de contacts personnels pour la campagne de votation. Parmi les randonneurs qui nous accompagnaient, beaucoup ont jou\u00e9 un r\u00f4le pr\u00e9pond\u00e9rant dans la campagne de votation de 1994 en faisant conna\u00eetre l\u2019Initiative des Alpes dans les r\u00e9gions. Les premi\u00e8res randonn\u00e9es ont eu lieu \u00e0 proximit\u00e9 des routes de transit. Par la suite, nous sommes partis \u00e0 la d\u00e9couverte de superbes r\u00e9gions intactes comme la vall\u00e9e de Binn o\u00f9 je propose encore aujourd&rsquo;hui des randonn\u00e9es. A l&rsquo;\u00e9tranger, nous choisissions souvent des parcs naturels ; le Parc national de la Vanoise par exemple a \u00e9t\u00e9 notre toute premi\u00e8re balade. Vingt ans plus tard, nous avons refait la toute premi\u00e8re randonn\u00e9e mais je n&rsquo;ai pas eu l&rsquo;impression que les choses avaient beaucoup chang\u00e9es et nous ne nous sommes plus perdus.<\/p>\n<p>Je pense que dans les Alpes, tout ne tourne pas uniquement autour du trafic, il y a \u00e9galement d&rsquo;autres aspects tels que l&rsquo;agriculture de montagne et le tourisme puis les aspects culturels comme la langue, le dialecte, les l\u00e9gendes ou l&rsquo;histoire locale. Toutes ces facettes plus la nature et le paysage culturel font des Alpes un habitat diversifi\u00e9 et pr\u00e9cieux. Je m&rsquo;engage pour pr\u00e9server ce patrimoine depuis ma jeunesse. Armin Braunwalder, un coll\u00e8gue de l\u2019Initiative des Alpes h\u00e9las d\u00e9c\u00e9d\u00e9, a \u00e9crit que j&rsquo;\u00e9tais un d\u00e9fenseur des Alpes de la t\u00eate aux pieds. C&rsquo;est vrai je suis un \u00ab homo alpinus vulgaris \u00bb, solidement ancr\u00e9 dans le Valais mais en m\u00eame temps, fortement orient\u00e9 vers l&rsquo;international. Ainsi en 1995, j&rsquo;ai \u00e9t\u00e9 le cofondateur de l&rsquo;organisation ITE, Initiative Transport Europe, j&rsquo;ai pr\u00e9sid\u00e9 pendant neuf ans la Commission internationale de protection des Alpes CIPRA et suis depuis peu tr\u00e9sorier du R\u00e9seau Alpin des Espaces Prot\u00e9g\u00e9s ALPARC. Je n&rsquo;ai encore jamais quitt\u00e9 l&rsquo;Europe.<\/p>\n<p>Je me suis engag\u00e9 dans l\u2019Initiative des Alpes d\u00e8s le d\u00e9but. J&rsquo;ai \u00e9crit l&rsquo;invitation pour la premi\u00e8re r\u00e9union en 1987 \u00e0 Andermatt et de cette rencontre est n\u00e9e l\u2019Initiative des Alpes. Les organisations environnementales WWF et ATE se distan\u00e7aient de notre id\u00e9e \u00e0 cette \u00e9poque. Alfred K\u00f6ltz, c\u00e9l\u00e8bre sp\u00e9cialiste de droit constitutionnel, en revanche la trouvait bonne et inscrivit son expertise sur le revers, non pas d&rsquo;un rond de bi\u00e8re, mais d&rsquo;un set de table. Nous avons longtemps d\u00e9battu du titre que porterait l&rsquo;initiative populaire. Nous avons rejet\u00e9 \u00ab Stop au transit \u00bb et autres variantes. Nous \u00e9tions certains que nous devions th\u00e9matiser les Alpes. Avec la notion \u00ab Alpes \u00bb dans le titre, nous avons soulign\u00e9 l&rsquo;aspect positif.<\/p>\n<p>En outre, nous avons cr\u00e9\u00e9 la manifestation \u00ab Feu dans les Alpes \u00bb qui rend visible la beaut\u00e9 et la fragilit\u00e9 des r\u00e9gions alpines &#8211; et nous pouvons \u00e9galement vivre nos petites tendances pyromanes. Lors de la campagne de votation, nous avons tout mis en mouvement. Nous avons r\u00e9dig\u00e9 un test argumentatif, cherch\u00e9 des ambassadrices et ambassadeurs pour repr\u00e9senter notre cause, sollicit\u00e9 des propositions aupr\u00e8s d&rsquo;agences de communication, mais que nous n&rsquo;avons pas toujours suivies \u00e0 la lettre, parfois m\u00eame, nous avons exactement fait le contraire. Et \u00e7a a fonctionn\u00e9.<\/p>\n<p>Puis il y a eu l&rsquo;\u00e9mission Arena avec Adolf Ogi. En envoyant quelqu&rsquo;un qu&rsquo;il ne connaissait pas bien, nous avions l&rsquo;intention de le troubler et, en le confrontant avec d&rsquo;autres dialectes montagnards, lui rappeler qu&rsquo;il n&rsquo;\u00e9tait pas l&rsquo;unique repr\u00e9sentant venant des Alpes. L&rsquo;\u00e9mission a \u00e9t\u00e9 un r\u00e9el succ\u00e8s gr\u00e2ce \u00e0 l&rsquo;intervention d&rsquo;Hansruedi Stadler et d&rsquo;Andrea H\u00e4mmerle.<\/p>\n<p>Du reste, d\u00e9battre avec Adof Ogi \u00e9tait tr\u00e8s agr\u00e9able car c&rsquo;\u00e9tait une personne fondamentalement honn\u00eate qui s&rsquo;est battue avec courage pour le transfert du transport de marchandises. Ce qu&rsquo;on ne peut pas pr\u00e9tendre de Madame Doris Leuthard. Elle s&rsquo;en fichait des r\u00e9gions montagnardes, pire encore, elle a ouvert tout grand sa \u00ab bo\u00eete \u00e0 malice \u00bb pour faire accepter la construction d&rsquo;un deuxi\u00e8me tube au Gothard. Je n&rsquo;aurais jamais cr\u00fb cela d&rsquo;une politicienne qui avait fait serment sur la Constitution. Et le peuple est tomb\u00e9 dans le panneau. Le dimanche de la votation relative au tunnel du Gothard a \u00e9t\u00e9 l&rsquo;unique journ\u00e9e noire dans l&rsquo;existence de l\u2019Initiative des Alpes.\u00bb<\/p>\n\n[aesop_collection collection=\u00a0\u00bbnull\u00a0\u00bb limit=\u00a0\u00bb16&Prime; columns=\u00a0\u00bb2&Prime; splash=\u00a0\u00bboff\u00a0\u00bb order=\u00a0\u00bbdefault\u00a0\u00bb loadmore=\u00a0\u00bboff\u00a0\u00bb showexcerpt=\u00a0\u00bbon\u00a0\u00bb revealfx=\u00a0\u00bboff\u00a0\u00bb]\n","protected":false},"excerpt":{"rendered":"<p>[aesop_quote type=\u00a0\u00bbblock\u00a0\u00bb background=\u00a0\u00bb#0080c0&Prime; text=\u00a0\u00bb#ffffff\u00a0\u00bb align=\u00a0\u00bbleft\u00a0\u00bb size=\u00a0\u00bb1&Prime; quote=\u00a0\u00bbAndreas Weissen est n\u00e9 en 1957 \u00e0 Brigue o\u00f9 il vit encore \u00e0 pr\u00e9sent. H\u00f4telier \u00e0 Heiligkreuz dans la vall\u00e9e de Binn, il est souvent en route comme raconteur de l\u00e9gendes. Il a \u00e9t\u00e9 membre fondateur et pr\u00e9sident durant de longues ann\u00e9es ainsi que vice-pr\u00e9sident de l\u2019Initiative des Alpes. [&hellip;]<\/p>\n","protected":false},"author":1,"featured_media":1601,"comment_status":"closed","ping_status":"closed","sticky":false,"template":"","format":"standard","meta":{"inline_featured_image":false,"footnotes":""},"categories":[57],"tags":[],"class_list":["post-1681","post","type-post","status-publish","format-standard","has-post-thumbnail","hentry","category-personnages"],"yoast_head":"<!-- This site is optimized with the Yoast SEO plugin v27.1.1 - https:\/\/yoast.com\/product\/yoast-seo-wordpress\/ -->\n<title>Andreas Weissen - Des gens, des lieux, des propos frappants<\/title>\n<meta name=\"robots\" content=\"index, follow, max-snippet:-1, max-image-preview:large, max-video-preview:-1\" \/>\n<link rel=\"canonical\" href=\"https:\/\/menschen.proalps.ch\/fr\/andreas-weissen\/\" \/>\n<meta property=\"og:locale\" content=\"fr_FR\" \/>\n<meta property=\"og:type\" content=\"article\" \/>\n<meta property=\"og:title\" content=\"Andreas Weissen - Des gens, des lieux, des propos frappants\" \/>\n<meta property=\"og:description\" content=\"[aesop_quote type=\u00a0\u00bbblock\u00a0\u00bb background=\u00a0\u00bb#0080c0&Prime; text=\u00a0\u00bb#ffffff\u00a0\u00bb align=\u00a0\u00bbleft\u00a0\u00bb size=\u00a0\u00bb1&Prime; quote=\u00a0\u00bbAndreas Weissen est n\u00e9 en 1957 \u00e0 Brigue o\u00f9 il vit encore \u00e0 pr\u00e9sent. H\u00f4telier \u00e0 Heiligkreuz dans la vall\u00e9e de Binn, il est souvent en route comme raconteur de l\u00e9gendes. Il a \u00e9t\u00e9 membre fondateur et pr\u00e9sident durant de longues ann\u00e9es ainsi que vice-pr\u00e9sident de l\u2019Initiative des Alpes. [&hellip;]\" \/>\n<meta property=\"og:url\" content=\"https:\/\/menschen.proalps.ch\/fr\/andreas-weissen\/\" \/>\n<meta property=\"og:site_name\" content=\"Vivre en cabine\" \/>\n<meta property=\"article:published_time\" content=\"2019-01-05T13:01:59+00:00\" \/>\n<meta property=\"article:modified_time\" content=\"2019-02-18T12:56:26+00:00\" \/>\n<meta property=\"og:image\" content=\"https:\/\/menschen.proalps.ch\/wp-content\/uploads\/2019\/02\/Andreas-Weissen.jpg\" \/>\n\t<meta property=\"og:image:width\" content=\"2000\" \/>\n\t<meta property=\"og:image:height\" content=\"1331\" \/>\n\t<meta property=\"og:image:type\" content=\"image\/jpeg\" \/>\n<meta name=\"author\" content=\"alpenadmin\" \/>\n<meta name=\"twitter:card\" content=\"summary_large_image\" \/>\n<meta name=\"twitter:label1\" content=\"\u00c9crit par\" \/>\n\t<meta name=\"twitter:data1\" content=\"alpenadmin\" \/>\n\t<meta name=\"twitter:label2\" content=\"Dur\u00e9e de lecture estim\u00e9e\" \/>\n\t<meta name=\"twitter:data2\" content=\"5 minutes\" \/>\n<script type=\"application\/ld+json\" class=\"yoast-schema-graph\">{\"@context\":\"https:\/\/schema.org\",\"@graph\":[{\"@type\":\"Article\",\"@id\":\"https:\/\/menschen.proalps.ch\/fr\/andreas-weissen\/#article\",\"isPartOf\":{\"@id\":\"https:\/\/menschen.proalps.ch\/fr\/andreas-weissen\/\"},\"author\":{\"name\":\"alpenadmin\",\"@id\":\"https:\/\/menschen.proalps.ch\/#\/schema\/person\/4e48dd4c36fb357e5fd16fd02f3b0383\"},\"headline\":\"Andreas Weissen\",\"datePublished\":\"2019-01-05T13:01:59+00:00\",\"dateModified\":\"2019-02-18T12:56:26+00:00\",\"mainEntityOfPage\":{\"@id\":\"https:\/\/menschen.proalps.ch\/fr\/andreas-weissen\/\"},\"wordCount\":991,\"image\":{\"@id\":\"https:\/\/menschen.proalps.ch\/fr\/andreas-weissen\/#primaryimage\"},\"thumbnailUrl\":\"https:\/\/menschen.proalps.ch\/wp-content\/uploads\/2019\/02\/Andreas-Weissen.jpg\",\"articleSection\":[\"Personnages\"],\"inLanguage\":\"fr-FR\"},{\"@type\":\"WebPage\",\"@id\":\"https:\/\/menschen.proalps.ch\/fr\/andreas-weissen\/\",\"url\":\"https:\/\/menschen.proalps.ch\/fr\/andreas-weissen\/\",\"name\":\"Andreas Weissen - Des gens, des lieux, des propos frappants\",\"isPartOf\":{\"@id\":\"https:\/\/menschen.proalps.ch\/#website\"},\"primaryImageOfPage\":{\"@id\":\"https:\/\/menschen.proalps.ch\/fr\/andreas-weissen\/#primaryimage\"},\"image\":{\"@id\":\"https:\/\/menschen.proalps.ch\/fr\/andreas-weissen\/#primaryimage\"},\"thumbnailUrl\":\"https:\/\/menschen.proalps.ch\/wp-content\/uploads\/2019\/02\/Andreas-Weissen.jpg\",\"datePublished\":\"2019-01-05T13:01:59+00:00\",\"dateModified\":\"2019-02-18T12:56:26+00:00\",\"author\":{\"@id\":\"https:\/\/menschen.proalps.ch\/#\/schema\/person\/4e48dd4c36fb357e5fd16fd02f3b0383\"},\"breadcrumb\":{\"@id\":\"https:\/\/menschen.proalps.ch\/fr\/andreas-weissen\/#breadcrumb\"},\"inLanguage\":\"fr-FR\",\"potentialAction\":[{\"@type\":\"ReadAction\",\"target\":[\"https:\/\/menschen.proalps.ch\/fr\/andreas-weissen\/\"]}]},{\"@type\":\"ImageObject\",\"inLanguage\":\"fr-FR\",\"@id\":\"https:\/\/menschen.proalps.ch\/fr\/andreas-weissen\/#primaryimage\",\"url\":\"https:\/\/menschen.proalps.ch\/wp-content\/uploads\/2019\/02\/Andreas-Weissen.jpg\",\"contentUrl\":\"https:\/\/menschen.proalps.ch\/wp-content\/uploads\/2019\/02\/Andreas-Weissen.jpg\",\"width\":2000,\"height\":1331},{\"@type\":\"BreadcrumbList\",\"@id\":\"https:\/\/menschen.proalps.ch\/fr\/andreas-weissen\/#breadcrumb\",\"itemListElement\":[{\"@type\":\"ListItem\",\"position\":1,\"name\":\"Startseite\",\"item\":\"https:\/\/menschen.proalps.ch\/fr\/\"},{\"@type\":\"ListItem\",\"position\":2,\"name\":\"Andreas Weissen\"}]},{\"@type\":\"WebSite\",\"@id\":\"https:\/\/menschen.proalps.ch\/#website\",\"url\":\"https:\/\/menschen.proalps.ch\/\",\"name\":\"Vivre en cabine\",\"description\":\"De Fabian Biasio (vid\u00e9os et photos) et Susan Boos (textes) \",\"potentialAction\":[{\"@type\":\"SearchAction\",\"target\":{\"@type\":\"EntryPoint\",\"urlTemplate\":\"https:\/\/menschen.proalps.ch\/?s={search_term_string}\"},\"query-input\":{\"@type\":\"PropertyValueSpecification\",\"valueRequired\":true,\"valueName\":\"search_term_string\"}}],\"inLanguage\":\"fr-FR\"},{\"@type\":\"Person\",\"@id\":\"https:\/\/menschen.proalps.ch\/#\/schema\/person\/4e48dd4c36fb357e5fd16fd02f3b0383\",\"name\":\"alpenadmin\",\"image\":{\"@type\":\"ImageObject\",\"inLanguage\":\"fr-FR\",\"@id\":\"https:\/\/menschen.proalps.ch\/#\/schema\/person\/image\/\",\"url\":\"https:\/\/secure.gravatar.com\/avatar\/bc6d4d14227937daef51b8753b883ba033ea5c936fb2c4d7c17f5c8c41b5a450?s=96&d=mm&r=g\",\"contentUrl\":\"https:\/\/secure.gravatar.com\/avatar\/bc6d4d14227937daef51b8753b883ba033ea5c936fb2c4d7c17f5c8c41b5a450?s=96&d=mm&r=g\",\"caption\":\"alpenadmin\"},\"url\":\"https:\/\/menschen.proalps.ch\/fr\/author\/alpenadmin\/\"}]}<\/script>\n<!-- \/ Yoast SEO plugin. -->","yoast_head_json":{"title":"Andreas Weissen - Des gens, des lieux, des propos frappants","robots":{"index":"index","follow":"follow","max-snippet":"max-snippet:-1","max-image-preview":"max-image-preview:large","max-video-preview":"max-video-preview:-1"},"canonical":"https:\/\/menschen.proalps.ch\/fr\/andreas-weissen\/","og_locale":"fr_FR","og_type":"article","og_title":"Andreas Weissen - Des gens, des lieux, des propos frappants","og_description":"[aesop_quote type=\u00a0\u00bbblock\u00a0\u00bb background=\u00a0\u00bb#0080c0&Prime; text=\u00a0\u00bb#ffffff\u00a0\u00bb align=\u00a0\u00bbleft\u00a0\u00bb size=\u00a0\u00bb1&Prime; quote=\u00a0\u00bbAndreas Weissen est n\u00e9 en 1957 \u00e0 Brigue o\u00f9 il vit encore \u00e0 pr\u00e9sent. H\u00f4telier \u00e0 Heiligkreuz dans la vall\u00e9e de Binn, il est souvent en route comme raconteur de l\u00e9gendes. Il a \u00e9t\u00e9 membre fondateur et pr\u00e9sident durant de longues ann\u00e9es ainsi que vice-pr\u00e9sident de l\u2019Initiative des Alpes. [&hellip;]","og_url":"https:\/\/menschen.proalps.ch\/fr\/andreas-weissen\/","og_site_name":"Vivre en cabine","article_published_time":"2019-01-05T13:01:59+00:00","article_modified_time":"2019-02-18T12:56:26+00:00","og_image":[{"width":2000,"height":1331,"url":"https:\/\/menschen.proalps.ch\/wp-content\/uploads\/2019\/02\/Andreas-Weissen.jpg","type":"image\/jpeg"}],"author":"alpenadmin","twitter_card":"summary_large_image","twitter_misc":{"\u00c9crit par":"alpenadmin","Dur\u00e9e de lecture estim\u00e9e":"5 minutes"},"schema":{"@context":"https:\/\/schema.org","@graph":[{"@type":"Article","@id":"https:\/\/menschen.proalps.ch\/fr\/andreas-weissen\/#article","isPartOf":{"@id":"https:\/\/menschen.proalps.ch\/fr\/andreas-weissen\/"},"author":{"name":"alpenadmin","@id":"https:\/\/menschen.proalps.ch\/#\/schema\/person\/4e48dd4c36fb357e5fd16fd02f3b0383"},"headline":"Andreas Weissen","datePublished":"2019-01-05T13:01:59+00:00","dateModified":"2019-02-18T12:56:26+00:00","mainEntityOfPage":{"@id":"https:\/\/menschen.proalps.ch\/fr\/andreas-weissen\/"},"wordCount":991,"image":{"@id":"https:\/\/menschen.proalps.ch\/fr\/andreas-weissen\/#primaryimage"},"thumbnailUrl":"https:\/\/menschen.proalps.ch\/wp-content\/uploads\/2019\/02\/Andreas-Weissen.jpg","articleSection":["Personnages"],"inLanguage":"fr-FR"},{"@type":"WebPage","@id":"https:\/\/menschen.proalps.ch\/fr\/andreas-weissen\/","url":"https:\/\/menschen.proalps.ch\/fr\/andreas-weissen\/","name":"Andreas Weissen - Des gens, des lieux, des propos frappants","isPartOf":{"@id":"https:\/\/menschen.proalps.ch\/#website"},"primaryImageOfPage":{"@id":"https:\/\/menschen.proalps.ch\/fr\/andreas-weissen\/#primaryimage"},"image":{"@id":"https:\/\/menschen.proalps.ch\/fr\/andreas-weissen\/#primaryimage"},"thumbnailUrl":"https:\/\/menschen.proalps.ch\/wp-content\/uploads\/2019\/02\/Andreas-Weissen.jpg","datePublished":"2019-01-05T13:01:59+00:00","dateModified":"2019-02-18T12:56:26+00:00","author":{"@id":"https:\/\/menschen.proalps.ch\/#\/schema\/person\/4e48dd4c36fb357e5fd16fd02f3b0383"},"breadcrumb":{"@id":"https:\/\/menschen.proalps.ch\/fr\/andreas-weissen\/#breadcrumb"},"inLanguage":"fr-FR","potentialAction":[{"@type":"ReadAction","target":["https:\/\/menschen.proalps.ch\/fr\/andreas-weissen\/"]}]},{"@type":"ImageObject","inLanguage":"fr-FR","@id":"https:\/\/menschen.proalps.ch\/fr\/andreas-weissen\/#primaryimage","url":"https:\/\/menschen.proalps.ch\/wp-content\/uploads\/2019\/02\/Andreas-Weissen.jpg","contentUrl":"https:\/\/menschen.proalps.ch\/wp-content\/uploads\/2019\/02\/Andreas-Weissen.jpg","width":2000,"height":1331},{"@type":"BreadcrumbList","@id":"https:\/\/menschen.proalps.ch\/fr\/andreas-weissen\/#breadcrumb","itemListElement":[{"@type":"ListItem","position":1,"name":"Startseite","item":"https:\/\/menschen.proalps.ch\/fr\/"},{"@type":"ListItem","position":2,"name":"Andreas Weissen"}]},{"@type":"WebSite","@id":"https:\/\/menschen.proalps.ch\/#website","url":"https:\/\/menschen.proalps.ch\/","name":"Vivre en cabine","description":"De Fabian Biasio (vid\u00e9os et photos) et Susan Boos (textes) ","potentialAction":[{"@type":"SearchAction","target":{"@type":"EntryPoint","urlTemplate":"https:\/\/menschen.proalps.ch\/?s={search_term_string}"},"query-input":{"@type":"PropertyValueSpecification","valueRequired":true,"valueName":"search_term_string"}}],"inLanguage":"fr-FR"},{"@type":"Person","@id":"https:\/\/menschen.proalps.ch\/#\/schema\/person\/4e48dd4c36fb357e5fd16fd02f3b0383","name":"alpenadmin","image":{"@type":"ImageObject","inLanguage":"fr-FR","@id":"https:\/\/menschen.proalps.ch\/#\/schema\/person\/image\/","url":"https:\/\/secure.gravatar.com\/avatar\/bc6d4d14227937daef51b8753b883ba033ea5c936fb2c4d7c17f5c8c41b5a450?s=96&d=mm&r=g","contentUrl":"https:\/\/secure.gravatar.com\/avatar\/bc6d4d14227937daef51b8753b883ba033ea5c936fb2c4d7c17f5c8c41b5a450?s=96&d=mm&r=g","caption":"alpenadmin"},"url":"https:\/\/menschen.proalps.ch\/fr\/author\/alpenadmin\/"}]}},"_links":{"self":[{"href":"https:\/\/menschen.proalps.ch\/fr\/wp-json\/wp\/v2\/posts\/1681","targetHints":{"allow":["GET"]}}],"collection":[{"href":"https:\/\/menschen.proalps.ch\/fr\/wp-json\/wp\/v2\/posts"}],"about":[{"href":"https:\/\/menschen.proalps.ch\/fr\/wp-json\/wp\/v2\/types\/post"}],"author":[{"embeddable":true,"href":"https:\/\/menschen.proalps.ch\/fr\/wp-json\/wp\/v2\/users\/1"}],"replies":[{"embeddable":true,"href":"https:\/\/menschen.proalps.ch\/fr\/wp-json\/wp\/v2\/comments?post=1681"}],"version-history":[{"count":4,"href":"https:\/\/menschen.proalps.ch\/fr\/wp-json\/wp\/v2\/posts\/1681\/revisions"}],"predecessor-version":[{"id":1886,"href":"https:\/\/menschen.proalps.ch\/fr\/wp-json\/wp\/v2\/posts\/1681\/revisions\/1886"}],"wp:featuredmedia":[{"embeddable":true,"href":"https:\/\/menschen.proalps.ch\/fr\/wp-json\/wp\/v2\/media\/1601"}],"wp:attachment":[{"href":"https:\/\/menschen.proalps.ch\/fr\/wp-json\/wp\/v2\/media?parent=1681"}],"wp:term":[{"taxonomy":"category","embeddable":true,"href":"https:\/\/menschen.proalps.ch\/fr\/wp-json\/wp\/v2\/categories?post=1681"},{"taxonomy":"post_tag","embeddable":true,"href":"https:\/\/menschen.proalps.ch\/fr\/wp-json\/wp\/v2\/tags?post=1681"}],"curies":[{"name":"wp","href":"https:\/\/api.w.org\/{rel}","templated":true}]}}