{"id":1686,"date":"2019-01-06T13:11:22","date_gmt":"2019-01-06T13:11:22","guid":{"rendered":"https:\/\/menschen.alpeninitiative.ch\/hansruedi-stadler\/"},"modified":"2019-02-18T12:56:04","modified_gmt":"2019-02-18T12:56:04","slug":"hansruedi-stadler","status":"publish","type":"post","link":"https:\/\/menschen.proalps.ch\/fr\/hansruedi-stadler\/","title":{"rendered":"Hansruedi Stadler"},"content":{"rendered":"\n\n[aesop_quote type=\u00a0\u00bbblock\u00a0\u00bb background=\u00a0\u00bb#0080c0&Prime; text=\u00a0\u00bb#ffffff\u00a0\u00bb align=\u00a0\u00bbleft\u00a0\u00bb size=\u00a0\u00bb1&Prime; quote=\u00a0\u00bbHansruedi Stadler, n\u00e9 en 1953 \u00e0 Altdorf UR, a \u00e9t\u00e9 conseiller d&rsquo;Etat de 1988 \u00e0 l&rsquo;an 2000 et pendant cette p\u00e9riode deux fois landamann, c&rsquo;est \u00e0 dire pr\u00e9sident du Conseil. De 1999 \u00e0 2010, il a repr\u00e9sent\u00e9 son canton au Conseil des Etats pour le PDC. Jusqu&rsquo;en 2018, il a travaill\u00e9 comme avocat et notaire \u00e0 Altdorf.\u00a0\u00bb revealfx=\u00a0\u00bboff\u00a0\u00bb]\n<p>\u00abJ&rsquo;\u00e9tais tr\u00e8s tendu ce 20 f\u00e9vrier 1994. Je suivais les r\u00e9sultats \u00e0 la mairie d&rsquo;Altdorf et dans ma fonction de Landamann, j&rsquo;avais pr\u00e9par\u00e9 deux diff\u00e9rents communiqu\u00e9s de presse. Quand je suis sorti dans la rue et que je me suis dirig\u00e9 vers la Lehnplatz, il y avait des centaines de gens et l&rsquo;ambiance \u00e9tait incroyablement palpable, une dynamique folle, un sentiment de renouveau. Toute la journ\u00e9e d\u00e9j\u00e0, les gens me suivaient en me demandant : \u00e0 quand la danse ?<\/p>\n<p>Bien avant le week-end des votations, l&rsquo;agitation qui r\u00e9gnait \u00e9tait d\u00e9j\u00e0 tr\u00e8s forte. Les radios, journaux, les stations de t\u00e9l\u00e9vision allemandes, le Wall Street Journal entre autres &#8211; tout le monde voulait me parler. L&rsquo;\u00e9mission Arena, dans laquelle Andrea H\u00e4mmerle et moi-m\u00eame en tant que Landamann uranais, avions affront\u00e9 Adolf Ogi, m&rsquo;avait catapult\u00e9 au centre de l&rsquo;action. Et pourtant, c&rsquo;\u00e9tait la toute premi\u00e8re fois que je me trouvais dans un studio de t\u00e9l\u00e9vision. L&rsquo;activit\u00e9 fr\u00e9n\u00e9tique et toute la \u00ab curie \u00bb qui accompagnait les opposants \u00e0 l&rsquo;initiative m&rsquo;affolaient passablement. Je m&rsquo;\u00e9tais n\u00e9anmoins bien pr\u00e9par\u00e9 et je savais qu&rsquo;il fallait faire passer mon message en trois ou quatre phrases.<\/p>\n<p>A la fin de l&rsquo;\u00e9mission, j&rsquo;avais proclam\u00e9 que je danserais sur l&rsquo;hymne uranais \u00ab Zoge am Boge de Landamme tanzed \u00bb si l\u2019initiative des Alpes \u00e9tait accept\u00e9e. Tous l&rsquo;avait entendu et je savais qu&rsquo;une promesse devait \u00eatre tenue. Mon \u00e9pouse qui est tr\u00e8s r\u00e9serv\u00e9e \u00e9tait d&rsquo;accord, nous avons donc dans\u00e9 sur la Lehnplatz.<\/p>\n<p>J&rsquo;ai souvent eu de la peine par la suite quand on m&rsquo;a r\u00e9duit \u00e0 cette seule danse. Mais en m\u00eame temps, c&rsquo;est bon pour moi si cette danse symbolique rappelle constamment aux responsables politiques que l&rsquo;initiative des Alpes n&rsquo;a pas encore \u00e9t\u00e9 appliqu\u00e9e. Cette danse repr\u00e9sentait \u00e9galement la joie de constater qu&rsquo;en Suisse, il \u00e9tait possible de faire percer une initiative populaire qui semble n&rsquo;avoir aucune chance de passer. C&rsquo;\u00e9tait David contre Goliath.<\/p>\n<p>J&rsquo;ai toujours compris mon engagement de cette fa\u00e7on, je me bats pour une id\u00e9e et non contre mes opposantes et opposants. Cette comp\u00e9tition au cours de laquelle les deux camps pr\u00e9sentent leurs meilleurs arguments me pla\u00eet. Pour moi en tant que politicien, ce n&rsquo;\u00e9tait pas les faits uniquement mais toujours l&rsquo;\u00eatre humain qui \u00e9tait et qui reste au centre de l&rsquo;action. C&rsquo;\u00e9tait \u00e9galement le cas pour l\u2019Initiative des Alpes. Mes pr\u00e9occupations \u00e9taient li\u00e9es \u00e0 l&rsquo;\u00eatre humain, \u00e0 sa sant\u00e9 et \u00e0 l&rsquo;environnement.<\/p>\n<p>Nous voulions trouver une solution intelligente au probl\u00e8me du trafic de transit par les Alpes et non promouvoir une course \u00e0 l&rsquo;extension de l&rsquo;infrastructure. Il s&rsquo;agissait de trouver la juste mesure \u00e0 une \u00e9poque qui prenait de plus en plus le mors aux dents. En tant que politicien, j&rsquo;ai toujours pris cette citation \u00e0 c\u0153ur \u00ab Nous n\u2019h\u00e9ritons pas de la terre de nos anc\u00eatres, nous l\u2019empruntons \u00e0 nos enfants \u00bb. Nous devons vivre de ce que la terre nous donne et non pas de son essence. C&rsquo;est diff\u00e9rent aujourd&rsquo;hui, h\u00e9las.<\/p>\n<p>Je n&rsquo;ai pas fait partie de l\u2019Initiative des Alpes depuis le d\u00e9but. Je ressens une grande admiration pour ceux qui se sont engag\u00e9s avant moi en faveur de cette cause. En tant que membre du gouvernement uranais, il \u00e9tait clair que je devais m&rsquo;engager \u00e0 fond pour l\u2019Initiative des Alpes apr\u00e8s qu&rsquo;une initiative cantonale allant dans le m\u00eame sens ait \u00e9t\u00e9 refus\u00e9e par le Parlement f\u00e9d\u00e9ral. Mon engagement n&rsquo;a pas toujours connu l&rsquo;unanimit\u00e9 au sein du gouvernement. Quand j&rsquo;ai \u00e9t\u00e9 \u00e9lu au Conseil des Etats \u00e0 Berne cinq ans apr\u00e8s la votation de 1994, j&rsquo;\u00e9tais pour eux l\u00e0-bas le Landamann dansant. Aujourd&rsquo;hui encore, il y a des gens en dehors du canton d&rsquo;Uri qui m&rsquo;abordent et me rappellent cette danse d&rsquo;il y a 25 ans.<\/p>\n<p>C&rsquo;est ainsi, je n&rsquo;ai pas r\u00e9ussi \u00e0 convaincre tous les opposants \u00e0 l&rsquo;initiative des Alpes, mais je ressens le respect politique qu&rsquo;on me manifeste. De nombreux politiciens et politiciennes ne se battent plus aujourd&rsquo;hui pour leurs convictions profondes quand celles-ci ne correspondent pas au courant dominant du climat politique. Cependant en d\u00e9fendant son point de vue clairement, avec discernement et que les gens le comprennent, on gagne en profil et en respect. J&rsquo;ai toujours \u00e9t\u00e9 r\u00e9\u00e9lu dans le canton d&rsquo;Uri avec le meilleur des r\u00e9sultats, que ce soit au Conseil d&rsquo;Etat ou au Conseil des Etats &#8211; malgr\u00e9 certaines hostilit\u00e9s ouvertes qui existaient aussi et le fait que certains m&rsquo;auraient volontiers empoisonn\u00e9. La population m&rsquo;a cependant toujours soutenu, c&rsquo;\u00e9tait bien.<\/p>\n<p>Je suis avocat. Beaucoup de gens venaient me voir parce qu&rsquo;ils savaient que je m&rsquo;engageais corps et \u00e2me. Peut-\u00eatre aussi parce qu&rsquo;ils pensaient : voil\u00e0 quelqu&rsquo;un qui m&rsquo;\u00e9coutera et m&rsquo;aidera. Bien s\u00fbr que d&rsquo;autres ne sont pas venus me trouver justement parce qu&rsquo;ils connaissaient ma position. J&rsquo;en ai souffert de temps en temps, il y a eu des factures douloureuses \u00e0 payer et des tentatives de pression. Ma famille n&rsquo;a pas toujours eu la vie simple avec moi. Parfois la pression sur mes \u00e9paules \u00e9tait \u00e9norme, mais il me fallait toujours rester cool. Comme \u00e0 l&rsquo;\u00e9poque de l&rsquo;\u00e9mission Arena quand Adolf Ogi avait reproch\u00e9 aux Uranaises et Uranais d&rsquo;\u00eatre subventionn\u00e9s par Berne. Je ne me suis pas laiss\u00e9 provoquer, ce qui a \u00e9t\u00e9 tout \u00e0 mon honneur par la suite. Oui, ces aventures v\u00e9cues avec l\u2019Initiative des Alpes sont et resteront une partie de moi, je les ai int\u00e9rioris\u00e9es. \u00bb<\/p>\n\n[aesop_collection collection=\u00a0\u00bbnull\u00a0\u00bb limit=\u00a0\u00bb16&Prime; columns=\u00a0\u00bb2&Prime; splash=\u00a0\u00bboff\u00a0\u00bb order=\u00a0\u00bbdefault\u00a0\u00bb loadmore=\u00a0\u00bboff\u00a0\u00bb showexcerpt=\u00a0\u00bbon\u00a0\u00bb revealfx=\u00a0\u00bboff\u00a0\u00bb]\n","protected":false},"excerpt":{"rendered":"<p>[aesop_quote type=\u00a0\u00bbblock\u00a0\u00bb background=\u00a0\u00bb#0080c0&Prime; text=\u00a0\u00bb#ffffff\u00a0\u00bb align=\u00a0\u00bbleft\u00a0\u00bb size=\u00a0\u00bb1&Prime; quote=\u00a0\u00bbHansruedi Stadler, n\u00e9 en 1953 \u00e0 Altdorf UR, a \u00e9t\u00e9 conseiller d&rsquo;Etat de 1988 \u00e0 l&rsquo;an 2000 et pendant cette p\u00e9riode deux fois landamann, c&rsquo;est \u00e0 dire pr\u00e9sident du Conseil. De 1999 \u00e0 2010, il a repr\u00e9sent\u00e9 son canton au Conseil des Etats pour le PDC. Jusqu&rsquo;en 2018, il [&hellip;]<\/p>\n","protected":false},"author":1,"featured_media":1610,"comment_status":"closed","ping_status":"closed","sticky":false,"template":"","format":"standard","meta":{"inline_featured_image":false,"footnotes":""},"categories":[57],"tags":[],"class_list":["post-1686","post","type-post","status-publish","format-standard","has-post-thumbnail","hentry","category-personnages"],"yoast_head":"<!-- This site is optimized with the Yoast SEO plugin v27.1.1 - https:\/\/yoast.com\/product\/yoast-seo-wordpress\/ -->\n<title>Hansruedi Stadler - Des gens, des lieux, des propos frappants<\/title>\n<meta name=\"robots\" content=\"index, follow, max-snippet:-1, max-image-preview:large, max-video-preview:-1\" \/>\n<link rel=\"canonical\" href=\"https:\/\/menschen.proalps.ch\/fr\/hansruedi-stadler\/\" \/>\n<meta property=\"og:locale\" content=\"fr_FR\" \/>\n<meta property=\"og:type\" content=\"article\" \/>\n<meta property=\"og:title\" content=\"Hansruedi Stadler - Des gens, des lieux, des propos frappants\" \/>\n<meta property=\"og:description\" content=\"[aesop_quote type=\u00a0\u00bbblock\u00a0\u00bb background=\u00a0\u00bb#0080c0&Prime; text=\u00a0\u00bb#ffffff\u00a0\u00bb align=\u00a0\u00bbleft\u00a0\u00bb size=\u00a0\u00bb1&Prime; quote=\u00a0\u00bbHansruedi Stadler, n\u00e9 en 1953 \u00e0 Altdorf UR, a \u00e9t\u00e9 conseiller d&rsquo;Etat de 1988 \u00e0 l&rsquo;an 2000 et pendant cette p\u00e9riode deux fois landamann, c&rsquo;est \u00e0 dire pr\u00e9sident du Conseil. De 1999 \u00e0 2010, il a repr\u00e9sent\u00e9 son canton au Conseil des Etats pour le PDC. Jusqu&rsquo;en 2018, il [&hellip;]\" \/>\n<meta property=\"og:url\" content=\"https:\/\/menschen.proalps.ch\/fr\/hansruedi-stadler\/\" \/>\n<meta property=\"og:site_name\" content=\"Vivre en cabine\" \/>\n<meta property=\"article:published_time\" content=\"2019-01-06T13:11:22+00:00\" \/>\n<meta property=\"article:modified_time\" content=\"2019-02-18T12:56:04+00:00\" \/>\n<meta property=\"og:image\" content=\"https:\/\/menschen.proalps.ch\/wp-content\/uploads\/2019\/02\/Esther-und-Hansruedi-Stadler-1024x682.jpg\" \/>\n\t<meta property=\"og:image:width\" content=\"1024\" \/>\n\t<meta property=\"og:image:height\" content=\"682\" \/>\n\t<meta property=\"og:image:type\" content=\"image\/jpeg\" \/>\n<meta name=\"author\" content=\"alpenadmin\" \/>\n<meta name=\"twitter:card\" content=\"summary_large_image\" \/>\n<meta name=\"twitter:label1\" content=\"\u00c9crit par\" \/>\n\t<meta name=\"twitter:data1\" content=\"alpenadmin\" \/>\n\t<meta name=\"twitter:label2\" content=\"Dur\u00e9e de lecture estim\u00e9e\" \/>\n\t<meta name=\"twitter:data2\" content=\"5 minutes\" \/>\n<script type=\"application\/ld+json\" class=\"yoast-schema-graph\">{\"@context\":\"https:\/\/schema.org\",\"@graph\":[{\"@type\":\"Article\",\"@id\":\"https:\/\/menschen.proalps.ch\/fr\/hansruedi-stadler\/#article\",\"isPartOf\":{\"@id\":\"https:\/\/menschen.proalps.ch\/fr\/hansruedi-stadler\/\"},\"author\":{\"name\":\"alpenadmin\",\"@id\":\"https:\/\/menschen.proalps.ch\/#\/schema\/person\/4e48dd4c36fb357e5fd16fd02f3b0383\"},\"headline\":\"Hansruedi Stadler\",\"datePublished\":\"2019-01-06T13:11:22+00:00\",\"dateModified\":\"2019-02-18T12:56:04+00:00\",\"mainEntityOfPage\":{\"@id\":\"https:\/\/menschen.proalps.ch\/fr\/hansruedi-stadler\/\"},\"wordCount\":1084,\"image\":{\"@id\":\"https:\/\/menschen.proalps.ch\/fr\/hansruedi-stadler\/#primaryimage\"},\"thumbnailUrl\":\"https:\/\/menschen.proalps.ch\/wp-content\/uploads\/2019\/02\/Esther-und-Hansruedi-Stadler.jpg\",\"articleSection\":[\"Personnages\"],\"inLanguage\":\"fr-FR\"},{\"@type\":\"WebPage\",\"@id\":\"https:\/\/menschen.proalps.ch\/fr\/hansruedi-stadler\/\",\"url\":\"https:\/\/menschen.proalps.ch\/fr\/hansruedi-stadler\/\",\"name\":\"Hansruedi Stadler - Des gens, des lieux, des propos frappants\",\"isPartOf\":{\"@id\":\"https:\/\/menschen.proalps.ch\/#website\"},\"primaryImageOfPage\":{\"@id\":\"https:\/\/menschen.proalps.ch\/fr\/hansruedi-stadler\/#primaryimage\"},\"image\":{\"@id\":\"https:\/\/menschen.proalps.ch\/fr\/hansruedi-stadler\/#primaryimage\"},\"thumbnailUrl\":\"https:\/\/menschen.proalps.ch\/wp-content\/uploads\/2019\/02\/Esther-und-Hansruedi-Stadler.jpg\",\"datePublished\":\"2019-01-06T13:11:22+00:00\",\"dateModified\":\"2019-02-18T12:56:04+00:00\",\"author\":{\"@id\":\"https:\/\/menschen.proalps.ch\/#\/schema\/person\/4e48dd4c36fb357e5fd16fd02f3b0383\"},\"breadcrumb\":{\"@id\":\"https:\/\/menschen.proalps.ch\/fr\/hansruedi-stadler\/#breadcrumb\"},\"inLanguage\":\"fr-FR\",\"potentialAction\":[{\"@type\":\"ReadAction\",\"target\":[\"https:\/\/menschen.proalps.ch\/fr\/hansruedi-stadler\/\"]}]},{\"@type\":\"ImageObject\",\"inLanguage\":\"fr-FR\",\"@id\":\"https:\/\/menschen.proalps.ch\/fr\/hansruedi-stadler\/#primaryimage\",\"url\":\"https:\/\/menschen.proalps.ch\/wp-content\/uploads\/2019\/02\/Esther-und-Hansruedi-Stadler.jpg\",\"contentUrl\":\"https:\/\/menschen.proalps.ch\/wp-content\/uploads\/2019\/02\/Esther-und-Hansruedi-Stadler.jpg\",\"width\":2000,\"height\":1332},{\"@type\":\"BreadcrumbList\",\"@id\":\"https:\/\/menschen.proalps.ch\/fr\/hansruedi-stadler\/#breadcrumb\",\"itemListElement\":[{\"@type\":\"ListItem\",\"position\":1,\"name\":\"Startseite\",\"item\":\"https:\/\/menschen.proalps.ch\/fr\/\"},{\"@type\":\"ListItem\",\"position\":2,\"name\":\"Hansruedi Stadler\"}]},{\"@type\":\"WebSite\",\"@id\":\"https:\/\/menschen.proalps.ch\/#website\",\"url\":\"https:\/\/menschen.proalps.ch\/\",\"name\":\"Vivre en cabine\",\"description\":\"De Fabian Biasio (vid\u00e9os et photos) et Susan Boos (textes) \",\"potentialAction\":[{\"@type\":\"SearchAction\",\"target\":{\"@type\":\"EntryPoint\",\"urlTemplate\":\"https:\/\/menschen.proalps.ch\/?s={search_term_string}\"},\"query-input\":{\"@type\":\"PropertyValueSpecification\",\"valueRequired\":true,\"valueName\":\"search_term_string\"}}],\"inLanguage\":\"fr-FR\"},{\"@type\":\"Person\",\"@id\":\"https:\/\/menschen.proalps.ch\/#\/schema\/person\/4e48dd4c36fb357e5fd16fd02f3b0383\",\"name\":\"alpenadmin\",\"image\":{\"@type\":\"ImageObject\",\"inLanguage\":\"fr-FR\",\"@id\":\"https:\/\/menschen.proalps.ch\/#\/schema\/person\/image\/\",\"url\":\"https:\/\/secure.gravatar.com\/avatar\/bc6d4d14227937daef51b8753b883ba033ea5c936fb2c4d7c17f5c8c41b5a450?s=96&d=mm&r=g\",\"contentUrl\":\"https:\/\/secure.gravatar.com\/avatar\/bc6d4d14227937daef51b8753b883ba033ea5c936fb2c4d7c17f5c8c41b5a450?s=96&d=mm&r=g\",\"caption\":\"alpenadmin\"},\"url\":\"https:\/\/menschen.proalps.ch\/fr\/author\/alpenadmin\/\"}]}<\/script>\n<!-- \/ Yoast SEO plugin. -->","yoast_head_json":{"title":"Hansruedi Stadler - Des gens, des lieux, des propos frappants","robots":{"index":"index","follow":"follow","max-snippet":"max-snippet:-1","max-image-preview":"max-image-preview:large","max-video-preview":"max-video-preview:-1"},"canonical":"https:\/\/menschen.proalps.ch\/fr\/hansruedi-stadler\/","og_locale":"fr_FR","og_type":"article","og_title":"Hansruedi Stadler - Des gens, des lieux, des propos frappants","og_description":"[aesop_quote type=\u00a0\u00bbblock\u00a0\u00bb background=\u00a0\u00bb#0080c0&Prime; text=\u00a0\u00bb#ffffff\u00a0\u00bb align=\u00a0\u00bbleft\u00a0\u00bb size=\u00a0\u00bb1&Prime; quote=\u00a0\u00bbHansruedi Stadler, n\u00e9 en 1953 \u00e0 Altdorf UR, a \u00e9t\u00e9 conseiller d&rsquo;Etat de 1988 \u00e0 l&rsquo;an 2000 et pendant cette p\u00e9riode deux fois landamann, c&rsquo;est \u00e0 dire pr\u00e9sident du Conseil. De 1999 \u00e0 2010, il a repr\u00e9sent\u00e9 son canton au Conseil des Etats pour le PDC. Jusqu&rsquo;en 2018, il [&hellip;]","og_url":"https:\/\/menschen.proalps.ch\/fr\/hansruedi-stadler\/","og_site_name":"Vivre en cabine","article_published_time":"2019-01-06T13:11:22+00:00","article_modified_time":"2019-02-18T12:56:04+00:00","og_image":[{"width":1024,"height":682,"url":"https:\/\/menschen.proalps.ch\/wp-content\/uploads\/2019\/02\/Esther-und-Hansruedi-Stadler-1024x682.jpg","type":"image\/jpeg"}],"author":"alpenadmin","twitter_card":"summary_large_image","twitter_misc":{"\u00c9crit par":"alpenadmin","Dur\u00e9e de lecture estim\u00e9e":"5 minutes"},"schema":{"@context":"https:\/\/schema.org","@graph":[{"@type":"Article","@id":"https:\/\/menschen.proalps.ch\/fr\/hansruedi-stadler\/#article","isPartOf":{"@id":"https:\/\/menschen.proalps.ch\/fr\/hansruedi-stadler\/"},"author":{"name":"alpenadmin","@id":"https:\/\/menschen.proalps.ch\/#\/schema\/person\/4e48dd4c36fb357e5fd16fd02f3b0383"},"headline":"Hansruedi Stadler","datePublished":"2019-01-06T13:11:22+00:00","dateModified":"2019-02-18T12:56:04+00:00","mainEntityOfPage":{"@id":"https:\/\/menschen.proalps.ch\/fr\/hansruedi-stadler\/"},"wordCount":1084,"image":{"@id":"https:\/\/menschen.proalps.ch\/fr\/hansruedi-stadler\/#primaryimage"},"thumbnailUrl":"https:\/\/menschen.proalps.ch\/wp-content\/uploads\/2019\/02\/Esther-und-Hansruedi-Stadler.jpg","articleSection":["Personnages"],"inLanguage":"fr-FR"},{"@type":"WebPage","@id":"https:\/\/menschen.proalps.ch\/fr\/hansruedi-stadler\/","url":"https:\/\/menschen.proalps.ch\/fr\/hansruedi-stadler\/","name":"Hansruedi Stadler - Des gens, des lieux, des propos frappants","isPartOf":{"@id":"https:\/\/menschen.proalps.ch\/#website"},"primaryImageOfPage":{"@id":"https:\/\/menschen.proalps.ch\/fr\/hansruedi-stadler\/#primaryimage"},"image":{"@id":"https:\/\/menschen.proalps.ch\/fr\/hansruedi-stadler\/#primaryimage"},"thumbnailUrl":"https:\/\/menschen.proalps.ch\/wp-content\/uploads\/2019\/02\/Esther-und-Hansruedi-Stadler.jpg","datePublished":"2019-01-06T13:11:22+00:00","dateModified":"2019-02-18T12:56:04+00:00","author":{"@id":"https:\/\/menschen.proalps.ch\/#\/schema\/person\/4e48dd4c36fb357e5fd16fd02f3b0383"},"breadcrumb":{"@id":"https:\/\/menschen.proalps.ch\/fr\/hansruedi-stadler\/#breadcrumb"},"inLanguage":"fr-FR","potentialAction":[{"@type":"ReadAction","target":["https:\/\/menschen.proalps.ch\/fr\/hansruedi-stadler\/"]}]},{"@type":"ImageObject","inLanguage":"fr-FR","@id":"https:\/\/menschen.proalps.ch\/fr\/hansruedi-stadler\/#primaryimage","url":"https:\/\/menschen.proalps.ch\/wp-content\/uploads\/2019\/02\/Esther-und-Hansruedi-Stadler.jpg","contentUrl":"https:\/\/menschen.proalps.ch\/wp-content\/uploads\/2019\/02\/Esther-und-Hansruedi-Stadler.jpg","width":2000,"height":1332},{"@type":"BreadcrumbList","@id":"https:\/\/menschen.proalps.ch\/fr\/hansruedi-stadler\/#breadcrumb","itemListElement":[{"@type":"ListItem","position":1,"name":"Startseite","item":"https:\/\/menschen.proalps.ch\/fr\/"},{"@type":"ListItem","position":2,"name":"Hansruedi Stadler"}]},{"@type":"WebSite","@id":"https:\/\/menschen.proalps.ch\/#website","url":"https:\/\/menschen.proalps.ch\/","name":"Vivre en cabine","description":"De Fabian Biasio (vid\u00e9os et photos) et Susan Boos (textes) ","potentialAction":[{"@type":"SearchAction","target":{"@type":"EntryPoint","urlTemplate":"https:\/\/menschen.proalps.ch\/?s={search_term_string}"},"query-input":{"@type":"PropertyValueSpecification","valueRequired":true,"valueName":"search_term_string"}}],"inLanguage":"fr-FR"},{"@type":"Person","@id":"https:\/\/menschen.proalps.ch\/#\/schema\/person\/4e48dd4c36fb357e5fd16fd02f3b0383","name":"alpenadmin","image":{"@type":"ImageObject","inLanguage":"fr-FR","@id":"https:\/\/menschen.proalps.ch\/#\/schema\/person\/image\/","url":"https:\/\/secure.gravatar.com\/avatar\/bc6d4d14227937daef51b8753b883ba033ea5c936fb2c4d7c17f5c8c41b5a450?s=96&d=mm&r=g","contentUrl":"https:\/\/secure.gravatar.com\/avatar\/bc6d4d14227937daef51b8753b883ba033ea5c936fb2c4d7c17f5c8c41b5a450?s=96&d=mm&r=g","caption":"alpenadmin"},"url":"https:\/\/menschen.proalps.ch\/fr\/author\/alpenadmin\/"}]}},"_links":{"self":[{"href":"https:\/\/menschen.proalps.ch\/fr\/wp-json\/wp\/v2\/posts\/1686","targetHints":{"allow":["GET"]}}],"collection":[{"href":"https:\/\/menschen.proalps.ch\/fr\/wp-json\/wp\/v2\/posts"}],"about":[{"href":"https:\/\/menschen.proalps.ch\/fr\/wp-json\/wp\/v2\/types\/post"}],"author":[{"embeddable":true,"href":"https:\/\/menschen.proalps.ch\/fr\/wp-json\/wp\/v2\/users\/1"}],"replies":[{"embeddable":true,"href":"https:\/\/menschen.proalps.ch\/fr\/wp-json\/wp\/v2\/comments?post=1686"}],"version-history":[{"count":4,"href":"https:\/\/menschen.proalps.ch\/fr\/wp-json\/wp\/v2\/posts\/1686\/revisions"}],"predecessor-version":[{"id":1885,"href":"https:\/\/menschen.proalps.ch\/fr\/wp-json\/wp\/v2\/posts\/1686\/revisions\/1885"}],"wp:featuredmedia":[{"embeddable":true,"href":"https:\/\/menschen.proalps.ch\/fr\/wp-json\/wp\/v2\/media\/1610"}],"wp:attachment":[{"href":"https:\/\/menschen.proalps.ch\/fr\/wp-json\/wp\/v2\/media?parent=1686"}],"wp:term":[{"taxonomy":"category","embeddable":true,"href":"https:\/\/menschen.proalps.ch\/fr\/wp-json\/wp\/v2\/categories?post=1686"},{"taxonomy":"post_tag","embeddable":true,"href":"https:\/\/menschen.proalps.ch\/fr\/wp-json\/wp\/v2\/tags?post=1686"}],"curies":[{"name":"wp","href":"https:\/\/api.w.org\/{rel}","templated":true}]}}