{"id":1691,"date":"2019-01-07T14:16:31","date_gmt":"2019-01-07T14:16:31","guid":{"rendered":"https:\/\/menschen.alpeninitiative.ch\/rita-huwiler\/"},"modified":"2019-02-18T12:55:42","modified_gmt":"2019-02-18T12:55:42","slug":"rita-huwiler","status":"publish","type":"post","link":"https:\/\/menschen.proalps.ch\/fr\/rita-huwiler\/","title":{"rendered":"Rita Huwiler"},"content":{"rendered":"\n\n[aesop_quote type=\u00a0\u00bbblock\u00a0\u00bb background=\u00a0\u00bb#0080c0&Prime; text=\u00a0\u00bb#ffffff\u00a0\u00bb align=\u00a0\u00bbleft\u00a0\u00bb size=\u00a0\u00bb1&Prime; quote=\u00a0\u00bbRita Huwiler Weissen est n\u00e9e \u00e0 Ebikon pr\u00e8s de Lucerne. En 1984, elle a d\u00e9m\u00e9nag\u00e9 au Valais et travaill\u00e9 \u00e0 l&rsquo;h\u00f4pital de Brigue. Apr\u00e8s un s\u00e9jour au Nicaragua, elle a \u00e9t\u00e9 la premi\u00e8re directrice de l\u2019Initiative des Alpes et \u00e9tait engag\u00e9e dans un service de soins \u00e0 domicile. Plus tard, elle a ouvert un cabinet de naturopathie \u00e0 Brigue.\u00a0\u00bb revealfx=\u00a0\u00bboff\u00a0\u00bb]\n<p>\u00ab Nous avons bloqu\u00e9 deux fois l&rsquo;autoroute du Gothard pr\u00e8s de Wassen dans le canton d&rsquo;Uri. J&rsquo;y ai particip\u00e9 les deux fois. C&rsquo;est pourquoi, j&rsquo;ai \u00e9t\u00e9 condamn\u00e9e comme r\u00e9cidiviste \u00e0 une peine d&#8217;emprisonnement de onze jours avec sursis. Apr\u00e8s une opposition de l\u2019Initiative des Alpes, la peine a \u00e9t\u00e9 r\u00e9duite \u00e0 sept jours.<\/p>\n<p>La Cour a consign\u00e9 que j&rsquo;\u00e9tais d\u00e9raisonnable et \u00e0 la question si je participerais \u00e0 nouveau \u00e0 un blocus, j&rsquo;ai r\u00e9pondu oui. Mais au fond, les juges avaient une certaine sympathie pour nous. Nous ne voulions pas simplement faire du tapage, nous nous engagions en faveur du bien-\u00eatre de la population. J&rsquo;ai argument\u00e9 que le trafic n&rsquo;\u00e9tait pas tenu responsable des maladies qu&rsquo;il causait \u00e0 des enfants et des adultes innocents mais que moi, je serais punie pour avoir arr\u00eat\u00e9 quelques voitures.<\/p>\n<p>En tant qu&rsquo;infirmi\u00e8re, la sant\u00e9 des gens me tenait particuli\u00e8rement \u00e0 c\u0153ur. Dans les ann\u00e9es 1980, le trafic de transit n&rsquo;avait pas seulement augment\u00e9 massivement au Gothard mais \u00e9galement aux autres passages alpins. Le premier blocus a eu lieu deux ans apr\u00e8s la votation sur l&rsquo;initiative des Alpes. Nous avons constat\u00e9 que le Conseil f\u00e9d\u00e9ral ne mettait pas en \u0153uvre le nouvel article de la Constitution. Nous devions lancer un signal. Une majorit\u00e9 de la population partageait nos revendications et j&rsquo;\u00e9tais convaincue que notre action \u00e9tait bonne et sens\u00e9e.<\/p>\n<p>Lors d&rsquo;un des blocus, le deuxi\u00e8me je crois, j&rsquo;ai flanch\u00e9, telle est mon impression. Nous avions convenu de ne pas reculer mais quand la police est arriv\u00e9e, j&rsquo;ai paniqu\u00e9 et je me suis laiss\u00e9e \u00e9vacuer. Certes, je suis retourn\u00e9e sur l&rsquo;autoroute en sautant par-dessus un petit mur mais je ne m&rsquo;\u00e9tais pas comport\u00e9e comme nous l&rsquo;avions convenu, nous voulions nous laisser emporter, mais surtout ne pas quitter la chauss\u00e9e routi\u00e8re d&rsquo;une autre mani\u00e8re. Je croyais encore fortement \u00e0 la toute-puissance des autorit\u00e9s \u00e0 cette \u00e9poque.<\/p>\n<p>Les deux actions avaient \u00e9t\u00e9 soigneusement pr\u00e9par\u00e9es. Personne ne savait rien \u00e0 l&rsquo;avance, mis \u00e0 part quelques photographes de presse et la t\u00e9l\u00e9vision. Nous sommes mont\u00e9s jusqu&rsquo;\u00e0 Wassen avec un convoi de quatre voitures et camions puis nous avons ralenti, nous avons roul\u00e9 les uns \u00e0 c\u00f4t\u00e9 des autres et nous nous sommes arr\u00eat\u00e9s. Aucun v\u00e9hicule ne pouvait plus passer, nous avons d\u00e9roul\u00e9 les banderoles que nous avions charg\u00e9s dans le camion. La deuxi\u00e8me fois, un groupe de rock faisait de la musique sur l&rsquo;autoroute.<\/p>\n<p>L&rsquo;activiste en chef de l\u2019Initiative des Alpes \u00e9tait l&rsquo;une des conductrices du convoi. Je n&rsquo;ai jamais eu peur d&rsquo;une condamnation ou d&rsquo;autres cons\u00e9quences car nous nous engagions pour l&rsquo;environnement et la population. J&rsquo;ai seulement \u00e9t\u00e9 en voyant arriver la police. Ce n&rsquo;est pas qu&rsquo;ils nous mena\u00e7aient ou nous intimidaient, certains \u00e9taient amicaux, cependant d&rsquo;autres semblaient \u00eatre en col\u00e8re. Peut-\u00eatre parce qu&rsquo;ils se doutaient qu&rsquo;ils ne pourraient pas emp\u00eacher le blocus. Mes compagnons n&rsquo;ont m\u00eame pas remarqu\u00e9 ma panique.<\/p>\n<p>Il y a quelques ann\u00e9es, je voulais jeter les proc\u00e8s-verbaux de l&rsquo;audience au tribunal &#8211; tout \u00e9tait termin\u00e9 maintenant. Mais pour mon mari Andreas (Weissen), ces papiers avaient une valeur historique. Ils sont donc encore entrepos\u00e9s quelque part chez nous. Andreas m&rsquo;avait engag\u00e9e en 1989 en tant que directrice de l\u2019Initiative des Alpes et peu de temps apr\u00e8s nous nous sommes mari\u00e9s. J&rsquo;ai travaill\u00e9 au Nicaragua comme infirmi\u00e8re, aujourd&rsquo;hui, on utilise plut\u00f4t le terme de professionnelle de la sant\u00e9. Apr\u00e8s mon retour, trouvant l&rsquo;organisation trop hi\u00e9rarchique, je ne voulais plus travailler dans un h\u00f4pital. La politique de l&rsquo;environnement m&rsquo;int\u00e9ressait et une amie me conseilla le poste \u00e0 pourvoir \u00e0 l\u2019Initiative des Alpes.<\/p>\n<p>En tant que premi\u00e8re directrice de l\u2019Initiative des Alpes, je me suis beaucoup occup\u00e9e des gens dans les r\u00e9gions. J&rsquo;ai toujours essay\u00e9 de les motiver \u00e0 prendre part \u00e0 des actions. J&rsquo;y ai particip\u00e9 moi aussi et j&rsquo;ai toujours eu beaucoup de plaisir. A cette \u00e9poque, j&rsquo;ai \u00e9galement collect\u00e9 des signatures pour l&rsquo;initiative des Alpes, puis pour les r\u00e9f\u00e9rendums et ainsi de suite &#8211; assez pour toute cette vie. La nature et la sant\u00e9 m&rsquo;ont toujours int\u00e9ress\u00e9e. C&rsquo;est pourquoi j&rsquo;ai suivi une formation de naturopathe et je travaille beaucoup avec des plantes. Je veux familiariser les gens avec les tr\u00e9sors curatifs de la nature et leur montrer de quelle mani\u00e8re ils peuvent s&rsquo;aider eux-m\u00eames. \u00bb<\/p>\n\n[aesop_collection collection=\u00a0\u00bbnull\u00a0\u00bb limit=\u00a0\u00bb16&Prime; columns=\u00a0\u00bb2&Prime; splash=\u00a0\u00bboff\u00a0\u00bb order=\u00a0\u00bbdefault\u00a0\u00bb loadmore=\u00a0\u00bboff\u00a0\u00bb showexcerpt=\u00a0\u00bbon\u00a0\u00bb revealfx=\u00a0\u00bboff\u00a0\u00bb]\n","protected":false},"excerpt":{"rendered":"<p>[aesop_quote type=\u00a0\u00bbblock\u00a0\u00bb background=\u00a0\u00bb#0080c0&Prime; text=\u00a0\u00bb#ffffff\u00a0\u00bb align=\u00a0\u00bbleft\u00a0\u00bb size=\u00a0\u00bb1&Prime; quote=\u00a0\u00bbRita Huwiler Weissen est n\u00e9e \u00e0 Ebikon pr\u00e8s de Lucerne. En 1984, elle a d\u00e9m\u00e9nag\u00e9 au Valais et travaill\u00e9 \u00e0 l&rsquo;h\u00f4pital de Brigue. Apr\u00e8s un s\u00e9jour au Nicaragua, elle a \u00e9t\u00e9 la premi\u00e8re directrice de l\u2019Initiative des Alpes et \u00e9tait engag\u00e9e dans un service de soins \u00e0 domicile. Plus [&hellip;]<\/p>\n","protected":false},"author":1,"featured_media":1637,"comment_status":"closed","ping_status":"closed","sticky":false,"template":"","format":"standard","meta":{"inline_featured_image":false,"footnotes":""},"categories":[57],"tags":[],"class_list":["post-1691","post","type-post","status-publish","format-standard","has-post-thumbnail","hentry","category-personnages"],"yoast_head":"<!-- This site is optimized with the Yoast SEO plugin v27.1.1 - https:\/\/yoast.com\/product\/yoast-seo-wordpress\/ -->\n<title>Rita Huwiler - Des gens, des lieux, des propos frappants<\/title>\n<meta name=\"robots\" content=\"index, follow, max-snippet:-1, max-image-preview:large, max-video-preview:-1\" \/>\n<link rel=\"canonical\" href=\"https:\/\/menschen.proalps.ch\/fr\/rita-huwiler\/\" \/>\n<meta property=\"og:locale\" content=\"fr_FR\" \/>\n<meta property=\"og:type\" content=\"article\" \/>\n<meta property=\"og:title\" content=\"Rita Huwiler - Des gens, des lieux, des propos frappants\" \/>\n<meta property=\"og:description\" content=\"[aesop_quote type=\u00a0\u00bbblock\u00a0\u00bb background=\u00a0\u00bb#0080c0&Prime; text=\u00a0\u00bb#ffffff\u00a0\u00bb align=\u00a0\u00bbleft\u00a0\u00bb size=\u00a0\u00bb1&Prime; quote=\u00a0\u00bbRita Huwiler Weissen est n\u00e9e \u00e0 Ebikon pr\u00e8s de Lucerne. En 1984, elle a d\u00e9m\u00e9nag\u00e9 au Valais et travaill\u00e9 \u00e0 l&rsquo;h\u00f4pital de Brigue. Apr\u00e8s un s\u00e9jour au Nicaragua, elle a \u00e9t\u00e9 la premi\u00e8re directrice de l\u2019Initiative des Alpes et \u00e9tait engag\u00e9e dans un service de soins \u00e0 domicile. Plus [&hellip;]\" \/>\n<meta property=\"og:url\" content=\"https:\/\/menschen.proalps.ch\/fr\/rita-huwiler\/\" \/>\n<meta property=\"og:site_name\" content=\"Vivre en cabine\" \/>\n<meta property=\"article:published_time\" content=\"2019-01-07T14:16:31+00:00\" \/>\n<meta property=\"article:modified_time\" content=\"2019-02-18T12:55:42+00:00\" \/>\n<meta property=\"og:image\" content=\"https:\/\/menschen.proalps.ch\/wp-content\/uploads\/2019\/02\/Rita-Huwyler-1024x681.jpg\" \/>\n\t<meta property=\"og:image:width\" content=\"1024\" \/>\n\t<meta property=\"og:image:height\" content=\"681\" \/>\n\t<meta property=\"og:image:type\" content=\"image\/jpeg\" \/>\n<meta name=\"author\" content=\"alpenadmin\" \/>\n<meta name=\"twitter:card\" content=\"summary_large_image\" \/>\n<meta name=\"twitter:label1\" content=\"\u00c9crit par\" \/>\n\t<meta name=\"twitter:data1\" content=\"alpenadmin\" \/>\n\t<meta name=\"twitter:label2\" content=\"Dur\u00e9e de lecture estim\u00e9e\" \/>\n\t<meta name=\"twitter:data2\" content=\"4 minutes\" \/>\n<script type=\"application\/ld+json\" class=\"yoast-schema-graph\">{\"@context\":\"https:\/\/schema.org\",\"@graph\":[{\"@type\":\"Article\",\"@id\":\"https:\/\/menschen.proalps.ch\/fr\/rita-huwiler\/#article\",\"isPartOf\":{\"@id\":\"https:\/\/menschen.proalps.ch\/fr\/rita-huwiler\/\"},\"author\":{\"name\":\"alpenadmin\",\"@id\":\"https:\/\/menschen.proalps.ch\/#\/schema\/person\/4e48dd4c36fb357e5fd16fd02f3b0383\"},\"headline\":\"Rita Huwiler\",\"datePublished\":\"2019-01-07T14:16:31+00:00\",\"dateModified\":\"2019-02-18T12:55:42+00:00\",\"mainEntityOfPage\":{\"@id\":\"https:\/\/menschen.proalps.ch\/fr\/rita-huwiler\/\"},\"wordCount\":903,\"image\":{\"@id\":\"https:\/\/menschen.proalps.ch\/fr\/rita-huwiler\/#primaryimage\"},\"thumbnailUrl\":\"https:\/\/menschen.proalps.ch\/wp-content\/uploads\/2019\/02\/Rita-Huwyler.jpg\",\"articleSection\":[\"Personnages\"],\"inLanguage\":\"fr-FR\"},{\"@type\":\"WebPage\",\"@id\":\"https:\/\/menschen.proalps.ch\/fr\/rita-huwiler\/\",\"url\":\"https:\/\/menschen.proalps.ch\/fr\/rita-huwiler\/\",\"name\":\"Rita Huwiler - Des gens, des lieux, des propos frappants\",\"isPartOf\":{\"@id\":\"https:\/\/menschen.proalps.ch\/#website\"},\"primaryImageOfPage\":{\"@id\":\"https:\/\/menschen.proalps.ch\/fr\/rita-huwiler\/#primaryimage\"},\"image\":{\"@id\":\"https:\/\/menschen.proalps.ch\/fr\/rita-huwiler\/#primaryimage\"},\"thumbnailUrl\":\"https:\/\/menschen.proalps.ch\/wp-content\/uploads\/2019\/02\/Rita-Huwyler.jpg\",\"datePublished\":\"2019-01-07T14:16:31+00:00\",\"dateModified\":\"2019-02-18T12:55:42+00:00\",\"author\":{\"@id\":\"https:\/\/menschen.proalps.ch\/#\/schema\/person\/4e48dd4c36fb357e5fd16fd02f3b0383\"},\"breadcrumb\":{\"@id\":\"https:\/\/menschen.proalps.ch\/fr\/rita-huwiler\/#breadcrumb\"},\"inLanguage\":\"fr-FR\",\"potentialAction\":[{\"@type\":\"ReadAction\",\"target\":[\"https:\/\/menschen.proalps.ch\/fr\/rita-huwiler\/\"]}]},{\"@type\":\"ImageObject\",\"inLanguage\":\"fr-FR\",\"@id\":\"https:\/\/menschen.proalps.ch\/fr\/rita-huwiler\/#primaryimage\",\"url\":\"https:\/\/menschen.proalps.ch\/wp-content\/uploads\/2019\/02\/Rita-Huwyler.jpg\",\"contentUrl\":\"https:\/\/menschen.proalps.ch\/wp-content\/uploads\/2019\/02\/Rita-Huwyler.jpg\",\"width\":2000,\"height\":1331},{\"@type\":\"BreadcrumbList\",\"@id\":\"https:\/\/menschen.proalps.ch\/fr\/rita-huwiler\/#breadcrumb\",\"itemListElement\":[{\"@type\":\"ListItem\",\"position\":1,\"name\":\"Startseite\",\"item\":\"https:\/\/menschen.proalps.ch\/fr\/\"},{\"@type\":\"ListItem\",\"position\":2,\"name\":\"Rita Huwiler\"}]},{\"@type\":\"WebSite\",\"@id\":\"https:\/\/menschen.proalps.ch\/#website\",\"url\":\"https:\/\/menschen.proalps.ch\/\",\"name\":\"Vivre en cabine\",\"description\":\"De Fabian Biasio (vid\u00e9os et photos) et Susan Boos (textes) \",\"potentialAction\":[{\"@type\":\"SearchAction\",\"target\":{\"@type\":\"EntryPoint\",\"urlTemplate\":\"https:\/\/menschen.proalps.ch\/?s={search_term_string}\"},\"query-input\":{\"@type\":\"PropertyValueSpecification\",\"valueRequired\":true,\"valueName\":\"search_term_string\"}}],\"inLanguage\":\"fr-FR\"},{\"@type\":\"Person\",\"@id\":\"https:\/\/menschen.proalps.ch\/#\/schema\/person\/4e48dd4c36fb357e5fd16fd02f3b0383\",\"name\":\"alpenadmin\",\"image\":{\"@type\":\"ImageObject\",\"inLanguage\":\"fr-FR\",\"@id\":\"https:\/\/menschen.proalps.ch\/#\/schema\/person\/image\/\",\"url\":\"https:\/\/secure.gravatar.com\/avatar\/bc6d4d14227937daef51b8753b883ba033ea5c936fb2c4d7c17f5c8c41b5a450?s=96&d=mm&r=g\",\"contentUrl\":\"https:\/\/secure.gravatar.com\/avatar\/bc6d4d14227937daef51b8753b883ba033ea5c936fb2c4d7c17f5c8c41b5a450?s=96&d=mm&r=g\",\"caption\":\"alpenadmin\"},\"url\":\"https:\/\/menschen.proalps.ch\/fr\/author\/alpenadmin\/\"}]}<\/script>\n<!-- \/ Yoast SEO plugin. -->","yoast_head_json":{"title":"Rita Huwiler - Des gens, des lieux, des propos frappants","robots":{"index":"index","follow":"follow","max-snippet":"max-snippet:-1","max-image-preview":"max-image-preview:large","max-video-preview":"max-video-preview:-1"},"canonical":"https:\/\/menschen.proalps.ch\/fr\/rita-huwiler\/","og_locale":"fr_FR","og_type":"article","og_title":"Rita Huwiler - Des gens, des lieux, des propos frappants","og_description":"[aesop_quote type=\u00a0\u00bbblock\u00a0\u00bb background=\u00a0\u00bb#0080c0&Prime; text=\u00a0\u00bb#ffffff\u00a0\u00bb align=\u00a0\u00bbleft\u00a0\u00bb size=\u00a0\u00bb1&Prime; quote=\u00a0\u00bbRita Huwiler Weissen est n\u00e9e \u00e0 Ebikon pr\u00e8s de Lucerne. En 1984, elle a d\u00e9m\u00e9nag\u00e9 au Valais et travaill\u00e9 \u00e0 l&rsquo;h\u00f4pital de Brigue. Apr\u00e8s un s\u00e9jour au Nicaragua, elle a \u00e9t\u00e9 la premi\u00e8re directrice de l\u2019Initiative des Alpes et \u00e9tait engag\u00e9e dans un service de soins \u00e0 domicile. Plus [&hellip;]","og_url":"https:\/\/menschen.proalps.ch\/fr\/rita-huwiler\/","og_site_name":"Vivre en cabine","article_published_time":"2019-01-07T14:16:31+00:00","article_modified_time":"2019-02-18T12:55:42+00:00","og_image":[{"width":1024,"height":681,"url":"https:\/\/menschen.proalps.ch\/wp-content\/uploads\/2019\/02\/Rita-Huwyler-1024x681.jpg","type":"image\/jpeg"}],"author":"alpenadmin","twitter_card":"summary_large_image","twitter_misc":{"\u00c9crit par":"alpenadmin","Dur\u00e9e de lecture estim\u00e9e":"4 minutes"},"schema":{"@context":"https:\/\/schema.org","@graph":[{"@type":"Article","@id":"https:\/\/menschen.proalps.ch\/fr\/rita-huwiler\/#article","isPartOf":{"@id":"https:\/\/menschen.proalps.ch\/fr\/rita-huwiler\/"},"author":{"name":"alpenadmin","@id":"https:\/\/menschen.proalps.ch\/#\/schema\/person\/4e48dd4c36fb357e5fd16fd02f3b0383"},"headline":"Rita Huwiler","datePublished":"2019-01-07T14:16:31+00:00","dateModified":"2019-02-18T12:55:42+00:00","mainEntityOfPage":{"@id":"https:\/\/menschen.proalps.ch\/fr\/rita-huwiler\/"},"wordCount":903,"image":{"@id":"https:\/\/menschen.proalps.ch\/fr\/rita-huwiler\/#primaryimage"},"thumbnailUrl":"https:\/\/menschen.proalps.ch\/wp-content\/uploads\/2019\/02\/Rita-Huwyler.jpg","articleSection":["Personnages"],"inLanguage":"fr-FR"},{"@type":"WebPage","@id":"https:\/\/menschen.proalps.ch\/fr\/rita-huwiler\/","url":"https:\/\/menschen.proalps.ch\/fr\/rita-huwiler\/","name":"Rita Huwiler - Des gens, des lieux, des propos frappants","isPartOf":{"@id":"https:\/\/menschen.proalps.ch\/#website"},"primaryImageOfPage":{"@id":"https:\/\/menschen.proalps.ch\/fr\/rita-huwiler\/#primaryimage"},"image":{"@id":"https:\/\/menschen.proalps.ch\/fr\/rita-huwiler\/#primaryimage"},"thumbnailUrl":"https:\/\/menschen.proalps.ch\/wp-content\/uploads\/2019\/02\/Rita-Huwyler.jpg","datePublished":"2019-01-07T14:16:31+00:00","dateModified":"2019-02-18T12:55:42+00:00","author":{"@id":"https:\/\/menschen.proalps.ch\/#\/schema\/person\/4e48dd4c36fb357e5fd16fd02f3b0383"},"breadcrumb":{"@id":"https:\/\/menschen.proalps.ch\/fr\/rita-huwiler\/#breadcrumb"},"inLanguage":"fr-FR","potentialAction":[{"@type":"ReadAction","target":["https:\/\/menschen.proalps.ch\/fr\/rita-huwiler\/"]}]},{"@type":"ImageObject","inLanguage":"fr-FR","@id":"https:\/\/menschen.proalps.ch\/fr\/rita-huwiler\/#primaryimage","url":"https:\/\/menschen.proalps.ch\/wp-content\/uploads\/2019\/02\/Rita-Huwyler.jpg","contentUrl":"https:\/\/menschen.proalps.ch\/wp-content\/uploads\/2019\/02\/Rita-Huwyler.jpg","width":2000,"height":1331},{"@type":"BreadcrumbList","@id":"https:\/\/menschen.proalps.ch\/fr\/rita-huwiler\/#breadcrumb","itemListElement":[{"@type":"ListItem","position":1,"name":"Startseite","item":"https:\/\/menschen.proalps.ch\/fr\/"},{"@type":"ListItem","position":2,"name":"Rita Huwiler"}]},{"@type":"WebSite","@id":"https:\/\/menschen.proalps.ch\/#website","url":"https:\/\/menschen.proalps.ch\/","name":"Vivre en cabine","description":"De Fabian Biasio (vid\u00e9os et photos) et Susan Boos (textes) ","potentialAction":[{"@type":"SearchAction","target":{"@type":"EntryPoint","urlTemplate":"https:\/\/menschen.proalps.ch\/?s={search_term_string}"},"query-input":{"@type":"PropertyValueSpecification","valueRequired":true,"valueName":"search_term_string"}}],"inLanguage":"fr-FR"},{"@type":"Person","@id":"https:\/\/menschen.proalps.ch\/#\/schema\/person\/4e48dd4c36fb357e5fd16fd02f3b0383","name":"alpenadmin","image":{"@type":"ImageObject","inLanguage":"fr-FR","@id":"https:\/\/menschen.proalps.ch\/#\/schema\/person\/image\/","url":"https:\/\/secure.gravatar.com\/avatar\/bc6d4d14227937daef51b8753b883ba033ea5c936fb2c4d7c17f5c8c41b5a450?s=96&d=mm&r=g","contentUrl":"https:\/\/secure.gravatar.com\/avatar\/bc6d4d14227937daef51b8753b883ba033ea5c936fb2c4d7c17f5c8c41b5a450?s=96&d=mm&r=g","caption":"alpenadmin"},"url":"https:\/\/menschen.proalps.ch\/fr\/author\/alpenadmin\/"}]}},"_links":{"self":[{"href":"https:\/\/menschen.proalps.ch\/fr\/wp-json\/wp\/v2\/posts\/1691","targetHints":{"allow":["GET"]}}],"collection":[{"href":"https:\/\/menschen.proalps.ch\/fr\/wp-json\/wp\/v2\/posts"}],"about":[{"href":"https:\/\/menschen.proalps.ch\/fr\/wp-json\/wp\/v2\/types\/post"}],"author":[{"embeddable":true,"href":"https:\/\/menschen.proalps.ch\/fr\/wp-json\/wp\/v2\/users\/1"}],"replies":[{"embeddable":true,"href":"https:\/\/menschen.proalps.ch\/fr\/wp-json\/wp\/v2\/comments?post=1691"}],"version-history":[{"count":4,"href":"https:\/\/menschen.proalps.ch\/fr\/wp-json\/wp\/v2\/posts\/1691\/revisions"}],"predecessor-version":[{"id":1884,"href":"https:\/\/menschen.proalps.ch\/fr\/wp-json\/wp\/v2\/posts\/1691\/revisions\/1884"}],"wp:featuredmedia":[{"embeddable":true,"href":"https:\/\/menschen.proalps.ch\/fr\/wp-json\/wp\/v2\/media\/1637"}],"wp:attachment":[{"href":"https:\/\/menschen.proalps.ch\/fr\/wp-json\/wp\/v2\/media?parent=1691"}],"wp:term":[{"taxonomy":"category","embeddable":true,"href":"https:\/\/menschen.proalps.ch\/fr\/wp-json\/wp\/v2\/categories?post=1691"},{"taxonomy":"post_tag","embeddable":true,"href":"https:\/\/menschen.proalps.ch\/fr\/wp-json\/wp\/v2\/tags?post=1691"}],"curies":[{"name":"wp","href":"https:\/\/api.w.org\/{rel}","templated":true}]}}