{"id":1696,"date":"2019-01-08T14:22:17","date_gmt":"2019-01-08T14:22:17","guid":{"rendered":"https:\/\/menschen.alpeninitiative.ch\/max-keller\/"},"modified":"2019-02-18T12:55:19","modified_gmt":"2019-02-18T12:55:19","slug":"max-keller","status":"publish","type":"post","link":"https:\/\/menschen.proalps.ch\/fr\/max-keller\/","title":{"rendered":"Max Keller"},"content":{"rendered":"\n\n\n[aesop_quote type=\u00a0\u00bbblock\u00a0\u00bb background=\u00a0\u00bb#0080c0&Prime; text=\u00a0\u00bb#ffffff\u00a0\u00bb align=\u00a0\u00bbleft\u00a0\u00bb size=\u00a0\u00bb1&Prime; quote=\u00a0\u00bbMax Keller est n\u00e9 en 1951 \u00e0 Emmenbr\u00fccke LU. Il a enseign\u00e9 l&rsquo;anglais et l&rsquo;espagnol au gymnase d&rsquo;Altdorf durant 30 ans. Aujourd&rsquo;hui retrait\u00e9, il guide des randonn\u00e9es en Suisse et dans les pays voisins pour l&rsquo;Initiative des Alpes.\u00a0\u00bb revealfx=\u00a0\u00bboff\u00a0\u00bb]\n<p>\u00ab L&rsquo;id\u00e9e de voiler la Pierre du diable nous est venue de l&rsquo;artiste Christo. Il \u00e9tait tr\u00e8s actif dans les ann\u00e9e 90. D&#8217;emballer la Pierre d&rsquo;\u00e9toffe rouge n&rsquo;a pas \u00e9t\u00e9 une mince affaire. De l&rsquo;aube au cr\u00e9puscule, nous \u00e9tions \u00e0 cinq accroch\u00e9s \u00e0 des cordes sur ce bloc de granit de 13 m\u00e8tres de haut. Nous avons for\u00e9 et plac\u00e9 des centaines de goujons par un temps magnifique gr\u00e2ce au foehn uranais qui soufflait. Le deuxi\u00e8me jour, le foehn est tomb\u00e9 et nous avons termin\u00e9 notre travail sous une pluie battante, compl\u00e8tement tremp\u00e9s.<\/p>\n<p>La robe rouge a \u00e9t\u00e9 cr\u00e9\u00e9e sur mesure et cousue par un tapissier \u00e0 Erstfeld. Il a mis 80 heures pour plus de 650 m2 de tissu. Cette action n&rsquo;a pas plu \u00e0 tous les automobilistes, ils l&rsquo;ont exprim\u00e9 en passant. Mais je me souviens aussi d&rsquo;un Uranais de soixante ans qui nous a donn\u00e9 un billet de 20 francs pour un caf\u00e9. Heureusement qu&rsquo;il n&rsquo;est rien arriv\u00e9 de grave lorsque nos opposants ont voulu mettre le feu \u00e0 l&rsquo;\u00e9toffe.<\/p>\n<p>Durant 25 ans je me suis engag\u00e9 corps et \u00e2me pour l&rsquo;Initiative des Alpes, la nuit avec des coll\u00e8gues en accrochant d&rsquo;immenses banderoles sur les parois rocheuses et le jour avec d&rsquo;autres personnes d&rsquo;Uri en mettant en sc\u00e8ne d&rsquo;innombrables et cr\u00e9atives actions publiques. J&rsquo;\u00e9tais enseignant. Tout le monde connaissait ma position mais cela ne m&rsquo;a jamais port\u00e9 pr\u00e9judice. Le recteur de l&rsquo;\u00e9cole cantonale \u00e0 Altdorf lui-m\u00eame soutenait la plupart du temps mes actions. Le jour suivant celui o\u00f9 la pierre du diable avait \u00e9t\u00e9 voil\u00e9e avaient lieu les examens de maturit\u00e9. Un expert m&rsquo;a demand\u00e9 si j&rsquo;avais pris part \u00e0 l&rsquo;action. Evidemment, lui ai-je r\u00e9pondu. Et il r\u00e9torqua qu&rsquo;il nous aurait renvers\u00e9s s&rsquo;il \u00e9tait pass\u00e9 par l\u00e0. De telles r\u00e9actions restaient cependant exeptionnelles.<\/p>\n<p>Apr\u00e8s une vie plaisante de globe-trotter et d&rsquo;\u00e9tudiant, je me suis install\u00e9 \u00e0 Uri en 1983. Je voulais d\u00e9sormais m&rsquo;engager professionnellement comme dans mon temps libre pour la communaut\u00e9. Je suis un alpiniste passionn\u00e9 et un amoureux de la nature. Il \u00e9tait donc naturel pour moi de travailler pour l&rsquo;environnement et de prot\u00e9ger nos magnifiques cantons montagneux de la rapide croissance du trafic lourd de transit. Mes protestations \u00e9cologiques ont souvent scandalis\u00e9, ce n&rsquo;\u00e9tait pas toujours agr\u00e9able. C&rsquo;est pourquoi j&rsquo;ai aussi voulu m&rsquo;engager de mani\u00e8re constructive. Pendant 20 ans, j&rsquo;ai dirig\u00e9 le groupe de jeunes Pro Natura et WWF. Je voulais sensibiliser les enfants \u00e0 la beaut\u00e9 de notre environnement en leur faisant d\u00e9couvrir la nature.<\/p>\n<p>Lors d&rsquo;une action avant la votation de 1994, j&rsquo;ai d\u00e9nich\u00e9 40 chemises de berger. Nous avons ensuite travers\u00e9 la Suisse avec dix autres jeunes familles pour promouvoir l&rsquo;initiative des Alpes. J&rsquo;ai pu faire ainsi de nombreuses rencontres. A Bellinzone, nous nous sommes produits sans autorisation et avons distribu\u00e9 des sp\u00e9cialit\u00e9s uranaises. Le maire nous a r\u00e9primand\u00e9s mais nous a tout de m\u00eame laisser faire. Apr\u00e8s cette action, j&rsquo;\u00e9tais si \u00e9puis\u00e9 que je suis rest\u00e9 deux heures dans mon bain pour r\u00e9cup\u00e9rer. Depuis, je n&rsquo;ai plus jamais pris de bain, sauf dans les lacs alpins, seulement des douches.<\/p>\n<p>Entreprendre quelque chose ensemble, se battre pour une bonne cause, cela donne \u00e0 chacun beaucoup d\u2019\u00e9nergie. Nous avons toujours rassembl\u00e9 beaucoup de gens autour de nos actions, en faisant partie d&rsquo;un mouvement populaire, je me sentais compl\u00e8tement uranais. Lors de la derni\u00e8re action de ma carri\u00e8re activiste, peu avant le vote de 2016, je me suis faufil\u00e9 \u00e0 l&rsquo;aube, sous la neige qui tombait dru, avec un groupe de 15 jeunes d&rsquo;Uri, dont deux jeunes familles avec enfants sur l&rsquo;auvent, au-dessus de l&rsquo;entr\u00e9e du tunnel routier du Gothard. Nous y avons \u00e9tendu une banni\u00e8re de 10 m\u00e8tres de large pour une photo pour l&rsquo;agence Keystone. Dix minutes plus tard, nous avions \u00e0 nouveau disparu comme par enchantement, juste avant que la police nous attrape. C&rsquo;\u00e9tait un sacr\u00e9 coup. L&rsquo;ambiance \u00e9tait fantastique, nous avons ressenti \u00e0 nouveau cette \u00e9nergie qui se manifeste lorsque l&rsquo;on s&rsquo;engage ensemble pour une cause.<\/p>\n<p>L&rsquo;aspect de la collectivit\u00e9 \u00e9tait aussi important pour moi que l&rsquo;engagement pour l&rsquo;environnement. Nous avons lutt\u00e9 avec courage et avons tout donn\u00e9. J&rsquo;ai investi des centaines d&rsquo;heures. Quand, en 2016, une majorit\u00e9 a vot\u00e9 pour le deuxi\u00e8me tube du Saint-Gothard, j&rsquo;ai pens\u00e9 : c&rsquo;est comme quand tu construis une maison pendant des ann\u00e9es et qu&rsquo;une avalanche la d\u00e9molit. Mais ce genre de pens\u00e9es ne font pas long feu. Nous avons beaucoup progress\u00e9 dans le transfert du transport de marchandises de la route au rail et sensibilis\u00e9 de nombreuses personnes aux pr\u00e9occupations environnementales &#8211; et j&rsquo;ai toujours ador\u00e9 ces actions. \u00bb<\/p>\n\n[aesop_collection collection=\u00a0\u00bbnull\u00a0\u00bb limit=\u00a0\u00bb16&Prime; columns=\u00a0\u00bb2&Prime; splash=\u00a0\u00bboff\u00a0\u00bb order=\u00a0\u00bbdefault\u00a0\u00bb loadmore=\u00a0\u00bboff\u00a0\u00bb showexcerpt=\u00a0\u00bbon\u00a0\u00bb revealfx=\u00a0\u00bboff\u00a0\u00bb]\n","protected":false},"excerpt":{"rendered":"<p>[aesop_quote type=\u00a0\u00bbblock\u00a0\u00bb background=\u00a0\u00bb#0080c0&Prime; text=\u00a0\u00bb#ffffff\u00a0\u00bb align=\u00a0\u00bbleft\u00a0\u00bb size=\u00a0\u00bb1&Prime; quote=\u00a0\u00bbMax Keller est n\u00e9 en 1951 \u00e0 Emmenbr\u00fccke LU. Il a enseign\u00e9 l&rsquo;anglais et l&rsquo;espagnol au gymnase d&rsquo;Altdorf durant 30 ans. Aujourd&rsquo;hui retrait\u00e9, il guide des randonn\u00e9es en Suisse et dans les pays voisins pour l&rsquo;Initiative des Alpes.\u00a0\u00bb revealfx=\u00a0\u00bboff\u00a0\u00bb] \u00ab L&rsquo;id\u00e9e de voiler la Pierre du diable nous est [&hellip;]<\/p>\n","protected":false},"author":1,"featured_media":1631,"comment_status":"closed","ping_status":"closed","sticky":false,"template":"","format":"standard","meta":{"inline_featured_image":false,"footnotes":""},"categories":[57],"tags":[],"class_list":["post-1696","post","type-post","status-publish","format-standard","has-post-thumbnail","hentry","category-personnages"],"yoast_head":"<!-- This site is optimized with the Yoast SEO plugin v27.1.1 - https:\/\/yoast.com\/product\/yoast-seo-wordpress\/ -->\n<title>Max Keller - Des gens, des lieux, des propos frappants<\/title>\n<meta name=\"robots\" content=\"index, follow, max-snippet:-1, max-image-preview:large, max-video-preview:-1\" \/>\n<link rel=\"canonical\" href=\"https:\/\/menschen.proalps.ch\/fr\/max-keller\/\" \/>\n<meta property=\"og:locale\" content=\"fr_FR\" \/>\n<meta property=\"og:type\" content=\"article\" \/>\n<meta property=\"og:title\" content=\"Max Keller - Des gens, des lieux, des propos frappants\" \/>\n<meta property=\"og:description\" content=\"[aesop_quote type=\u00a0\u00bbblock\u00a0\u00bb background=\u00a0\u00bb#0080c0&Prime; text=\u00a0\u00bb#ffffff\u00a0\u00bb align=\u00a0\u00bbleft\u00a0\u00bb size=\u00a0\u00bb1&Prime; quote=\u00a0\u00bbMax Keller est n\u00e9 en 1951 \u00e0 Emmenbr\u00fccke LU. Il a enseign\u00e9 l&rsquo;anglais et l&rsquo;espagnol au gymnase d&rsquo;Altdorf durant 30 ans. Aujourd&rsquo;hui retrait\u00e9, il guide des randonn\u00e9es en Suisse et dans les pays voisins pour l&rsquo;Initiative des Alpes.\u00a0\u00bb revealfx=\u00a0\u00bboff\u00a0\u00bb] \u00ab L&rsquo;id\u00e9e de voiler la Pierre du diable nous est [&hellip;]\" \/>\n<meta property=\"og:url\" content=\"https:\/\/menschen.proalps.ch\/fr\/max-keller\/\" \/>\n<meta property=\"og:site_name\" content=\"Vivre en cabine\" \/>\n<meta property=\"article:published_time\" content=\"2019-01-08T14:22:17+00:00\" \/>\n<meta property=\"article:modified_time\" content=\"2019-02-18T12:55:19+00:00\" \/>\n<meta property=\"og:image\" content=\"https:\/\/menschen.proalps.ch\/wp-content\/uploads\/2019\/02\/Max-Keller-1024x681.jpg\" \/>\n\t<meta property=\"og:image:width\" content=\"1024\" \/>\n\t<meta property=\"og:image:height\" content=\"681\" \/>\n\t<meta property=\"og:image:type\" content=\"image\/jpeg\" \/>\n<meta name=\"author\" content=\"alpenadmin\" \/>\n<meta name=\"twitter:card\" content=\"summary_large_image\" \/>\n<meta name=\"twitter:label1\" content=\"\u00c9crit par\" \/>\n\t<meta name=\"twitter:data1\" content=\"alpenadmin\" \/>\n\t<meta name=\"twitter:label2\" content=\"Dur\u00e9e de lecture estim\u00e9e\" \/>\n\t<meta name=\"twitter:data2\" content=\"4 minutes\" \/>\n<script type=\"application\/ld+json\" class=\"yoast-schema-graph\">{\"@context\":\"https:\/\/schema.org\",\"@graph\":[{\"@type\":\"Article\",\"@id\":\"https:\/\/menschen.proalps.ch\/fr\/max-keller\/#article\",\"isPartOf\":{\"@id\":\"https:\/\/menschen.proalps.ch\/fr\/max-keller\/\"},\"author\":{\"name\":\"alpenadmin\",\"@id\":\"https:\/\/menschen.proalps.ch\/#\/schema\/person\/4e48dd4c36fb357e5fd16fd02f3b0383\"},\"headline\":\"Max Keller\",\"datePublished\":\"2019-01-08T14:22:17+00:00\",\"dateModified\":\"2019-02-18T12:55:19+00:00\",\"mainEntityOfPage\":{\"@id\":\"https:\/\/menschen.proalps.ch\/fr\/max-keller\/\"},\"wordCount\":911,\"image\":{\"@id\":\"https:\/\/menschen.proalps.ch\/fr\/max-keller\/#primaryimage\"},\"thumbnailUrl\":\"https:\/\/menschen.proalps.ch\/wp-content\/uploads\/2019\/02\/Max-Keller.jpg\",\"articleSection\":[\"Personnages\"],\"inLanguage\":\"fr-FR\"},{\"@type\":\"WebPage\",\"@id\":\"https:\/\/menschen.proalps.ch\/fr\/max-keller\/\",\"url\":\"https:\/\/menschen.proalps.ch\/fr\/max-keller\/\",\"name\":\"Max Keller - Des gens, des lieux, des propos frappants\",\"isPartOf\":{\"@id\":\"https:\/\/menschen.proalps.ch\/#website\"},\"primaryImageOfPage\":{\"@id\":\"https:\/\/menschen.proalps.ch\/fr\/max-keller\/#primaryimage\"},\"image\":{\"@id\":\"https:\/\/menschen.proalps.ch\/fr\/max-keller\/#primaryimage\"},\"thumbnailUrl\":\"https:\/\/menschen.proalps.ch\/wp-content\/uploads\/2019\/02\/Max-Keller.jpg\",\"datePublished\":\"2019-01-08T14:22:17+00:00\",\"dateModified\":\"2019-02-18T12:55:19+00:00\",\"author\":{\"@id\":\"https:\/\/menschen.proalps.ch\/#\/schema\/person\/4e48dd4c36fb357e5fd16fd02f3b0383\"},\"breadcrumb\":{\"@id\":\"https:\/\/menschen.proalps.ch\/fr\/max-keller\/#breadcrumb\"},\"inLanguage\":\"fr-FR\",\"potentialAction\":[{\"@type\":\"ReadAction\",\"target\":[\"https:\/\/menschen.proalps.ch\/fr\/max-keller\/\"]}]},{\"@type\":\"ImageObject\",\"inLanguage\":\"fr-FR\",\"@id\":\"https:\/\/menschen.proalps.ch\/fr\/max-keller\/#primaryimage\",\"url\":\"https:\/\/menschen.proalps.ch\/wp-content\/uploads\/2019\/02\/Max-Keller.jpg\",\"contentUrl\":\"https:\/\/menschen.proalps.ch\/wp-content\/uploads\/2019\/02\/Max-Keller.jpg\",\"width\":2000,\"height\":1331},{\"@type\":\"BreadcrumbList\",\"@id\":\"https:\/\/menschen.proalps.ch\/fr\/max-keller\/#breadcrumb\",\"itemListElement\":[{\"@type\":\"ListItem\",\"position\":1,\"name\":\"Startseite\",\"item\":\"https:\/\/menschen.proalps.ch\/fr\/\"},{\"@type\":\"ListItem\",\"position\":2,\"name\":\"Max Keller\"}]},{\"@type\":\"WebSite\",\"@id\":\"https:\/\/menschen.proalps.ch\/#website\",\"url\":\"https:\/\/menschen.proalps.ch\/\",\"name\":\"Vivre en cabine\",\"description\":\"De Fabian Biasio (vid\u00e9os et photos) et Susan Boos (textes) \",\"potentialAction\":[{\"@type\":\"SearchAction\",\"target\":{\"@type\":\"EntryPoint\",\"urlTemplate\":\"https:\/\/menschen.proalps.ch\/?s={search_term_string}\"},\"query-input\":{\"@type\":\"PropertyValueSpecification\",\"valueRequired\":true,\"valueName\":\"search_term_string\"}}],\"inLanguage\":\"fr-FR\"},{\"@type\":\"Person\",\"@id\":\"https:\/\/menschen.proalps.ch\/#\/schema\/person\/4e48dd4c36fb357e5fd16fd02f3b0383\",\"name\":\"alpenadmin\",\"image\":{\"@type\":\"ImageObject\",\"inLanguage\":\"fr-FR\",\"@id\":\"https:\/\/menschen.proalps.ch\/#\/schema\/person\/image\/\",\"url\":\"https:\/\/secure.gravatar.com\/avatar\/bc6d4d14227937daef51b8753b883ba033ea5c936fb2c4d7c17f5c8c41b5a450?s=96&d=mm&r=g\",\"contentUrl\":\"https:\/\/secure.gravatar.com\/avatar\/bc6d4d14227937daef51b8753b883ba033ea5c936fb2c4d7c17f5c8c41b5a450?s=96&d=mm&r=g\",\"caption\":\"alpenadmin\"},\"url\":\"https:\/\/menschen.proalps.ch\/fr\/author\/alpenadmin\/\"}]}<\/script>\n<!-- \/ Yoast SEO plugin. -->","yoast_head_json":{"title":"Max Keller - Des gens, des lieux, des propos frappants","robots":{"index":"index","follow":"follow","max-snippet":"max-snippet:-1","max-image-preview":"max-image-preview:large","max-video-preview":"max-video-preview:-1"},"canonical":"https:\/\/menschen.proalps.ch\/fr\/max-keller\/","og_locale":"fr_FR","og_type":"article","og_title":"Max Keller - Des gens, des lieux, des propos frappants","og_description":"[aesop_quote type=\u00a0\u00bbblock\u00a0\u00bb background=\u00a0\u00bb#0080c0&Prime; text=\u00a0\u00bb#ffffff\u00a0\u00bb align=\u00a0\u00bbleft\u00a0\u00bb size=\u00a0\u00bb1&Prime; quote=\u00a0\u00bbMax Keller est n\u00e9 en 1951 \u00e0 Emmenbr\u00fccke LU. Il a enseign\u00e9 l&rsquo;anglais et l&rsquo;espagnol au gymnase d&rsquo;Altdorf durant 30 ans. Aujourd&rsquo;hui retrait\u00e9, il guide des randonn\u00e9es en Suisse et dans les pays voisins pour l&rsquo;Initiative des Alpes.\u00a0\u00bb revealfx=\u00a0\u00bboff\u00a0\u00bb] \u00ab L&rsquo;id\u00e9e de voiler la Pierre du diable nous est [&hellip;]","og_url":"https:\/\/menschen.proalps.ch\/fr\/max-keller\/","og_site_name":"Vivre en cabine","article_published_time":"2019-01-08T14:22:17+00:00","article_modified_time":"2019-02-18T12:55:19+00:00","og_image":[{"width":1024,"height":681,"url":"https:\/\/menschen.proalps.ch\/wp-content\/uploads\/2019\/02\/Max-Keller-1024x681.jpg","type":"image\/jpeg"}],"author":"alpenadmin","twitter_card":"summary_large_image","twitter_misc":{"\u00c9crit par":"alpenadmin","Dur\u00e9e de lecture estim\u00e9e":"4 minutes"},"schema":{"@context":"https:\/\/schema.org","@graph":[{"@type":"Article","@id":"https:\/\/menschen.proalps.ch\/fr\/max-keller\/#article","isPartOf":{"@id":"https:\/\/menschen.proalps.ch\/fr\/max-keller\/"},"author":{"name":"alpenadmin","@id":"https:\/\/menschen.proalps.ch\/#\/schema\/person\/4e48dd4c36fb357e5fd16fd02f3b0383"},"headline":"Max Keller","datePublished":"2019-01-08T14:22:17+00:00","dateModified":"2019-02-18T12:55:19+00:00","mainEntityOfPage":{"@id":"https:\/\/menschen.proalps.ch\/fr\/max-keller\/"},"wordCount":911,"image":{"@id":"https:\/\/menschen.proalps.ch\/fr\/max-keller\/#primaryimage"},"thumbnailUrl":"https:\/\/menschen.proalps.ch\/wp-content\/uploads\/2019\/02\/Max-Keller.jpg","articleSection":["Personnages"],"inLanguage":"fr-FR"},{"@type":"WebPage","@id":"https:\/\/menschen.proalps.ch\/fr\/max-keller\/","url":"https:\/\/menschen.proalps.ch\/fr\/max-keller\/","name":"Max Keller - Des gens, des lieux, des propos frappants","isPartOf":{"@id":"https:\/\/menschen.proalps.ch\/#website"},"primaryImageOfPage":{"@id":"https:\/\/menschen.proalps.ch\/fr\/max-keller\/#primaryimage"},"image":{"@id":"https:\/\/menschen.proalps.ch\/fr\/max-keller\/#primaryimage"},"thumbnailUrl":"https:\/\/menschen.proalps.ch\/wp-content\/uploads\/2019\/02\/Max-Keller.jpg","datePublished":"2019-01-08T14:22:17+00:00","dateModified":"2019-02-18T12:55:19+00:00","author":{"@id":"https:\/\/menschen.proalps.ch\/#\/schema\/person\/4e48dd4c36fb357e5fd16fd02f3b0383"},"breadcrumb":{"@id":"https:\/\/menschen.proalps.ch\/fr\/max-keller\/#breadcrumb"},"inLanguage":"fr-FR","potentialAction":[{"@type":"ReadAction","target":["https:\/\/menschen.proalps.ch\/fr\/max-keller\/"]}]},{"@type":"ImageObject","inLanguage":"fr-FR","@id":"https:\/\/menschen.proalps.ch\/fr\/max-keller\/#primaryimage","url":"https:\/\/menschen.proalps.ch\/wp-content\/uploads\/2019\/02\/Max-Keller.jpg","contentUrl":"https:\/\/menschen.proalps.ch\/wp-content\/uploads\/2019\/02\/Max-Keller.jpg","width":2000,"height":1331},{"@type":"BreadcrumbList","@id":"https:\/\/menschen.proalps.ch\/fr\/max-keller\/#breadcrumb","itemListElement":[{"@type":"ListItem","position":1,"name":"Startseite","item":"https:\/\/menschen.proalps.ch\/fr\/"},{"@type":"ListItem","position":2,"name":"Max Keller"}]},{"@type":"WebSite","@id":"https:\/\/menschen.proalps.ch\/#website","url":"https:\/\/menschen.proalps.ch\/","name":"Vivre en cabine","description":"De Fabian Biasio (vid\u00e9os et photos) et Susan Boos (textes) ","potentialAction":[{"@type":"SearchAction","target":{"@type":"EntryPoint","urlTemplate":"https:\/\/menschen.proalps.ch\/?s={search_term_string}"},"query-input":{"@type":"PropertyValueSpecification","valueRequired":true,"valueName":"search_term_string"}}],"inLanguage":"fr-FR"},{"@type":"Person","@id":"https:\/\/menschen.proalps.ch\/#\/schema\/person\/4e48dd4c36fb357e5fd16fd02f3b0383","name":"alpenadmin","image":{"@type":"ImageObject","inLanguage":"fr-FR","@id":"https:\/\/menschen.proalps.ch\/#\/schema\/person\/image\/","url":"https:\/\/secure.gravatar.com\/avatar\/bc6d4d14227937daef51b8753b883ba033ea5c936fb2c4d7c17f5c8c41b5a450?s=96&d=mm&r=g","contentUrl":"https:\/\/secure.gravatar.com\/avatar\/bc6d4d14227937daef51b8753b883ba033ea5c936fb2c4d7c17f5c8c41b5a450?s=96&d=mm&r=g","caption":"alpenadmin"},"url":"https:\/\/menschen.proalps.ch\/fr\/author\/alpenadmin\/"}]}},"_links":{"self":[{"href":"https:\/\/menschen.proalps.ch\/fr\/wp-json\/wp\/v2\/posts\/1696","targetHints":{"allow":["GET"]}}],"collection":[{"href":"https:\/\/menschen.proalps.ch\/fr\/wp-json\/wp\/v2\/posts"}],"about":[{"href":"https:\/\/menschen.proalps.ch\/fr\/wp-json\/wp\/v2\/types\/post"}],"author":[{"embeddable":true,"href":"https:\/\/menschen.proalps.ch\/fr\/wp-json\/wp\/v2\/users\/1"}],"replies":[{"embeddable":true,"href":"https:\/\/menschen.proalps.ch\/fr\/wp-json\/wp\/v2\/comments?post=1696"}],"version-history":[{"count":4,"href":"https:\/\/menschen.proalps.ch\/fr\/wp-json\/wp\/v2\/posts\/1696\/revisions"}],"predecessor-version":[{"id":1883,"href":"https:\/\/menschen.proalps.ch\/fr\/wp-json\/wp\/v2\/posts\/1696\/revisions\/1883"}],"wp:featuredmedia":[{"embeddable":true,"href":"https:\/\/menschen.proalps.ch\/fr\/wp-json\/wp\/v2\/media\/1631"}],"wp:attachment":[{"href":"https:\/\/menschen.proalps.ch\/fr\/wp-json\/wp\/v2\/media?parent=1696"}],"wp:term":[{"taxonomy":"category","embeddable":true,"href":"https:\/\/menschen.proalps.ch\/fr\/wp-json\/wp\/v2\/categories?post=1696"},{"taxonomy":"post_tag","embeddable":true,"href":"https:\/\/menschen.proalps.ch\/fr\/wp-json\/wp\/v2\/tags?post=1696"}],"curies":[{"name":"wp","href":"https:\/\/api.w.org\/{rel}","templated":true}]}}