{"id":1701,"date":"2019-01-09T13:15:51","date_gmt":"2019-01-09T13:15:51","guid":{"rendered":"https:\/\/menschen.alpeninitiative.ch\/alf-arnold\/"},"modified":"2019-02-18T12:54:58","modified_gmt":"2019-02-18T12:54:58","slug":"alf-arnold","status":"publish","type":"post","link":"https:\/\/menschen.proalps.ch\/fr\/alf-arnold\/","title":{"rendered":"Alf Arnold"},"content":{"rendered":"\n\n[aesop_quote type=\u00a0\u00bbblock\u00a0\u00bb background=\u00a0\u00bb#0080c0&Prime; text=\u00a0\u00bb#ffffff\u00a0\u00bb align=\u00a0\u00bbleft\u00a0\u00bb size=\u00a0\u00bb7&Prime; quote=\u00a0\u00bbAlf Arnold, n\u00e9 en 1950 \u00e0 Altdorf UR a dirig\u00e9 l\u2019Initiative des Alpes de 1995 \u00e0 2014. Ses connaissances techniques sont l\u00e9gendaires. Apr\u00e8s avoir repr\u00e9sent\u00e9 pendant quatre ans le Kritischen Forum Uri au parlement cantonal, il a si\u00e9g\u00e9 de 2008 \u00e0 2016 au parlement cantonal uranais pour les Verts.\u00a0\u00bb revealfx=\u00a0\u00bboff\u00a0\u00bb]\n<p>\u00ab Je ne sais plus exactement comment nous avons eu l&rsquo;id\u00e9e de d\u00e9cerner la Pierre du diable pour les transports absurdes. Mais ce sujet travaillait l\u2019Initiative des Alpes depuis longtemps. Nous avons donc cherch\u00e9 de bons exemples pour illustrer l&rsquo;absurdit\u00e9 de nombreux transports de marchandises. Si je m&rsquo;en souviens bien, c&rsquo;est une petite note dans le journal qui a attir\u00e9 notre attention sur les bombes a\u00e9rosol de cr\u00e8me. Comment peut-on avoir l&rsquo;id\u00e9e de transporter de la cr\u00e8me suisse, de Suisse en Belgique et en Italie pour la ramener, sous forme de cr\u00e8me fouett\u00e9e conditionn\u00e9e en bombe a\u00e9rosol ? Ces transports ont valu la premi\u00e8re Pierre du diable aux laiteries AZM de Suhr et ELSA d\u2019Estavayer en 2002. Nous avons nomm\u00e9 cette cr\u00e8me \u00ab la cr\u00e8me honte-\u00e0-toi \u00bb. Ce prix n\u00e9gatif cadrait avec notre concept trilogique : \u00e9viter les transports inutiles, r\u00e9duire les courses et transf\u00e9rer les marchandises au rail.<\/p>\n<p>La Pierre du diable a \u00e9t\u00e9 inspir\u00e9e par l&rsquo;action de l&rsquo;an 2000, lorsque l&rsquo;Initiative des Alpes avait recouvert d&rsquo;un voile rouge la Pierre du diable \u00e0 G\u00f6schenen. Lors de la c\u00e9r\u00e9monie de remise des prix, des activistes portant des bombes de cr\u00e8mes g\u00e9antes en bois, se tenaient devant les b\u00e2timents de la laiterie. Comme nous voulions remettre le prix un jour ouvrable, cela n&rsquo;a pas \u00e9t\u00e9 facile de trouver des gens disponibles. Puis, j&rsquo;ai tout simplement sonn\u00e9 \u00e0 la porte de la laiterie \u00e0 Suhr. Le chef est venu personnellement recevoir le prix et a essay\u00e9 de faire contre mauvaise fortune bon c\u0153ur. Nous nous sommes bien amus\u00e9s et c&rsquo;\u00e9tait une action agr\u00e9able ; \u00e0 cette \u00e9poque, les entreprises n&rsquo;avaient pas encore les dispositifs de s\u00e9curit\u00e9 d&rsquo;aujourd&rsquo;hui et ne mena\u00e7aient pas de poursuites pour violation de domicile.<\/p>\n<p>La m\u00eame ann\u00e9e, nous avons transform\u00e9 les bombes de cr\u00e8me en bois en bougies, pour comm\u00e9morer en automne \u00e0 Airolo, le grave accident qui s&rsquo;\u00e9tait produit dans le tunnel du Gothard en 2001. La difficult\u00e9 pour d\u00e9cerner la Pierre du diable consiste depuis toujours \u00e0 d\u00e9masquer, preuves \u00e0 l&rsquo;appui, les transports absurdes, les entreprises ne les pr\u00e9sentant pas sur un plateau d&rsquo;argent. Il est difficile \u00e9galement de faire une distinction claire entre les transports inutiles et les transports sens\u00e9s. Je pense cependant que ce prix n\u00e9gatif aura une incidence \u00e0 long terme et que les gens deviendront plus attentifs \u00e0 l&rsquo;existence de ces nombreux transports absurdes qui se font aussi bien par voie routi\u00e8re que ferroviaire, a\u00e9rienne ou maritime.<\/p>\n<p>Nous n&rsquo;avons bien s\u00fbr pas choisi la Pierre du diable au hasard. Depuis les pr\u00e9mices de l\u2019Initiative des Alpes, nous misons sur des lieux symboliques, familiers aux gens. Il en \u00e9tait ainsi lors du lancement de l&rsquo;initiative dans les gorges de Sch\u00f6llenen, mais \u00e9galement plus tard, lors de nombreuses actions telles le Feu dans les Alpes qui lui, rappelle les feux de protestation traditionnels et le feu du 1erao\u00fbt. De tels symboles sont n\u00e9cessaires pour attirer l&rsquo;attention des m\u00e9dias et de la population. La Pierre du diable s&rsquo;accorde au mieux avec la probl\u00e9matique du trafic de transit. Lors de la construction du tunnel routier au Gothard dans les ann\u00e9es 1970, un rocher qui se trouvait au milieu du trac\u00e9 de route pr\u00e9vu devait \u00eatre d\u00e9plac\u00e9. Il est donc devenu un monument comm\u00e9moratif contre le trafic de transit. Heureusement qu&rsquo;\u00e0 cette \u00e9poque, personne n&rsquo;avait os\u00e9 le dynamiter.<\/p>\n<p>Il faut cependant craindre que la globalisation de l&rsquo;\u00e9conomie et la r\u00e9partition du travail continuelle n&rsquo;augmentent dans le futur non seulement le nombre de transports mais \u00e9galement la distance \u00e0 parcourir. C&rsquo;est l\u00e0 que je me demande alors : qu&rsquo;avons-nous obtenu ? Toujours est-il que la Suisse dispose actuellement de la RPLP pour les camions, un instrument qui vise \u00e0 encourager le transfert du trafic de marchandises de la route au rail. En outre, contrairement \u00e0 la situation actuelle au Brenner, entre l&rsquo;Autriche et l&rsquo;Italie, le nombre de poids lourds traversant les Alpes est en diminution constante depuis quelques ann\u00e9es. Mais si l\u2019Initiative des Alpes ne rappelait pas sans cesse le mandat de transfert, la Conf\u00e9d\u00e9ration n&rsquo;accorderait probablement plus aujourd&rsquo;hui le m\u00eame soutien financier au rail.<\/p>\n<p>Il serait souhaitable que la politique de transfert suisse d\u00e9teigne plus fortement sur les autres pays de l&rsquo;arc alpin. Mais tant que les transports resteront si bon march\u00e9, beaucoup d&rsquo;entreprises ne r\u00e9fl\u00e9chiront m\u00eame pas \u00e0 la fa\u00e7on d&rsquo;obtenir leur mat\u00e9riel \u00e0 proximit\u00e9 raisonnable. \u00bb<\/p>\n\n[aesop_collection collection=\u00a0\u00bbnull\u00a0\u00bb limit=\u00a0\u00bb16&Prime; columns=\u00a0\u00bb2&Prime; splash=\u00a0\u00bboff\u00a0\u00bb order=\u00a0\u00bbdefault\u00a0\u00bb loadmore=\u00a0\u00bboff\u00a0\u00bb showexcerpt=\u00a0\u00bbon\u00a0\u00bb revealfx=\u00a0\u00bboff\u00a0\u00bb]\n","protected":false},"excerpt":{"rendered":"<p>[aesop_quote type=\u00a0\u00bbblock\u00a0\u00bb background=\u00a0\u00bb#0080c0&Prime; text=\u00a0\u00bb#ffffff\u00a0\u00bb align=\u00a0\u00bbleft\u00a0\u00bb size=\u00a0\u00bb7&Prime; quote=\u00a0\u00bbAlf Arnold, n\u00e9 en 1950 \u00e0 Altdorf UR a dirig\u00e9 l\u2019Initiative des Alpes de 1995 \u00e0 2014. Ses connaissances techniques sont l\u00e9gendaires. Apr\u00e8s avoir repr\u00e9sent\u00e9 pendant quatre ans le Kritischen Forum Uri au parlement cantonal, il a si\u00e9g\u00e9 de 2008 \u00e0 2016 au parlement cantonal uranais pour les Verts.\u00a0\u00bb [&hellip;]<\/p>\n","protected":false},"author":1,"featured_media":1598,"comment_status":"closed","ping_status":"closed","sticky":false,"template":"","format":"standard","meta":{"inline_featured_image":false,"footnotes":""},"categories":[57],"tags":[],"class_list":["post-1701","post","type-post","status-publish","format-standard","has-post-thumbnail","hentry","category-personnages"],"yoast_head":"<!-- This site is optimized with the Yoast SEO plugin v27.1.1 - https:\/\/yoast.com\/product\/yoast-seo-wordpress\/ -->\n<title>Alf Arnold - Des gens, des lieux, des propos frappants<\/title>\n<meta name=\"robots\" content=\"index, follow, max-snippet:-1, max-image-preview:large, max-video-preview:-1\" \/>\n<link rel=\"canonical\" href=\"https:\/\/menschen.proalps.ch\/fr\/alf-arnold\/\" \/>\n<meta property=\"og:locale\" content=\"fr_FR\" \/>\n<meta property=\"og:type\" content=\"article\" \/>\n<meta property=\"og:title\" content=\"Alf Arnold - Des gens, des lieux, des propos frappants\" \/>\n<meta property=\"og:description\" content=\"[aesop_quote type=\u00a0\u00bbblock\u00a0\u00bb background=\u00a0\u00bb#0080c0&Prime; text=\u00a0\u00bb#ffffff\u00a0\u00bb align=\u00a0\u00bbleft\u00a0\u00bb size=\u00a0\u00bb7&Prime; quote=\u00a0\u00bbAlf Arnold, n\u00e9 en 1950 \u00e0 Altdorf UR a dirig\u00e9 l\u2019Initiative des Alpes de 1995 \u00e0 2014. Ses connaissances techniques sont l\u00e9gendaires. Apr\u00e8s avoir repr\u00e9sent\u00e9 pendant quatre ans le Kritischen Forum Uri au parlement cantonal, il a si\u00e9g\u00e9 de 2008 \u00e0 2016 au parlement cantonal uranais pour les Verts.\u00a0\u00bb [&hellip;]\" \/>\n<meta property=\"og:url\" content=\"https:\/\/menschen.proalps.ch\/fr\/alf-arnold\/\" \/>\n<meta property=\"og:site_name\" content=\"Vivre en cabine\" \/>\n<meta property=\"article:published_time\" content=\"2019-01-09T13:15:51+00:00\" \/>\n<meta property=\"article:modified_time\" content=\"2019-02-18T12:54:58+00:00\" \/>\n<meta property=\"og:image\" content=\"https:\/\/menschen.proalps.ch\/wp-content\/uploads\/2019\/02\/Alf-Arnold-1024x681.jpg\" \/>\n\t<meta property=\"og:image:width\" content=\"1024\" \/>\n\t<meta property=\"og:image:height\" content=\"681\" \/>\n\t<meta property=\"og:image:type\" content=\"image\/jpeg\" \/>\n<meta name=\"author\" content=\"alpenadmin\" \/>\n<meta name=\"twitter:card\" content=\"summary_large_image\" \/>\n<meta name=\"twitter:label1\" content=\"\u00c9crit par\" \/>\n\t<meta name=\"twitter:data1\" content=\"alpenadmin\" \/>\n\t<meta name=\"twitter:label2\" content=\"Dur\u00e9e de lecture estim\u00e9e\" \/>\n\t<meta name=\"twitter:data2\" content=\"4 minutes\" \/>\n<script type=\"application\/ld+json\" class=\"yoast-schema-graph\">{\"@context\":\"https:\/\/schema.org\",\"@graph\":[{\"@type\":\"Article\",\"@id\":\"https:\/\/menschen.proalps.ch\/fr\/alf-arnold\/#article\",\"isPartOf\":{\"@id\":\"https:\/\/menschen.proalps.ch\/fr\/alf-arnold\/\"},\"author\":{\"name\":\"alpenadmin\",\"@id\":\"https:\/\/menschen.proalps.ch\/#\/schema\/person\/4e48dd4c36fb357e5fd16fd02f3b0383\"},\"headline\":\"Alf Arnold\",\"datePublished\":\"2019-01-09T13:15:51+00:00\",\"dateModified\":\"2019-02-18T12:54:58+00:00\",\"mainEntityOfPage\":{\"@id\":\"https:\/\/menschen.proalps.ch\/fr\/alf-arnold\/\"},\"wordCount\":876,\"image\":{\"@id\":\"https:\/\/menschen.proalps.ch\/fr\/alf-arnold\/#primaryimage\"},\"thumbnailUrl\":\"https:\/\/menschen.proalps.ch\/wp-content\/uploads\/2019\/02\/Alf-Arnold.jpg\",\"articleSection\":[\"Personnages\"],\"inLanguage\":\"fr-FR\"},{\"@type\":\"WebPage\",\"@id\":\"https:\/\/menschen.proalps.ch\/fr\/alf-arnold\/\",\"url\":\"https:\/\/menschen.proalps.ch\/fr\/alf-arnold\/\",\"name\":\"Alf Arnold - Des gens, des lieux, des propos frappants\",\"isPartOf\":{\"@id\":\"https:\/\/menschen.proalps.ch\/#website\"},\"primaryImageOfPage\":{\"@id\":\"https:\/\/menschen.proalps.ch\/fr\/alf-arnold\/#primaryimage\"},\"image\":{\"@id\":\"https:\/\/menschen.proalps.ch\/fr\/alf-arnold\/#primaryimage\"},\"thumbnailUrl\":\"https:\/\/menschen.proalps.ch\/wp-content\/uploads\/2019\/02\/Alf-Arnold.jpg\",\"datePublished\":\"2019-01-09T13:15:51+00:00\",\"dateModified\":\"2019-02-18T12:54:58+00:00\",\"author\":{\"@id\":\"https:\/\/menschen.proalps.ch\/#\/schema\/person\/4e48dd4c36fb357e5fd16fd02f3b0383\"},\"breadcrumb\":{\"@id\":\"https:\/\/menschen.proalps.ch\/fr\/alf-arnold\/#breadcrumb\"},\"inLanguage\":\"fr-FR\",\"potentialAction\":[{\"@type\":\"ReadAction\",\"target\":[\"https:\/\/menschen.proalps.ch\/fr\/alf-arnold\/\"]}]},{\"@type\":\"ImageObject\",\"inLanguage\":\"fr-FR\",\"@id\":\"https:\/\/menschen.proalps.ch\/fr\/alf-arnold\/#primaryimage\",\"url\":\"https:\/\/menschen.proalps.ch\/wp-content\/uploads\/2019\/02\/Alf-Arnold.jpg\",\"contentUrl\":\"https:\/\/menschen.proalps.ch\/wp-content\/uploads\/2019\/02\/Alf-Arnold.jpg\",\"width\":2000,\"height\":1331},{\"@type\":\"BreadcrumbList\",\"@id\":\"https:\/\/menschen.proalps.ch\/fr\/alf-arnold\/#breadcrumb\",\"itemListElement\":[{\"@type\":\"ListItem\",\"position\":1,\"name\":\"Startseite\",\"item\":\"https:\/\/menschen.proalps.ch\/fr\/\"},{\"@type\":\"ListItem\",\"position\":2,\"name\":\"Alf Arnold\"}]},{\"@type\":\"WebSite\",\"@id\":\"https:\/\/menschen.proalps.ch\/#website\",\"url\":\"https:\/\/menschen.proalps.ch\/\",\"name\":\"Vivre en cabine\",\"description\":\"De Fabian Biasio (vid\u00e9os et photos) et Susan Boos (textes) \",\"potentialAction\":[{\"@type\":\"SearchAction\",\"target\":{\"@type\":\"EntryPoint\",\"urlTemplate\":\"https:\/\/menschen.proalps.ch\/?s={search_term_string}\"},\"query-input\":{\"@type\":\"PropertyValueSpecification\",\"valueRequired\":true,\"valueName\":\"search_term_string\"}}],\"inLanguage\":\"fr-FR\"},{\"@type\":\"Person\",\"@id\":\"https:\/\/menschen.proalps.ch\/#\/schema\/person\/4e48dd4c36fb357e5fd16fd02f3b0383\",\"name\":\"alpenadmin\",\"image\":{\"@type\":\"ImageObject\",\"inLanguage\":\"fr-FR\",\"@id\":\"https:\/\/menschen.proalps.ch\/#\/schema\/person\/image\/\",\"url\":\"https:\/\/secure.gravatar.com\/avatar\/bc6d4d14227937daef51b8753b883ba033ea5c936fb2c4d7c17f5c8c41b5a450?s=96&d=mm&r=g\",\"contentUrl\":\"https:\/\/secure.gravatar.com\/avatar\/bc6d4d14227937daef51b8753b883ba033ea5c936fb2c4d7c17f5c8c41b5a450?s=96&d=mm&r=g\",\"caption\":\"alpenadmin\"},\"url\":\"https:\/\/menschen.proalps.ch\/fr\/author\/alpenadmin\/\"}]}<\/script>\n<!-- \/ Yoast SEO plugin. -->","yoast_head_json":{"title":"Alf Arnold - Des gens, des lieux, des propos frappants","robots":{"index":"index","follow":"follow","max-snippet":"max-snippet:-1","max-image-preview":"max-image-preview:large","max-video-preview":"max-video-preview:-1"},"canonical":"https:\/\/menschen.proalps.ch\/fr\/alf-arnold\/","og_locale":"fr_FR","og_type":"article","og_title":"Alf Arnold - Des gens, des lieux, des propos frappants","og_description":"[aesop_quote type=\u00a0\u00bbblock\u00a0\u00bb background=\u00a0\u00bb#0080c0&Prime; text=\u00a0\u00bb#ffffff\u00a0\u00bb align=\u00a0\u00bbleft\u00a0\u00bb size=\u00a0\u00bb7&Prime; quote=\u00a0\u00bbAlf Arnold, n\u00e9 en 1950 \u00e0 Altdorf UR a dirig\u00e9 l\u2019Initiative des Alpes de 1995 \u00e0 2014. Ses connaissances techniques sont l\u00e9gendaires. Apr\u00e8s avoir repr\u00e9sent\u00e9 pendant quatre ans le Kritischen Forum Uri au parlement cantonal, il a si\u00e9g\u00e9 de 2008 \u00e0 2016 au parlement cantonal uranais pour les Verts.\u00a0\u00bb [&hellip;]","og_url":"https:\/\/menschen.proalps.ch\/fr\/alf-arnold\/","og_site_name":"Vivre en cabine","article_published_time":"2019-01-09T13:15:51+00:00","article_modified_time":"2019-02-18T12:54:58+00:00","og_image":[{"width":1024,"height":681,"url":"https:\/\/menschen.proalps.ch\/wp-content\/uploads\/2019\/02\/Alf-Arnold-1024x681.jpg","type":"image\/jpeg"}],"author":"alpenadmin","twitter_card":"summary_large_image","twitter_misc":{"\u00c9crit par":"alpenadmin","Dur\u00e9e de lecture estim\u00e9e":"4 minutes"},"schema":{"@context":"https:\/\/schema.org","@graph":[{"@type":"Article","@id":"https:\/\/menschen.proalps.ch\/fr\/alf-arnold\/#article","isPartOf":{"@id":"https:\/\/menschen.proalps.ch\/fr\/alf-arnold\/"},"author":{"name":"alpenadmin","@id":"https:\/\/menschen.proalps.ch\/#\/schema\/person\/4e48dd4c36fb357e5fd16fd02f3b0383"},"headline":"Alf Arnold","datePublished":"2019-01-09T13:15:51+00:00","dateModified":"2019-02-18T12:54:58+00:00","mainEntityOfPage":{"@id":"https:\/\/menschen.proalps.ch\/fr\/alf-arnold\/"},"wordCount":876,"image":{"@id":"https:\/\/menschen.proalps.ch\/fr\/alf-arnold\/#primaryimage"},"thumbnailUrl":"https:\/\/menschen.proalps.ch\/wp-content\/uploads\/2019\/02\/Alf-Arnold.jpg","articleSection":["Personnages"],"inLanguage":"fr-FR"},{"@type":"WebPage","@id":"https:\/\/menschen.proalps.ch\/fr\/alf-arnold\/","url":"https:\/\/menschen.proalps.ch\/fr\/alf-arnold\/","name":"Alf Arnold - Des gens, des lieux, des propos frappants","isPartOf":{"@id":"https:\/\/menschen.proalps.ch\/#website"},"primaryImageOfPage":{"@id":"https:\/\/menschen.proalps.ch\/fr\/alf-arnold\/#primaryimage"},"image":{"@id":"https:\/\/menschen.proalps.ch\/fr\/alf-arnold\/#primaryimage"},"thumbnailUrl":"https:\/\/menschen.proalps.ch\/wp-content\/uploads\/2019\/02\/Alf-Arnold.jpg","datePublished":"2019-01-09T13:15:51+00:00","dateModified":"2019-02-18T12:54:58+00:00","author":{"@id":"https:\/\/menschen.proalps.ch\/#\/schema\/person\/4e48dd4c36fb357e5fd16fd02f3b0383"},"breadcrumb":{"@id":"https:\/\/menschen.proalps.ch\/fr\/alf-arnold\/#breadcrumb"},"inLanguage":"fr-FR","potentialAction":[{"@type":"ReadAction","target":["https:\/\/menschen.proalps.ch\/fr\/alf-arnold\/"]}]},{"@type":"ImageObject","inLanguage":"fr-FR","@id":"https:\/\/menschen.proalps.ch\/fr\/alf-arnold\/#primaryimage","url":"https:\/\/menschen.proalps.ch\/wp-content\/uploads\/2019\/02\/Alf-Arnold.jpg","contentUrl":"https:\/\/menschen.proalps.ch\/wp-content\/uploads\/2019\/02\/Alf-Arnold.jpg","width":2000,"height":1331},{"@type":"BreadcrumbList","@id":"https:\/\/menschen.proalps.ch\/fr\/alf-arnold\/#breadcrumb","itemListElement":[{"@type":"ListItem","position":1,"name":"Startseite","item":"https:\/\/menschen.proalps.ch\/fr\/"},{"@type":"ListItem","position":2,"name":"Alf Arnold"}]},{"@type":"WebSite","@id":"https:\/\/menschen.proalps.ch\/#website","url":"https:\/\/menschen.proalps.ch\/","name":"Vivre en cabine","description":"De Fabian Biasio (vid\u00e9os et photos) et Susan Boos (textes) ","potentialAction":[{"@type":"SearchAction","target":{"@type":"EntryPoint","urlTemplate":"https:\/\/menschen.proalps.ch\/?s={search_term_string}"},"query-input":{"@type":"PropertyValueSpecification","valueRequired":true,"valueName":"search_term_string"}}],"inLanguage":"fr-FR"},{"@type":"Person","@id":"https:\/\/menschen.proalps.ch\/#\/schema\/person\/4e48dd4c36fb357e5fd16fd02f3b0383","name":"alpenadmin","image":{"@type":"ImageObject","inLanguage":"fr-FR","@id":"https:\/\/menschen.proalps.ch\/#\/schema\/person\/image\/","url":"https:\/\/secure.gravatar.com\/avatar\/bc6d4d14227937daef51b8753b883ba033ea5c936fb2c4d7c17f5c8c41b5a450?s=96&d=mm&r=g","contentUrl":"https:\/\/secure.gravatar.com\/avatar\/bc6d4d14227937daef51b8753b883ba033ea5c936fb2c4d7c17f5c8c41b5a450?s=96&d=mm&r=g","caption":"alpenadmin"},"url":"https:\/\/menschen.proalps.ch\/fr\/author\/alpenadmin\/"}]}},"_links":{"self":[{"href":"https:\/\/menschen.proalps.ch\/fr\/wp-json\/wp\/v2\/posts\/1701","targetHints":{"allow":["GET"]}}],"collection":[{"href":"https:\/\/menschen.proalps.ch\/fr\/wp-json\/wp\/v2\/posts"}],"about":[{"href":"https:\/\/menschen.proalps.ch\/fr\/wp-json\/wp\/v2\/types\/post"}],"author":[{"embeddable":true,"href":"https:\/\/menschen.proalps.ch\/fr\/wp-json\/wp\/v2\/users\/1"}],"replies":[{"embeddable":true,"href":"https:\/\/menschen.proalps.ch\/fr\/wp-json\/wp\/v2\/comments?post=1701"}],"version-history":[{"count":3,"href":"https:\/\/menschen.proalps.ch\/fr\/wp-json\/wp\/v2\/posts\/1701\/revisions"}],"predecessor-version":[{"id":1882,"href":"https:\/\/menschen.proalps.ch\/fr\/wp-json\/wp\/v2\/posts\/1701\/revisions\/1882"}],"wp:featuredmedia":[{"embeddable":true,"href":"https:\/\/menschen.proalps.ch\/fr\/wp-json\/wp\/v2\/media\/1598"}],"wp:attachment":[{"href":"https:\/\/menschen.proalps.ch\/fr\/wp-json\/wp\/v2\/media?parent=1701"}],"wp:term":[{"taxonomy":"category","embeddable":true,"href":"https:\/\/menschen.proalps.ch\/fr\/wp-json\/wp\/v2\/categories?post=1701"},{"taxonomy":"post_tag","embeddable":true,"href":"https:\/\/menschen.proalps.ch\/fr\/wp-json\/wp\/v2\/tags?post=1701"}],"curies":[{"name":"wp","href":"https:\/\/api.w.org\/{rel}","templated":true}]}}