{"id":1708,"date":"2019-01-11T14:32:23","date_gmt":"2019-01-11T14:32:23","guid":{"rendered":"https:\/\/menschen.alpeninitiative.ch\/eva-lichtenberger\/"},"modified":"2019-02-18T12:54:04","modified_gmt":"2019-02-18T12:54:04","slug":"eva-lichtenberger","status":"publish","type":"post","link":"https:\/\/menschen.proalps.ch\/fr\/eva-lichtenberger\/","title":{"rendered":"Eva Lichtenberger"},"content":{"rendered":"[aesop_quote type=\u00a0\u00bbblock\u00a0\u00bb background=\u00a0\u00bb#0080c0&Prime; text=\u00a0\u00bb#ffffff\u00a0\u00bb align=\u00a0\u00bbleft\u00a0\u00bb size=\u00a0\u00bb1&Prime; quote=\u00a0\u00bbEva Lichtenberger est n\u00e9e en 1954 et a grandi \u00e0 Matrei, non loin de la route principale du col du Brenner. En 1989, la repr\u00e9sentante des Verts a \u00e9t\u00e9 \u00e9lue au Parlement du Tyrol (Landtag) et en 1994 au Gouvernement du Tyrol. Plus tard, elle a fait de la politique au Conseil national autrichien. Elue en 2004 au Parlement europ\u00e9en, elle a \u00e9t\u00e9 membre de la commission des transports. Elle ne s\u2019est plus repr\u00e9sent\u00e9e aux \u00e9lections en 2014. Aujourd&rsquo;hui, elle enseigne le th\u00e8me \u00ab Europe \u00bb, elle est engag\u00e9e dans la r\u00e9gion europ\u00e9enne \u00ab Tyrol, Tyrol du Sud, Trentin \u00bb et est membre d&rsquo;un groupe de travail bruxellois sur l&rsquo;intelligence artificielle.\u00a0\u00bb revealfx=\u00a0\u00bboff\u00a0\u00bb]\n<p>\u00ab La Suisse et l&rsquo;Initiative des Alpes ont toujours \u00e9t\u00e9 un mod\u00e8le pour les Verts en Autriche. Nous souhaiterions aussi une politique des transports aussi coh\u00e9rente que celle men\u00e9e en Suisse pour le trafic de transit. Aujourd&rsquo;hui, deux millions de camions traversent chaque ann\u00e9e le col du Brenner, ce qui est de la folie pour une route alpine. Mais, si nous votons au Tyrol et prenons une d\u00e9cision comme cela se fait en Suisse, ce serait cracher contre le vent, c&rsquo;est-\u00e0-dire que cela ne servirait \u00e0 rien, car \u00e0 l&rsquo;est de Salzbourg, nos probl\u00e8mes de trafic de transit n&rsquo;int\u00e9ressent pratiquement personne.<\/p>\n<p>La politique de transport se fait \u00e0 Vienne et dans les institutions europ\u00e9ennes. Pour eux, le Tyrol se trouve tr\u00e8s loin dans les montagnes. Il n\u2019emp\u00eache que nos revendications des ann\u00e9es 1980 visant \u00e0 r\u00e9duire la circulation sur la route de transit \u00e0 travers le col du Brenner, font d\u00e9sormais partie du programme gouvernemental du Tyrol.<\/p>\n<p>Nous avons organis\u00e9 nos premi\u00e8res manifestations et blocus sur le pont de l&rsquo;autoroute du Brenner, pr\u00e8s de Hall au Tyrol &#8211; mes amies et amis suisses m&rsquo;appelaient \u00ab Evi-le blocus \u00bb. Les Verts m&rsquo;avaient charg\u00e9e d&rsquo;\u00e9tablir des contacts dans les pays alpins. A cette \u00e9poque, l&rsquo;Internet n&rsquo;existait pas, nous ne savions pratiquement rien les uns des autres et il fallait donc faire du \u00ab porte \u00e0 porte \u00bb. Lorsque nous nous rencontrions, nous nous encouragions, c&rsquo;\u00e9tait passionnant et enrichissant.<\/p>\n<p>J&rsquo;ai rencontr\u00e9 Alf Arnold en 1988 lors d&rsquo;une journ\u00e9e d&rsquo;action sur les autoroutes. L&rsquo;une de mes premi\u00e8res actions \u00e0 l&rsquo;\u00e9tranger \u00e9tait aussi \u00e0 l&rsquo;Initiative des Alpes \u00e0 Altdorf. Notre projet \u00e9tait une \u00ab politique de verrou alpin ferm\u00e9 \u00bb de Vienne \u00e0 Nice. Les habitants des axes de transit se sont rendus compte \u00e0 l&rsquo;\u00e9poque que toutes les extensions visaient avant tout \u00e0 relier les grands centres europ\u00e9ens et non \u00e0 desservir les Alpes.<\/p>\n<p>J&rsquo;ai suivi l&rsquo;histoire de l&rsquo;Initiative des Alpes en permanence. Pour nous les Verts, c&rsquo;est clair qu&rsquo;elle \u00e9tait un point de r\u00e9f\u00e9rence. En 1989, lorsque la province du Tyrol a introduit pour la premi\u00e8re fois une loi contre le transit, concr\u00e8tement une interdiction de circuler la nuit, des journalistes de 14 stations de radio et de t\u00e9l\u00e9vision se sont pr\u00e9sent\u00e9s \u00e0 ma porte et ont voulu m&rsquo;interviewer. Plus tard, j&rsquo;ai \u00e9t\u00e9 la premi\u00e8re Verte \u00e0 si\u00e9ger dans un gouvernement r\u00e9gional autrichien, un travail \u00e0 la fois fastidieux, tr\u00e8s captivant et int\u00e9ressant. L&rsquo;adh\u00e9sion \u00e0 l&rsquo;UE a rendu encore plus difficile notre position en mati\u00e8re de politique des transports. Vienne \u00e9tait d\u00e9sormais en mesure d&rsquo;ignorer les pr\u00e9occupations tyroliennes li\u00e9es \u00e0 l&rsquo;argument selon lequel l&rsquo;UE faisait obstacle au transit.<\/p>\n<p>Contrairement \u00e0 d&rsquo;autres, je n&rsquo;ai jamais \u00e9t\u00e9 irrit\u00e9e que la Suisse ait impos\u00e9 le transport des marchandises par le rail et augment\u00e9 les redevances pour les camions. La Suisse ne doit surtout pas faire les m\u00eames erreurs que l&rsquo;Autriche ! Nous voulions bien plus suivre l&rsquo;exemple de l&rsquo;Initiative des Alpes et de la Suisse pour r\u00e9duire ensemble le trafic \u00e0 travers les Alpes. Seulement, nous \u00e9tions plut\u00f4t seuls \u00e0 d\u00e9fendre cette position.<\/p>\n<p>Lorsque j&rsquo;ai si\u00e9g\u00e9 au Parlement europ\u00e9en de 2004 \u00e0 2014, j&rsquo;ai \u00e9t\u00e9 en contact permanent avec l&rsquo;Initiative des Alpes, et j&rsquo;y ai toujours fait r\u00e9f\u00e9rence. Cela rendait parfois mes adversaires tellement furieux qu&rsquo;ils me rappelaient ironiquement que je n&rsquo;\u00e9tais pas suisse. Lorsque l&rsquo;Initiative des Alpes a invit\u00e9 la commission des transports de l&rsquo;UE au Saint-Gothard pour l&rsquo;informer sur place des probl\u00e8mes pos\u00e9s par les poids lourds, certains d\u00e9put\u00e9s ont par la suite vu les choses sous un autre angle. Pour beaucoup il n&rsquo;\u00e9tait pas clair qu&rsquo;en Suisse, la population et le gouvernement voulaient transf\u00e9rer ensemble les marchandises au rail.<\/p>\n<p>L&rsquo;Initiative des Alpes nous a \u00e9galement beaucoup aid\u00e9s \u00e0 Bruxelles lorsque nous avons voulu introduire la v\u00e9rit\u00e9 des co\u00fbts du transport et l&rsquo;Eurovignette. L&rsquo;argument selon lequel les co\u00fbts de transport ne jouent pratiquement aucun r\u00f4le dans le prix des produits finis \u00e9tait important dans ce contexte. Malheureusement, les ministres autrichiens des transports n&rsquo;ont rien fait pour freiner le trafic lourd.<\/p>\n<p>Croyez-moi, la situation au Brenner est dramatique. Les responsables veulent maintenant r\u00e9soudre le probl\u00e8me de circulation avec le tunnel de base du Brenner. Mais nous n&rsquo;avons pas de lignes ferroviaires d&rsquo;acc\u00e8s, ni en Bavi\u00e8re ni en Italie ! Il est clair qu&rsquo;avec l&rsquo;ouverture du tunnel de base ferroviaire, l&rsquo;Autriche devra \u00e9galement introduire des restrictions au transport routier afin que les marchandises puissent \u00eatre transf\u00e9r\u00e9es vers le rail. L&rsquo;industrie du fret n&rsquo;est pas Caritas, non, elle est ax\u00e9e sur l&rsquo;\u00e9conomie uniquement. Si la province du Tyrol est d\u00e9termin\u00e9e \u00e0 introduire ces restrictions, Vienne cependant, qui est bien moins concern\u00e9e par le trafic de transit est peu int\u00e9ress\u00e9e.<\/p>\n<p>Ce n&rsquo;est pas uniquement en Autriche, mais aussi dans toute l&rsquo;Europe, qu&rsquo;on est bien mal renseign\u00e9 sur les effets n\u00e9gatifs des transports sur les Alpes. Mon Dieu, si seulement \u00e7a pouvait fonctionner aussi bien chez nous qu\u2019en Suisse ! \u00bb<\/p>\n\n[aesop_collection collection=\u00a0\u00bbnull\u00a0\u00bb limit=\u00a0\u00bb16&Prime; columns=\u00a0\u00bb2&Prime; splash=\u00a0\u00bboff\u00a0\u00bb order=\u00a0\u00bbdefault\u00a0\u00bb loadmore=\u00a0\u00bboff\u00a0\u00bb showexcerpt=\u00a0\u00bbon\u00a0\u00bb revealfx=\u00a0\u00bboff\u00a0\u00bb]\n","protected":false},"excerpt":{"rendered":"<p>[aesop_quote type=\u00a0\u00bbblock\u00a0\u00bb background=\u00a0\u00bb#0080c0&Prime; text=\u00a0\u00bb#ffffff\u00a0\u00bb align=\u00a0\u00bbleft\u00a0\u00bb size=\u00a0\u00bb1&Prime; quote=\u00a0\u00bbEva Lichtenberger est n\u00e9e en 1954 et a grandi \u00e0 Matrei, non loin de la route principale du col du Brenner. En 1989, la repr\u00e9sentante des Verts a \u00e9t\u00e9 \u00e9lue au Parlement du Tyrol (Landtag) et en 1994 au Gouvernement du Tyrol. Plus tard, elle a fait de la [&hellip;]<\/p>\n","protected":false},"author":1,"featured_media":1640,"comment_status":"closed","ping_status":"closed","sticky":false,"template":"","format":"standard","meta":{"inline_featured_image":false,"footnotes":""},"categories":[57],"tags":[],"class_list":["post-1708","post","type-post","status-publish","format-standard","has-post-thumbnail","hentry","category-personnages"],"yoast_head":"<!-- This site is optimized with the Yoast SEO plugin v27.1.1 - https:\/\/yoast.com\/product\/yoast-seo-wordpress\/ -->\n<title>Eva Lichtenberger - Des gens, des lieux, des propos frappants<\/title>\n<meta name=\"robots\" content=\"index, follow, max-snippet:-1, max-image-preview:large, max-video-preview:-1\" \/>\n<link rel=\"canonical\" href=\"https:\/\/menschen.proalps.ch\/fr\/eva-lichtenberger\/\" \/>\n<meta property=\"og:locale\" content=\"fr_FR\" \/>\n<meta property=\"og:type\" content=\"article\" \/>\n<meta property=\"og:title\" content=\"Eva Lichtenberger - Des gens, des lieux, des propos frappants\" \/>\n<meta property=\"og:description\" content=\"[aesop_quote type=\u00a0\u00bbblock\u00a0\u00bb background=\u00a0\u00bb#0080c0&Prime; text=\u00a0\u00bb#ffffff\u00a0\u00bb align=\u00a0\u00bbleft\u00a0\u00bb size=\u00a0\u00bb1&Prime; quote=\u00a0\u00bbEva Lichtenberger est n\u00e9e en 1954 et a grandi \u00e0 Matrei, non loin de la route principale du col du Brenner. En 1989, la repr\u00e9sentante des Verts a \u00e9t\u00e9 \u00e9lue au Parlement du Tyrol (Landtag) et en 1994 au Gouvernement du Tyrol. Plus tard, elle a fait de la [&hellip;]\" \/>\n<meta property=\"og:url\" content=\"https:\/\/menschen.proalps.ch\/fr\/eva-lichtenberger\/\" \/>\n<meta property=\"og:site_name\" content=\"Vivre en cabine\" \/>\n<meta property=\"article:published_time\" content=\"2019-01-11T14:32:23+00:00\" \/>\n<meta property=\"article:modified_time\" content=\"2019-02-18T12:54:04+00:00\" \/>\n<meta property=\"og:image\" content=\"https:\/\/menschen.proalps.ch\/wp-content\/uploads\/2019\/02\/Vera-Lichtenberger.jpg\" \/>\n\t<meta property=\"og:image:width\" content=\"2000\" \/>\n\t<meta property=\"og:image:height\" content=\"1331\" \/>\n\t<meta property=\"og:image:type\" content=\"image\/jpeg\" \/>\n<meta name=\"author\" content=\"alpenadmin\" \/>\n<meta name=\"twitter:card\" content=\"summary_large_image\" \/>\n<meta name=\"twitter:label1\" content=\"\u00c9crit par\" \/>\n\t<meta name=\"twitter:data1\" content=\"alpenadmin\" \/>\n\t<meta name=\"twitter:label2\" content=\"Dur\u00e9e de lecture estim\u00e9e\" \/>\n\t<meta name=\"twitter:data2\" content=\"5 minutes\" \/>\n<script type=\"application\/ld+json\" class=\"yoast-schema-graph\">{\"@context\":\"https:\/\/schema.org\",\"@graph\":[{\"@type\":\"Article\",\"@id\":\"https:\/\/menschen.proalps.ch\/fr\/eva-lichtenberger\/#article\",\"isPartOf\":{\"@id\":\"https:\/\/menschen.proalps.ch\/fr\/eva-lichtenberger\/\"},\"author\":{\"name\":\"alpenadmin\",\"@id\":\"https:\/\/menschen.proalps.ch\/#\/schema\/person\/4e48dd4c36fb357e5fd16fd02f3b0383\"},\"headline\":\"Eva Lichtenberger\",\"datePublished\":\"2019-01-11T14:32:23+00:00\",\"dateModified\":\"2019-02-18T12:54:04+00:00\",\"mainEntityOfPage\":{\"@id\":\"https:\/\/menschen.proalps.ch\/fr\/eva-lichtenberger\/\"},\"wordCount\":1052,\"image\":{\"@id\":\"https:\/\/menschen.proalps.ch\/fr\/eva-lichtenberger\/#primaryimage\"},\"thumbnailUrl\":\"https:\/\/menschen.proalps.ch\/wp-content\/uploads\/2019\/02\/Vera-Lichtenberger.jpg\",\"articleSection\":[\"Personnages\"],\"inLanguage\":\"fr-FR\"},{\"@type\":\"WebPage\",\"@id\":\"https:\/\/menschen.proalps.ch\/fr\/eva-lichtenberger\/\",\"url\":\"https:\/\/menschen.proalps.ch\/fr\/eva-lichtenberger\/\",\"name\":\"Eva Lichtenberger - Des gens, des lieux, des propos frappants\",\"isPartOf\":{\"@id\":\"https:\/\/menschen.proalps.ch\/#website\"},\"primaryImageOfPage\":{\"@id\":\"https:\/\/menschen.proalps.ch\/fr\/eva-lichtenberger\/#primaryimage\"},\"image\":{\"@id\":\"https:\/\/menschen.proalps.ch\/fr\/eva-lichtenberger\/#primaryimage\"},\"thumbnailUrl\":\"https:\/\/menschen.proalps.ch\/wp-content\/uploads\/2019\/02\/Vera-Lichtenberger.jpg\",\"datePublished\":\"2019-01-11T14:32:23+00:00\",\"dateModified\":\"2019-02-18T12:54:04+00:00\",\"author\":{\"@id\":\"https:\/\/menschen.proalps.ch\/#\/schema\/person\/4e48dd4c36fb357e5fd16fd02f3b0383\"},\"breadcrumb\":{\"@id\":\"https:\/\/menschen.proalps.ch\/fr\/eva-lichtenberger\/#breadcrumb\"},\"inLanguage\":\"fr-FR\",\"potentialAction\":[{\"@type\":\"ReadAction\",\"target\":[\"https:\/\/menschen.proalps.ch\/fr\/eva-lichtenberger\/\"]}]},{\"@type\":\"ImageObject\",\"inLanguage\":\"fr-FR\",\"@id\":\"https:\/\/menschen.proalps.ch\/fr\/eva-lichtenberger\/#primaryimage\",\"url\":\"https:\/\/menschen.proalps.ch\/wp-content\/uploads\/2019\/02\/Vera-Lichtenberger.jpg\",\"contentUrl\":\"https:\/\/menschen.proalps.ch\/wp-content\/uploads\/2019\/02\/Vera-Lichtenberger.jpg\",\"width\":2000,\"height\":1331},{\"@type\":\"BreadcrumbList\",\"@id\":\"https:\/\/menschen.proalps.ch\/fr\/eva-lichtenberger\/#breadcrumb\",\"itemListElement\":[{\"@type\":\"ListItem\",\"position\":1,\"name\":\"Startseite\",\"item\":\"https:\/\/menschen.proalps.ch\/fr\/\"},{\"@type\":\"ListItem\",\"position\":2,\"name\":\"Eva Lichtenberger\"}]},{\"@type\":\"WebSite\",\"@id\":\"https:\/\/menschen.proalps.ch\/#website\",\"url\":\"https:\/\/menschen.proalps.ch\/\",\"name\":\"Vivre en cabine\",\"description\":\"De Fabian Biasio (vid\u00e9os et photos) et Susan Boos (textes) \",\"potentialAction\":[{\"@type\":\"SearchAction\",\"target\":{\"@type\":\"EntryPoint\",\"urlTemplate\":\"https:\/\/menschen.proalps.ch\/?s={search_term_string}\"},\"query-input\":{\"@type\":\"PropertyValueSpecification\",\"valueRequired\":true,\"valueName\":\"search_term_string\"}}],\"inLanguage\":\"fr-FR\"},{\"@type\":\"Person\",\"@id\":\"https:\/\/menschen.proalps.ch\/#\/schema\/person\/4e48dd4c36fb357e5fd16fd02f3b0383\",\"name\":\"alpenadmin\",\"image\":{\"@type\":\"ImageObject\",\"inLanguage\":\"fr-FR\",\"@id\":\"https:\/\/menschen.proalps.ch\/#\/schema\/person\/image\/\",\"url\":\"https:\/\/secure.gravatar.com\/avatar\/bc6d4d14227937daef51b8753b883ba033ea5c936fb2c4d7c17f5c8c41b5a450?s=96&d=mm&r=g\",\"contentUrl\":\"https:\/\/secure.gravatar.com\/avatar\/bc6d4d14227937daef51b8753b883ba033ea5c936fb2c4d7c17f5c8c41b5a450?s=96&d=mm&r=g\",\"caption\":\"alpenadmin\"},\"url\":\"https:\/\/menschen.proalps.ch\/fr\/author\/alpenadmin\/\"}]}<\/script>\n<!-- \/ Yoast SEO plugin. -->","yoast_head_json":{"title":"Eva Lichtenberger - Des gens, des lieux, des propos frappants","robots":{"index":"index","follow":"follow","max-snippet":"max-snippet:-1","max-image-preview":"max-image-preview:large","max-video-preview":"max-video-preview:-1"},"canonical":"https:\/\/menschen.proalps.ch\/fr\/eva-lichtenberger\/","og_locale":"fr_FR","og_type":"article","og_title":"Eva Lichtenberger - Des gens, des lieux, des propos frappants","og_description":"[aesop_quote type=\u00a0\u00bbblock\u00a0\u00bb background=\u00a0\u00bb#0080c0&Prime; text=\u00a0\u00bb#ffffff\u00a0\u00bb align=\u00a0\u00bbleft\u00a0\u00bb size=\u00a0\u00bb1&Prime; quote=\u00a0\u00bbEva Lichtenberger est n\u00e9e en 1954 et a grandi \u00e0 Matrei, non loin de la route principale du col du Brenner. En 1989, la repr\u00e9sentante des Verts a \u00e9t\u00e9 \u00e9lue au Parlement du Tyrol (Landtag) et en 1994 au Gouvernement du Tyrol. Plus tard, elle a fait de la [&hellip;]","og_url":"https:\/\/menschen.proalps.ch\/fr\/eva-lichtenberger\/","og_site_name":"Vivre en cabine","article_published_time":"2019-01-11T14:32:23+00:00","article_modified_time":"2019-02-18T12:54:04+00:00","og_image":[{"width":2000,"height":1331,"url":"https:\/\/menschen.proalps.ch\/wp-content\/uploads\/2019\/02\/Vera-Lichtenberger.jpg","type":"image\/jpeg"}],"author":"alpenadmin","twitter_card":"summary_large_image","twitter_misc":{"\u00c9crit par":"alpenadmin","Dur\u00e9e de lecture estim\u00e9e":"5 minutes"},"schema":{"@context":"https:\/\/schema.org","@graph":[{"@type":"Article","@id":"https:\/\/menschen.proalps.ch\/fr\/eva-lichtenberger\/#article","isPartOf":{"@id":"https:\/\/menschen.proalps.ch\/fr\/eva-lichtenberger\/"},"author":{"name":"alpenadmin","@id":"https:\/\/menschen.proalps.ch\/#\/schema\/person\/4e48dd4c36fb357e5fd16fd02f3b0383"},"headline":"Eva Lichtenberger","datePublished":"2019-01-11T14:32:23+00:00","dateModified":"2019-02-18T12:54:04+00:00","mainEntityOfPage":{"@id":"https:\/\/menschen.proalps.ch\/fr\/eva-lichtenberger\/"},"wordCount":1052,"image":{"@id":"https:\/\/menschen.proalps.ch\/fr\/eva-lichtenberger\/#primaryimage"},"thumbnailUrl":"https:\/\/menschen.proalps.ch\/wp-content\/uploads\/2019\/02\/Vera-Lichtenberger.jpg","articleSection":["Personnages"],"inLanguage":"fr-FR"},{"@type":"WebPage","@id":"https:\/\/menschen.proalps.ch\/fr\/eva-lichtenberger\/","url":"https:\/\/menschen.proalps.ch\/fr\/eva-lichtenberger\/","name":"Eva Lichtenberger - Des gens, des lieux, des propos frappants","isPartOf":{"@id":"https:\/\/menschen.proalps.ch\/#website"},"primaryImageOfPage":{"@id":"https:\/\/menschen.proalps.ch\/fr\/eva-lichtenberger\/#primaryimage"},"image":{"@id":"https:\/\/menschen.proalps.ch\/fr\/eva-lichtenberger\/#primaryimage"},"thumbnailUrl":"https:\/\/menschen.proalps.ch\/wp-content\/uploads\/2019\/02\/Vera-Lichtenberger.jpg","datePublished":"2019-01-11T14:32:23+00:00","dateModified":"2019-02-18T12:54:04+00:00","author":{"@id":"https:\/\/menschen.proalps.ch\/#\/schema\/person\/4e48dd4c36fb357e5fd16fd02f3b0383"},"breadcrumb":{"@id":"https:\/\/menschen.proalps.ch\/fr\/eva-lichtenberger\/#breadcrumb"},"inLanguage":"fr-FR","potentialAction":[{"@type":"ReadAction","target":["https:\/\/menschen.proalps.ch\/fr\/eva-lichtenberger\/"]}]},{"@type":"ImageObject","inLanguage":"fr-FR","@id":"https:\/\/menschen.proalps.ch\/fr\/eva-lichtenberger\/#primaryimage","url":"https:\/\/menschen.proalps.ch\/wp-content\/uploads\/2019\/02\/Vera-Lichtenberger.jpg","contentUrl":"https:\/\/menschen.proalps.ch\/wp-content\/uploads\/2019\/02\/Vera-Lichtenberger.jpg","width":2000,"height":1331},{"@type":"BreadcrumbList","@id":"https:\/\/menschen.proalps.ch\/fr\/eva-lichtenberger\/#breadcrumb","itemListElement":[{"@type":"ListItem","position":1,"name":"Startseite","item":"https:\/\/menschen.proalps.ch\/fr\/"},{"@type":"ListItem","position":2,"name":"Eva Lichtenberger"}]},{"@type":"WebSite","@id":"https:\/\/menschen.proalps.ch\/#website","url":"https:\/\/menschen.proalps.ch\/","name":"Vivre en cabine","description":"De Fabian Biasio (vid\u00e9os et photos) et Susan Boos (textes) ","potentialAction":[{"@type":"SearchAction","target":{"@type":"EntryPoint","urlTemplate":"https:\/\/menschen.proalps.ch\/?s={search_term_string}"},"query-input":{"@type":"PropertyValueSpecification","valueRequired":true,"valueName":"search_term_string"}}],"inLanguage":"fr-FR"},{"@type":"Person","@id":"https:\/\/menschen.proalps.ch\/#\/schema\/person\/4e48dd4c36fb357e5fd16fd02f3b0383","name":"alpenadmin","image":{"@type":"ImageObject","inLanguage":"fr-FR","@id":"https:\/\/menschen.proalps.ch\/#\/schema\/person\/image\/","url":"https:\/\/secure.gravatar.com\/avatar\/bc6d4d14227937daef51b8753b883ba033ea5c936fb2c4d7c17f5c8c41b5a450?s=96&d=mm&r=g","contentUrl":"https:\/\/secure.gravatar.com\/avatar\/bc6d4d14227937daef51b8753b883ba033ea5c936fb2c4d7c17f5c8c41b5a450?s=96&d=mm&r=g","caption":"alpenadmin"},"url":"https:\/\/menschen.proalps.ch\/fr\/author\/alpenadmin\/"}]}},"_links":{"self":[{"href":"https:\/\/menschen.proalps.ch\/fr\/wp-json\/wp\/v2\/posts\/1708","targetHints":{"allow":["GET"]}}],"collection":[{"href":"https:\/\/menschen.proalps.ch\/fr\/wp-json\/wp\/v2\/posts"}],"about":[{"href":"https:\/\/menschen.proalps.ch\/fr\/wp-json\/wp\/v2\/types\/post"}],"author":[{"embeddable":true,"href":"https:\/\/menschen.proalps.ch\/fr\/wp-json\/wp\/v2\/users\/1"}],"replies":[{"embeddable":true,"href":"https:\/\/menschen.proalps.ch\/fr\/wp-json\/wp\/v2\/comments?post=1708"}],"version-history":[{"count":4,"href":"https:\/\/menschen.proalps.ch\/fr\/wp-json\/wp\/v2\/posts\/1708\/revisions"}],"predecessor-version":[{"id":1880,"href":"https:\/\/menschen.proalps.ch\/fr\/wp-json\/wp\/v2\/posts\/1708\/revisions\/1880"}],"wp:featuredmedia":[{"embeddable":true,"href":"https:\/\/menschen.proalps.ch\/fr\/wp-json\/wp\/v2\/media\/1640"}],"wp:attachment":[{"href":"https:\/\/menschen.proalps.ch\/fr\/wp-json\/wp\/v2\/media?parent=1708"}],"wp:term":[{"taxonomy":"category","embeddable":true,"href":"https:\/\/menschen.proalps.ch\/fr\/wp-json\/wp\/v2\/categories?post=1708"},{"taxonomy":"post_tag","embeddable":true,"href":"https:\/\/menschen.proalps.ch\/fr\/wp-json\/wp\/v2\/tags?post=1708"}],"curies":[{"name":"wp","href":"https:\/\/api.w.org\/{rel}","templated":true}]}}