{"id":1713,"date":"2019-01-12T14:36:35","date_gmt":"2019-01-12T14:36:35","guid":{"rendered":"https:\/\/menschen.alpeninitiative.ch\/christa-mutter\/"},"modified":"2019-02-18T12:53:39","modified_gmt":"2019-02-18T12:53:39","slug":"christa-mutter","status":"publish","type":"post","link":"https:\/\/menschen.proalps.ch\/fr\/christa-mutter\/","title":{"rendered":"Christa Mutter"},"content":{"rendered":"\n[aesop_quote type=\u00a0\u00bbblock\u00a0\u00bb background=\u00a0\u00bb#0080c0&Prime; text=\u00a0\u00bb#ffffff\u00a0\u00bb align=\u00a0\u00bbleft\u00a0\u00bb size=\u00a0\u00bb1&Prime; quote=\u00a0\u00bbChrista Mutter est n\u00e9e en 1960 et a grandi \u00e0 Niederwald \u00e0 Goms. Elle \u00e9tait d\u00e9j\u00e0 engag\u00e9e lors de l&rsquo;\u00e9laboration de l\u2019Initiative des Alpes. Elle a si\u00e9g\u00e9 pendant des ann\u00e9es au comit\u00e9 et est aujourd&rsquo;hui membre du Conseil des Alpes. Elle a travaill\u00e9 longtemps comme journaliste. Elle vit aujourd&rsquo;hui \u00e0 Fribourg et est active en tant qu&rsquo;ind\u00e9pendante depuis 2001 dans le domaine de l&rsquo;environnement, l&rsquo;\u00e9nergie et la communication. Elle fait de la politique au parlement cantonal de Fribourg.\u00a0\u00bb revealfx=\u00a0\u00bboff\u00a0\u00bb]\n<p>\u00ab Nous avons gagn\u00e9 la votation et fait quelques ann\u00e9es de politique. Puis, l&rsquo;id\u00e9e nous est venue d&rsquo;adapter quelque peu l&rsquo;image de l\u2019Initiative des Alpes. C&rsquo;\u00e9tait en 2005. Fallait-il continuer \u00e0 utiliser des copies en noir et blanc au sein de l&rsquo;administration f\u00e9d\u00e9rale ou \u00e0 l&rsquo;\u00e9tranger pour promouvoir notre cause ? Non, nous voulions am\u00e9liorer l&#8217;emballage pour que le contenu soit pris au s\u00e9rieux. C&rsquo;est pourquoi, nous avons cr\u00e9\u00e9 une brochure dans laquelle nous exposions de mani\u00e8re claire et attrayante qui nous \u00e9tions et quelles \u00e9taient nos id\u00e9es. Nous avons choisi un langage visuel, des photos de montagne en format A3 illustrant la beaut\u00e9 des Alpes, de l&rsquo;espace alpin qu&rsquo;il fallait absolument prot\u00e9ger en tant qu&rsquo;habitat.<\/p>\n<p>A cette \u00e9poque l\u00e0, il existait d\u00e9j\u00e0 deux types d&rsquo;argumentation au sein de l\u2019Initiative des Alpes. Celle qui soulignait la paresse du Conseil f\u00e9d\u00e9ral qui appliquait mal son mandat constitutionnel. Et celle qui mettait en valeur le soutien de la majorit\u00e9 de la population et la conception d&rsquo;une nouvelle politique des transports qui \u00e9tait per\u00e7ue dans toute l&rsquo;Europe.<\/p>\n<p>J&rsquo;appartenais et appartiens encore \u00e0 ceux qui aiment raconter l&rsquo;id\u00e9e g\u00e9niale du transfert et l&rsquo;histoire couronn\u00e9e de succ\u00e8s de l\u2019Initiative des Alpes. Avec le secr\u00e9tariat, une co\u00fbteuse agence de communication, un super photographe valaisan, nous avons \u00e9labor\u00e9 cette brochure de pr\u00e9sentation. Un conseiller f\u00e9d\u00e9ral devait \u00e9galement en \u00e9crire la pr\u00e9face puisque notre id\u00e9e \u00e9tait ancr\u00e9e dans la Constitution depuis 1994. Le ministre des transports de l&rsquo;\u00e9poque Mortiz Leuenberger consentit \u00e0 le faire. Il prononca la phrase souvent cit\u00e9e selon laquelle l&rsquo;association Initiative des Alpes exerce une fonction permanente d&rsquo;aiguillon pour la politique suisse des transports.<\/p>\n<p>Il n&rsquo;y a eu aucune opposition en interne \u00e0 cette brochure \u00e9dit\u00e9e en quatre langues, son budget cependant donna lieu \u00e0 quelques discussions. Toutefois, chaque fois que l\u2019Initiative des Alpes souhaitait fortement organiser quelque chose, que ce soit une \u00e9tude, une f\u00eate, une grande campagne ou une action, elle a toujours r\u00e9ussi \u00e0 r\u00e9unir les fonds n\u00e9cessaires. Je m&rsquo;\u00e9tonne sans cesse de la r\u00e9gularit\u00e9 avec laquelle les gens nous soutiennent jusqu&rsquo;\u00e0 ce jour. La brochure nous a ouvert des portes quand nous avions l&rsquo;occasion de pr\u00e9senter nos id\u00e9es \u00e0 l&rsquo;administration f\u00e9d\u00e9rale, aux CFF et aux BLS ainsi que lors de conf\u00e9rences \u00e0 l&rsquo;\u00e9tranger.<\/p>\n<p>Dans toutes ces activit\u00e9s, l&rsquo;id\u00e9e initiale de notre organisation a perdur\u00e9 : des pros s&rsquo;occupent du secr\u00e9tariat et des activistes nous soutiennent de mani\u00e8re b\u00e9n\u00e9vole dans tous les coins du pays. Quand on veut atteindre un objectif dans un r\u00e9gime politique de concordance, il est indispensable de nouer de bons contacts dans l&rsquo;administration. Les entretiens officiels \u00e9taient \u00e9videmment plut\u00f4t formels, il fallait s&rsquo;annoncer, passer des contr\u00f4les, montrer ses papiers et attendre dans l&rsquo;antichambre. De telles visites toutefois sont n\u00e9cessaires pour soigner les relations et de temps \u00e0 autres, elles aboutissent \u00e0 d&rsquo;excellents contacts sur le plan informel et technique. L&rsquo;Initiative des Alpes \u00e9tait vraisemblablement la premi\u00e8re organisation \u00e0 avoir cherch\u00e9 le dialogue avec l&rsquo;administration f\u00e9d\u00e9rale.<\/p>\n<p>Le jour o\u00f9 Doris Leuthard a \u00e9t\u00e9 \u00e9lue ministre des transports, il \u00e9tait clair qu&rsquo;elle ne se mettrait pas du c\u00f4t\u00e9 de l\u2019Initiative des Alpes. Le deuxi\u00e8me tunnel routier au Gothard se dressait comme un \u00e9l\u00e9phant dans le salon. Si nous avions trouv\u00e9 un acc\u00e8s, nous aurions certainement pu faire les choses diff\u00e9remment. Quand une organisation est active depuis des d\u00e9cennies, elle doit consid\u00e9rer pour chaque situation la mani\u00e8re de proc\u00e9der. Parfois, il faut chercher la confrontation et parfois n\u00e9gocier. Je pense donc qu&rsquo;il \u00e9tait justifi\u00e9 en 1999 de ne pas avoir protest\u00e9 par le biais d&rsquo;un r\u00e9f\u00e9rendum contre la loi sur le transfert de marchandises relative \u00e0 l&rsquo;initiative des Alpes &#8211; bien que celle-ci changea le sens de l&rsquo;article constitutionnel.<\/p>\n<p>Comme le Conseil f\u00e9d\u00e9ral n&rsquo;a jamais vraiment mis en oeuvre avec r\u00e9solution le mandat qui lui avait \u00e9t\u00e9 transmis, l\u2019Initiative des Alpes a d\u00e9battu par la suite du lancement d&rsquo;une deuxi\u00e8me initiative, une initiative de mise en \u0153uvre &#8211; cette id\u00e9e nous l&rsquo;avons eue bien avant l&rsquo;UDC. Nous avons cependant d\u00e9cid\u00e9 que nous avions d\u00e9j\u00e0 r\u00e9ussi \u00e0 avoir un article constitutionnel ainsi qu&rsquo;une majorit\u00e9 populaire et que nous ne pouvions pas atteindre plus. Par une deuxi\u00e8me initiative, nous aurions risqu\u00e9 d&rsquo;affaiblir notre requ\u00eate. L&rsquo;Initiative des Alpes est pour ma part essentielle, sur le plan personnel comme sur le plan professionnel. J&rsquo;ai pu entretenir de nombreux contacts pendant des d\u00e9cennies et me tisser un r\u00e9seau de contacts important. Organiser des campagnes, qui est une partie de mon activit\u00e9 actuelle, je l&rsquo;ai appris \u00e0 l&rsquo;Initiative des Alpes. \u00bb<\/p>\n\n[aesop_collection collection=\u00a0\u00bbnull\u00a0\u00bb limit=\u00a0\u00bb16&Prime; columns=\u00a0\u00bb2&Prime; splash=\u00a0\u00bboff\u00a0\u00bb order=\u00a0\u00bbdefault\u00a0\u00bb loadmore=\u00a0\u00bboff\u00a0\u00bb showexcerpt=\u00a0\u00bbon\u00a0\u00bb revealfx=\u00a0\u00bboff\u00a0\u00bb]\n","protected":false},"excerpt":{"rendered":"<p>[aesop_quote type=\u00a0\u00bbblock\u00a0\u00bb background=\u00a0\u00bb#0080c0&Prime; text=\u00a0\u00bb#ffffff\u00a0\u00bb align=\u00a0\u00bbleft\u00a0\u00bb size=\u00a0\u00bb1&Prime; quote=\u00a0\u00bbChrista Mutter est n\u00e9e en 1960 et a grandi \u00e0 Niederwald \u00e0 Goms. Elle \u00e9tait d\u00e9j\u00e0 engag\u00e9e lors de l&rsquo;\u00e9laboration de l\u2019Initiative des Alpes. Elle a si\u00e9g\u00e9 pendant des ann\u00e9es au comit\u00e9 et est aujourd&rsquo;hui membre du Conseil des Alpes. Elle a travaill\u00e9 longtemps comme journaliste. Elle vit aujourd&rsquo;hui [&hellip;]<\/p>\n","protected":false},"author":1,"featured_media":1604,"comment_status":"closed","ping_status":"closed","sticky":false,"template":"","format":"standard","meta":{"inline_featured_image":false,"footnotes":""},"categories":[57],"tags":[],"class_list":["post-1713","post","type-post","status-publish","format-standard","has-post-thumbnail","hentry","category-personnages"],"yoast_head":"<!-- This site is optimized with the Yoast SEO plugin v27.1.1 - https:\/\/yoast.com\/product\/yoast-seo-wordpress\/ -->\n<title>Christa Mutter - Des gens, des lieux, des propos frappants<\/title>\n<meta name=\"robots\" content=\"index, follow, max-snippet:-1, max-image-preview:large, max-video-preview:-1\" \/>\n<link rel=\"canonical\" href=\"https:\/\/menschen.proalps.ch\/fr\/christa-mutter\/\" \/>\n<meta property=\"og:locale\" content=\"fr_FR\" \/>\n<meta property=\"og:type\" content=\"article\" \/>\n<meta property=\"og:title\" content=\"Christa Mutter - Des gens, des lieux, des propos frappants\" \/>\n<meta property=\"og:description\" content=\"[aesop_quote type=\u00a0\u00bbblock\u00a0\u00bb background=\u00a0\u00bb#0080c0&Prime; text=\u00a0\u00bb#ffffff\u00a0\u00bb align=\u00a0\u00bbleft\u00a0\u00bb size=\u00a0\u00bb1&Prime; quote=\u00a0\u00bbChrista Mutter est n\u00e9e en 1960 et a grandi \u00e0 Niederwald \u00e0 Goms. Elle \u00e9tait d\u00e9j\u00e0 engag\u00e9e lors de l&rsquo;\u00e9laboration de l\u2019Initiative des Alpes. Elle a si\u00e9g\u00e9 pendant des ann\u00e9es au comit\u00e9 et est aujourd&rsquo;hui membre du Conseil des Alpes. Elle a travaill\u00e9 longtemps comme journaliste. Elle vit aujourd&rsquo;hui [&hellip;]\" \/>\n<meta property=\"og:url\" content=\"https:\/\/menschen.proalps.ch\/fr\/christa-mutter\/\" \/>\n<meta property=\"og:site_name\" content=\"Vivre en cabine\" \/>\n<meta property=\"article:published_time\" content=\"2019-01-12T14:36:35+00:00\" \/>\n<meta property=\"article:modified_time\" content=\"2019-02-18T12:53:39+00:00\" \/>\n<meta property=\"og:image\" content=\"https:\/\/menschen.proalps.ch\/wp-content\/uploads\/2019\/02\/Christa-Mutter-1024x681.jpg\" \/>\n\t<meta property=\"og:image:width\" content=\"1024\" \/>\n\t<meta property=\"og:image:height\" content=\"681\" \/>\n\t<meta property=\"og:image:type\" content=\"image\/jpeg\" \/>\n<meta name=\"author\" content=\"alpenadmin\" \/>\n<meta name=\"twitter:card\" content=\"summary_large_image\" \/>\n<meta name=\"twitter:label1\" content=\"\u00c9crit par\" \/>\n\t<meta name=\"twitter:data1\" content=\"alpenadmin\" \/>\n\t<meta name=\"twitter:label2\" content=\"Dur\u00e9e de lecture estim\u00e9e\" \/>\n\t<meta name=\"twitter:data2\" content=\"5 minutes\" \/>\n<script type=\"application\/ld+json\" class=\"yoast-schema-graph\">{\"@context\":\"https:\/\/schema.org\",\"@graph\":[{\"@type\":\"Article\",\"@id\":\"https:\/\/menschen.proalps.ch\/fr\/christa-mutter\/#article\",\"isPartOf\":{\"@id\":\"https:\/\/menschen.proalps.ch\/fr\/christa-mutter\/\"},\"author\":{\"name\":\"alpenadmin\",\"@id\":\"https:\/\/menschen.proalps.ch\/#\/schema\/person\/4e48dd4c36fb357e5fd16fd02f3b0383\"},\"headline\":\"Christa Mutter\",\"datePublished\":\"2019-01-12T14:36:35+00:00\",\"dateModified\":\"2019-02-18T12:53:39+00:00\",\"mainEntityOfPage\":{\"@id\":\"https:\/\/menschen.proalps.ch\/fr\/christa-mutter\/\"},\"wordCount\":971,\"image\":{\"@id\":\"https:\/\/menschen.proalps.ch\/fr\/christa-mutter\/#primaryimage\"},\"thumbnailUrl\":\"https:\/\/menschen.proalps.ch\/wp-content\/uploads\/2019\/02\/Christa-Mutter.jpg\",\"articleSection\":[\"Personnages\"],\"inLanguage\":\"fr-FR\"},{\"@type\":\"WebPage\",\"@id\":\"https:\/\/menschen.proalps.ch\/fr\/christa-mutter\/\",\"url\":\"https:\/\/menschen.proalps.ch\/fr\/christa-mutter\/\",\"name\":\"Christa Mutter - Des gens, des lieux, des propos frappants\",\"isPartOf\":{\"@id\":\"https:\/\/menschen.proalps.ch\/#website\"},\"primaryImageOfPage\":{\"@id\":\"https:\/\/menschen.proalps.ch\/fr\/christa-mutter\/#primaryimage\"},\"image\":{\"@id\":\"https:\/\/menschen.proalps.ch\/fr\/christa-mutter\/#primaryimage\"},\"thumbnailUrl\":\"https:\/\/menschen.proalps.ch\/wp-content\/uploads\/2019\/02\/Christa-Mutter.jpg\",\"datePublished\":\"2019-01-12T14:36:35+00:00\",\"dateModified\":\"2019-02-18T12:53:39+00:00\",\"author\":{\"@id\":\"https:\/\/menschen.proalps.ch\/#\/schema\/person\/4e48dd4c36fb357e5fd16fd02f3b0383\"},\"breadcrumb\":{\"@id\":\"https:\/\/menschen.proalps.ch\/fr\/christa-mutter\/#breadcrumb\"},\"inLanguage\":\"fr-FR\",\"potentialAction\":[{\"@type\":\"ReadAction\",\"target\":[\"https:\/\/menschen.proalps.ch\/fr\/christa-mutter\/\"]}]},{\"@type\":\"ImageObject\",\"inLanguage\":\"fr-FR\",\"@id\":\"https:\/\/menschen.proalps.ch\/fr\/christa-mutter\/#primaryimage\",\"url\":\"https:\/\/menschen.proalps.ch\/wp-content\/uploads\/2019\/02\/Christa-Mutter.jpg\",\"contentUrl\":\"https:\/\/menschen.proalps.ch\/wp-content\/uploads\/2019\/02\/Christa-Mutter.jpg\",\"width\":2000,\"height\":1331},{\"@type\":\"BreadcrumbList\",\"@id\":\"https:\/\/menschen.proalps.ch\/fr\/christa-mutter\/#breadcrumb\",\"itemListElement\":[{\"@type\":\"ListItem\",\"position\":1,\"name\":\"Startseite\",\"item\":\"https:\/\/menschen.proalps.ch\/fr\/\"},{\"@type\":\"ListItem\",\"position\":2,\"name\":\"Christa Mutter\"}]},{\"@type\":\"WebSite\",\"@id\":\"https:\/\/menschen.proalps.ch\/#website\",\"url\":\"https:\/\/menschen.proalps.ch\/\",\"name\":\"Vivre en cabine\",\"description\":\"De Fabian Biasio (vid\u00e9os et photos) et Susan Boos (textes) \",\"potentialAction\":[{\"@type\":\"SearchAction\",\"target\":{\"@type\":\"EntryPoint\",\"urlTemplate\":\"https:\/\/menschen.proalps.ch\/?s={search_term_string}\"},\"query-input\":{\"@type\":\"PropertyValueSpecification\",\"valueRequired\":true,\"valueName\":\"search_term_string\"}}],\"inLanguage\":\"fr-FR\"},{\"@type\":\"Person\",\"@id\":\"https:\/\/menschen.proalps.ch\/#\/schema\/person\/4e48dd4c36fb357e5fd16fd02f3b0383\",\"name\":\"alpenadmin\",\"image\":{\"@type\":\"ImageObject\",\"inLanguage\":\"fr-FR\",\"@id\":\"https:\/\/menschen.proalps.ch\/#\/schema\/person\/image\/\",\"url\":\"https:\/\/secure.gravatar.com\/avatar\/bc6d4d14227937daef51b8753b883ba033ea5c936fb2c4d7c17f5c8c41b5a450?s=96&d=mm&r=g\",\"contentUrl\":\"https:\/\/secure.gravatar.com\/avatar\/bc6d4d14227937daef51b8753b883ba033ea5c936fb2c4d7c17f5c8c41b5a450?s=96&d=mm&r=g\",\"caption\":\"alpenadmin\"},\"url\":\"https:\/\/menschen.proalps.ch\/fr\/author\/alpenadmin\/\"}]}<\/script>\n<!-- \/ Yoast SEO plugin. -->","yoast_head_json":{"title":"Christa Mutter - Des gens, des lieux, des propos frappants","robots":{"index":"index","follow":"follow","max-snippet":"max-snippet:-1","max-image-preview":"max-image-preview:large","max-video-preview":"max-video-preview:-1"},"canonical":"https:\/\/menschen.proalps.ch\/fr\/christa-mutter\/","og_locale":"fr_FR","og_type":"article","og_title":"Christa Mutter - Des gens, des lieux, des propos frappants","og_description":"[aesop_quote type=\u00a0\u00bbblock\u00a0\u00bb background=\u00a0\u00bb#0080c0&Prime; text=\u00a0\u00bb#ffffff\u00a0\u00bb align=\u00a0\u00bbleft\u00a0\u00bb size=\u00a0\u00bb1&Prime; quote=\u00a0\u00bbChrista Mutter est n\u00e9e en 1960 et a grandi \u00e0 Niederwald \u00e0 Goms. Elle \u00e9tait d\u00e9j\u00e0 engag\u00e9e lors de l&rsquo;\u00e9laboration de l\u2019Initiative des Alpes. Elle a si\u00e9g\u00e9 pendant des ann\u00e9es au comit\u00e9 et est aujourd&rsquo;hui membre du Conseil des Alpes. Elle a travaill\u00e9 longtemps comme journaliste. Elle vit aujourd&rsquo;hui [&hellip;]","og_url":"https:\/\/menschen.proalps.ch\/fr\/christa-mutter\/","og_site_name":"Vivre en cabine","article_published_time":"2019-01-12T14:36:35+00:00","article_modified_time":"2019-02-18T12:53:39+00:00","og_image":[{"width":1024,"height":681,"url":"https:\/\/menschen.proalps.ch\/wp-content\/uploads\/2019\/02\/Christa-Mutter-1024x681.jpg","type":"image\/jpeg"}],"author":"alpenadmin","twitter_card":"summary_large_image","twitter_misc":{"\u00c9crit par":"alpenadmin","Dur\u00e9e de lecture estim\u00e9e":"5 minutes"},"schema":{"@context":"https:\/\/schema.org","@graph":[{"@type":"Article","@id":"https:\/\/menschen.proalps.ch\/fr\/christa-mutter\/#article","isPartOf":{"@id":"https:\/\/menschen.proalps.ch\/fr\/christa-mutter\/"},"author":{"name":"alpenadmin","@id":"https:\/\/menschen.proalps.ch\/#\/schema\/person\/4e48dd4c36fb357e5fd16fd02f3b0383"},"headline":"Christa Mutter","datePublished":"2019-01-12T14:36:35+00:00","dateModified":"2019-02-18T12:53:39+00:00","mainEntityOfPage":{"@id":"https:\/\/menschen.proalps.ch\/fr\/christa-mutter\/"},"wordCount":971,"image":{"@id":"https:\/\/menschen.proalps.ch\/fr\/christa-mutter\/#primaryimage"},"thumbnailUrl":"https:\/\/menschen.proalps.ch\/wp-content\/uploads\/2019\/02\/Christa-Mutter.jpg","articleSection":["Personnages"],"inLanguage":"fr-FR"},{"@type":"WebPage","@id":"https:\/\/menschen.proalps.ch\/fr\/christa-mutter\/","url":"https:\/\/menschen.proalps.ch\/fr\/christa-mutter\/","name":"Christa Mutter - Des gens, des lieux, des propos frappants","isPartOf":{"@id":"https:\/\/menschen.proalps.ch\/#website"},"primaryImageOfPage":{"@id":"https:\/\/menschen.proalps.ch\/fr\/christa-mutter\/#primaryimage"},"image":{"@id":"https:\/\/menschen.proalps.ch\/fr\/christa-mutter\/#primaryimage"},"thumbnailUrl":"https:\/\/menschen.proalps.ch\/wp-content\/uploads\/2019\/02\/Christa-Mutter.jpg","datePublished":"2019-01-12T14:36:35+00:00","dateModified":"2019-02-18T12:53:39+00:00","author":{"@id":"https:\/\/menschen.proalps.ch\/#\/schema\/person\/4e48dd4c36fb357e5fd16fd02f3b0383"},"breadcrumb":{"@id":"https:\/\/menschen.proalps.ch\/fr\/christa-mutter\/#breadcrumb"},"inLanguage":"fr-FR","potentialAction":[{"@type":"ReadAction","target":["https:\/\/menschen.proalps.ch\/fr\/christa-mutter\/"]}]},{"@type":"ImageObject","inLanguage":"fr-FR","@id":"https:\/\/menschen.proalps.ch\/fr\/christa-mutter\/#primaryimage","url":"https:\/\/menschen.proalps.ch\/wp-content\/uploads\/2019\/02\/Christa-Mutter.jpg","contentUrl":"https:\/\/menschen.proalps.ch\/wp-content\/uploads\/2019\/02\/Christa-Mutter.jpg","width":2000,"height":1331},{"@type":"BreadcrumbList","@id":"https:\/\/menschen.proalps.ch\/fr\/christa-mutter\/#breadcrumb","itemListElement":[{"@type":"ListItem","position":1,"name":"Startseite","item":"https:\/\/menschen.proalps.ch\/fr\/"},{"@type":"ListItem","position":2,"name":"Christa Mutter"}]},{"@type":"WebSite","@id":"https:\/\/menschen.proalps.ch\/#website","url":"https:\/\/menschen.proalps.ch\/","name":"Vivre en cabine","description":"De Fabian Biasio (vid\u00e9os et photos) et Susan Boos (textes) ","potentialAction":[{"@type":"SearchAction","target":{"@type":"EntryPoint","urlTemplate":"https:\/\/menschen.proalps.ch\/?s={search_term_string}"},"query-input":{"@type":"PropertyValueSpecification","valueRequired":true,"valueName":"search_term_string"}}],"inLanguage":"fr-FR"},{"@type":"Person","@id":"https:\/\/menschen.proalps.ch\/#\/schema\/person\/4e48dd4c36fb357e5fd16fd02f3b0383","name":"alpenadmin","image":{"@type":"ImageObject","inLanguage":"fr-FR","@id":"https:\/\/menschen.proalps.ch\/#\/schema\/person\/image\/","url":"https:\/\/secure.gravatar.com\/avatar\/bc6d4d14227937daef51b8753b883ba033ea5c936fb2c4d7c17f5c8c41b5a450?s=96&d=mm&r=g","contentUrl":"https:\/\/secure.gravatar.com\/avatar\/bc6d4d14227937daef51b8753b883ba033ea5c936fb2c4d7c17f5c8c41b5a450?s=96&d=mm&r=g","caption":"alpenadmin"},"url":"https:\/\/menschen.proalps.ch\/fr\/author\/alpenadmin\/"}]}},"_links":{"self":[{"href":"https:\/\/menschen.proalps.ch\/fr\/wp-json\/wp\/v2\/posts\/1713","targetHints":{"allow":["GET"]}}],"collection":[{"href":"https:\/\/menschen.proalps.ch\/fr\/wp-json\/wp\/v2\/posts"}],"about":[{"href":"https:\/\/menschen.proalps.ch\/fr\/wp-json\/wp\/v2\/types\/post"}],"author":[{"embeddable":true,"href":"https:\/\/menschen.proalps.ch\/fr\/wp-json\/wp\/v2\/users\/1"}],"replies":[{"embeddable":true,"href":"https:\/\/menschen.proalps.ch\/fr\/wp-json\/wp\/v2\/comments?post=1713"}],"version-history":[{"count":4,"href":"https:\/\/menschen.proalps.ch\/fr\/wp-json\/wp\/v2\/posts\/1713\/revisions"}],"predecessor-version":[{"id":1879,"href":"https:\/\/menschen.proalps.ch\/fr\/wp-json\/wp\/v2\/posts\/1713\/revisions\/1879"}],"wp:featuredmedia":[{"embeddable":true,"href":"https:\/\/menschen.proalps.ch\/fr\/wp-json\/wp\/v2\/media\/1604"}],"wp:attachment":[{"href":"https:\/\/menschen.proalps.ch\/fr\/wp-json\/wp\/v2\/media?parent=1713"}],"wp:term":[{"taxonomy":"category","embeddable":true,"href":"https:\/\/menschen.proalps.ch\/fr\/wp-json\/wp\/v2\/categories?post=1713"},{"taxonomy":"post_tag","embeddable":true,"href":"https:\/\/menschen.proalps.ch\/fr\/wp-json\/wp\/v2\/tags?post=1713"}],"curies":[{"name":"wp","href":"https:\/\/api.w.org\/{rel}","templated":true}]}}