{"id":1718,"date":"2019-01-13T14:40:00","date_gmt":"2019-01-13T14:40:00","guid":{"rendered":"https:\/\/menschen.alpeninitiative.ch\/fabio-pedrina\/"},"modified":"2019-02-18T12:53:14","modified_gmt":"2019-02-18T12:53:14","slug":"fabio-pedrina","status":"publish","type":"post","link":"https:\/\/menschen.proalps.ch\/fr\/fabio-pedrina\/","title":{"rendered":"Fabio Pedrina"},"content":{"rendered":"\n[aesop_quote type=\u00a0\u00bbblock\u00a0\u00bb background=\u00a0\u00bb#0080c0&Prime; text=\u00a0\u00bb#ffffff\u00a0\u00bb align=\u00a0\u00bbleft\u00a0\u00bb size=\u00a0\u00bb1&Prime; quote=\u00a0\u00bbFabio Pedrina, n\u00e9 en 1954, a \u00e9t\u00e9 pr\u00e9sident de l&rsquo;association entre 2000 et 2014. De 1999 \u00e0 2011, il a repr\u00e9sent\u00e9 le Tessin au Conseil national. Il vit depuis sa naissance \u00e0 Airolo et dirige avec son \u00e9pouse un bureau d&rsquo;architecture et d&rsquo;am\u00e9nagement du territoire. En outre, il fait partie du conseil d&rsquo;administration des CFF.\u00a0\u00bb revealfx=\u00a0\u00bboff\u00a0\u00bb]\n<p>\u00ab L&rsquo;id\u00e9e d&rsquo;une bourse du transit alpin est n\u00e9e d&rsquo;une situation d&rsquo;urgence. En octobre 2001, un chauffeur de camion en \u00e9tat d&rsquo;\u00e9bri\u00e9t\u00e9 a provoqu\u00e9 un accident grave dans le tunnel routier du Gothard. Deux poids lourds ont br\u00fbl\u00e9, onze personnes ont perdu la vie dans les fum\u00e9es toxiques. Le postulat \u00e9tait intitul\u00e9 \u00ab Intensifier la politique de r\u00e9glementation du trafic \u00e0 travers les Alpes et de transfert de la route au rail \u00bb. L&rsquo;accident offrait une opportunit\u00e9 politique pour placer une bonne id\u00e9e dont l&rsquo;objectif \u00e9tait d&rsquo;am\u00e9liorer fortement la s\u00e9curit\u00e9 routi\u00e8re et la protection des Alpes.<\/p>\n<p>Nous avons organis\u00e9 une conf\u00e9rence de presse \u00e0 Zurich en parall\u00e8le \u00e0 un colloque entre les ministres des transports des pays alpins. Nous avons revendiqu\u00e9 de plus grandes distances de s\u00e9curit\u00e9 entre les camions, cela diminuait en revanche fortement la capacit\u00e9 du tunnel ainsi que le nombre de travers\u00e9es. Il fallait trouver une solution \u00e0 cette p\u00e9nurie, respectivement \u00e0 la limitation du nombre de courses &#8211; dans les a\u00e9roports on parle de cr\u00e9neaux. Notre concept permettait d&rsquo;augmenter le nombre de travers\u00e9es. Je l&rsquo;ai pr\u00e9sent\u00e9 sur un document de deux pages.<\/p>\n<p>Quelques ann\u00e9es plus tard, nous avons remarqu\u00e9 qu&rsquo;en 1990, des plans similaires existaient d\u00e9j\u00e0, \u00e9labor\u00e9s par Franz J\u00e4ger, conseiller national saint-gallois et \u00e9conomiste. Nous avons discut\u00e9 et approfondi l&rsquo;id\u00e9e avec des experts en mati\u00e8re de transport et de logistique. Elle a \u00e9t\u00e9 bien accueillie par la plupart et reconnue comme un instrument \u00e9conomique d&rsquo;importance. A pr\u00e9sent, la bourse du transit alpin est ancr\u00e9e dans la loi. Le Conseil f\u00e9d\u00e9ral n&rsquo;a plus qu&rsquo;\u00e0 n\u00e9gocier avec les pays avoisinants. Cependant, aujourd&rsquo;hui, la pr\u00e9f\u00e9rence semble \u00eatre donn\u00e9e au mod\u00e8le Toll+ qui n&rsquo;est d&rsquo;ailleurs pas si diff\u00e9rent de la bourse du transit alpin. J&rsquo;affirme que seule la volont\u00e9 politique fait d\u00e9faut pour mettre en pratique la bourse du transit alpin.<\/p>\n<p>En 2007, l&rsquo;Initiative des Alpes a re\u00e7u le prix Watt d&rsquo;Or de l&rsquo;Office f\u00e9d\u00e9ral de l&rsquo;\u00e9nergie pour avoir lanc\u00e9 l&rsquo;id\u00e9e de la bourse du transit alpin. J&rsquo;\u00e9tais alors pr\u00e9sident et j&rsquo;ai eu l&rsquo;honneur de recevoir le troph\u00e9e \u00e0 Berne. A quoi ressemblait-il ce prix ? Je ne le sais plus exactement, ah si ! C&rsquo;\u00e9tait une grosse boule d&rsquo;eau sur un socle qui entre-temps s&rsquo;est bris\u00e9e, bah ! Tant que ce n&rsquo;est pas plus grave que \u00e7a. Je pense que ce prix a contribu\u00e9 finalement \u00e0 inscrire la bourse du transit alpin dans le message du Conseil f\u00e9d\u00e9ral puis dans la loi sur le transfert de marchandises. Ce n&rsquo;\u00e9tait pas une attaque frontale contre le trafic de transit mais plut\u00f4t une attaque lat\u00e9rale. Personne n&rsquo;a os\u00e9 dire que cette id\u00e9e \u00e9tait compl\u00e8tement absurde, le prix prouvant justement que ce concept \u00e9tait justifiable.<\/p>\n<p>Malheureusement, le Parlement a affaibli les revendications concernant une bourse du transit alpin en posant la condition que la Suisse devait se concerter avec l&rsquo;UE. Jusqu&rsquo;\u00e0 pr\u00e9sent, il n&rsquo;y a pas de meilleure id\u00e9e qui serait \u00e0 m\u00eame de r\u00e9duire le trafic de marchandises transitant par les Alpes et de le g\u00e9rer. Les Autrichiens ont connu une d\u00e9faite avec leur syst\u00e8me d&rsquo;\u00e9copoints, les interdictions de circuler pour certains transports d\u00e9cr\u00e9t\u00e9es par le Land Tyrol n&rsquo;ont eu que peu d&rsquo;effets et n&rsquo;arrivent pas \u00e0 r\u00e9soudre le probl\u00e8me. Il faudrait ici coupler l&rsquo;id\u00e9e d&rsquo;une bourse du transit alpin avec un \u00e9l\u00e9ment sur le CO2 et l&rsquo;int\u00e9grer \u00e0 un plan de mesure pour la protection du climat.<\/p>\n<p>J&rsquo;ai eu l&rsquo;honneur pendant ma pr\u00e9sidence de pr\u00e9senter plusieurs fois la bourse du transit alpin \u00e0 l&rsquo;\u00e9tranger car nous voulions r\u00e9duire le trafic lourd sur tous les passages alpins et pas seulement en Suisse.<\/p>\n<p>J&rsquo;ai fait partie de l\u2019Initiative des Alpes depuis le d\u00e9but. J&rsquo;ai m\u00eame \u00e9t\u00e9 le premier \u00e0 signer l&rsquo;initiative populaire. \u00c0 cette \u00e9poque-l\u00e0, je faisais partie du PS et \u00e9tais actif pour mon village Airolo mais je ne si\u00e9geais ni au Grand Conseil cantonal ni au Parlement national. Mon engagement pour l\u2019Initiative des Alpes m&rsquo;a fait conna\u00eetre au Tessin et m&rsquo;a certainement aid\u00e9 dans ma carri\u00e8re politique ainsi que pour les \u00e9lections au Conseil national. Que je sois devenu politicien dans les transports, a un lien direct avec l\u2019Initiative des Alpes et le trafic de transit que je vois passer aujourd&rsquo;hui encore devant ma porte.<\/p>\n<p>En automne 1993, juste avant la votation, j&rsquo;ai escalad\u00e9 le Cervin avec un ami et j&rsquo;y ai d\u00e9roul\u00e9 une banderole avec le logo de l\u2019Initiative des Alpes. Nous n&rsquo;y avons pas \u00e9t\u00e9 h\u00e9liport\u00e9s comme Pirmin Zurbriggen en 2018 quand il a fait de la publicit\u00e9 au sommet pour Olympia 2026 \u00e0 Sion. Mais lui, il a \u00e9chou\u00e9 avec son projet, alors que nous, nous avons gagn\u00e9 la votation de 1994. \u00bb<\/p>\n\n[aesop_collection collection=\u00a0\u00bbnull\u00a0\u00bb limit=\u00a0\u00bb16&Prime; columns=\u00a0\u00bb2&Prime; splash=\u00a0\u00bboff\u00a0\u00bb order=\u00a0\u00bbdefault\u00a0\u00bb loadmore=\u00a0\u00bboff\u00a0\u00bb showexcerpt=\u00a0\u00bbon\u00a0\u00bb revealfx=\u00a0\u00bboff\u00a0\u00bb]\n","protected":false},"excerpt":{"rendered":"<p>[aesop_quote type=\u00a0\u00bbblock\u00a0\u00bb background=\u00a0\u00bb#0080c0&Prime; text=\u00a0\u00bb#ffffff\u00a0\u00bb align=\u00a0\u00bbleft\u00a0\u00bb size=\u00a0\u00bb1&Prime; quote=\u00a0\u00bbFabio Pedrina, n\u00e9 en 1954, a \u00e9t\u00e9 pr\u00e9sident de l&rsquo;association entre 2000 et 2014. De 1999 \u00e0 2011, il a repr\u00e9sent\u00e9 le Tessin au Conseil national. Il vit depuis sa naissance \u00e0 Airolo et dirige avec son \u00e9pouse un bureau d&rsquo;architecture et d&rsquo;am\u00e9nagement du territoire. En outre, il fait [&hellip;]<\/p>\n","protected":false},"author":1,"featured_media":1613,"comment_status":"closed","ping_status":"closed","sticky":false,"template":"","format":"standard","meta":{"inline_featured_image":false,"footnotes":""},"categories":[57],"tags":[],"class_list":["post-1718","post","type-post","status-publish","format-standard","has-post-thumbnail","hentry","category-personnages"],"yoast_head":"<!-- This site is optimized with the Yoast SEO plugin v27.1.1 - https:\/\/yoast.com\/product\/yoast-seo-wordpress\/ -->\n<title>Fabio Pedrina - Des gens, des lieux, des propos frappants<\/title>\n<meta name=\"robots\" content=\"index, follow, max-snippet:-1, max-image-preview:large, max-video-preview:-1\" \/>\n<link rel=\"canonical\" href=\"https:\/\/menschen.proalps.ch\/fr\/fabio-pedrina\/\" \/>\n<meta property=\"og:locale\" content=\"fr_FR\" \/>\n<meta property=\"og:type\" content=\"article\" \/>\n<meta property=\"og:title\" content=\"Fabio Pedrina - Des gens, des lieux, des propos frappants\" \/>\n<meta property=\"og:description\" content=\"[aesop_quote type=\u00a0\u00bbblock\u00a0\u00bb background=\u00a0\u00bb#0080c0&Prime; text=\u00a0\u00bb#ffffff\u00a0\u00bb align=\u00a0\u00bbleft\u00a0\u00bb size=\u00a0\u00bb1&Prime; quote=\u00a0\u00bbFabio Pedrina, n\u00e9 en 1954, a \u00e9t\u00e9 pr\u00e9sident de l&rsquo;association entre 2000 et 2014. De 1999 \u00e0 2011, il a repr\u00e9sent\u00e9 le Tessin au Conseil national. Il vit depuis sa naissance \u00e0 Airolo et dirige avec son \u00e9pouse un bureau d&rsquo;architecture et d&rsquo;am\u00e9nagement du territoire. En outre, il fait [&hellip;]\" \/>\n<meta property=\"og:url\" content=\"https:\/\/menschen.proalps.ch\/fr\/fabio-pedrina\/\" \/>\n<meta property=\"og:site_name\" content=\"Vivre en cabine\" \/>\n<meta property=\"article:published_time\" content=\"2019-01-13T14:40:00+00:00\" \/>\n<meta property=\"article:modified_time\" content=\"2019-02-18T12:53:14+00:00\" \/>\n<meta property=\"og:image\" content=\"https:\/\/menschen.proalps.ch\/wp-content\/uploads\/2019\/02\/Fabio-Pedrina-1024x681.jpg\" \/>\n\t<meta property=\"og:image:width\" content=\"1024\" \/>\n\t<meta property=\"og:image:height\" content=\"681\" \/>\n\t<meta property=\"og:image:type\" content=\"image\/jpeg\" \/>\n<meta name=\"author\" content=\"alpenadmin\" \/>\n<meta name=\"twitter:card\" content=\"summary_large_image\" \/>\n<meta name=\"twitter:label1\" content=\"\u00c9crit par\" \/>\n\t<meta name=\"twitter:data1\" content=\"alpenadmin\" \/>\n\t<meta name=\"twitter:label2\" content=\"Dur\u00e9e de lecture estim\u00e9e\" \/>\n\t<meta name=\"twitter:data2\" content=\"5 minutes\" \/>\n<script type=\"application\/ld+json\" class=\"yoast-schema-graph\">{\"@context\":\"https:\/\/schema.org\",\"@graph\":[{\"@type\":\"Article\",\"@id\":\"https:\/\/menschen.proalps.ch\/fr\/fabio-pedrina\/#article\",\"isPartOf\":{\"@id\":\"https:\/\/menschen.proalps.ch\/fr\/fabio-pedrina\/\"},\"author\":{\"name\":\"alpenadmin\",\"@id\":\"https:\/\/menschen.proalps.ch\/#\/schema\/person\/4e48dd4c36fb357e5fd16fd02f3b0383\"},\"headline\":\"Fabio Pedrina\",\"datePublished\":\"2019-01-13T14:40:00+00:00\",\"dateModified\":\"2019-02-18T12:53:14+00:00\",\"mainEntityOfPage\":{\"@id\":\"https:\/\/menschen.proalps.ch\/fr\/fabio-pedrina\/\"},\"wordCount\":960,\"image\":{\"@id\":\"https:\/\/menschen.proalps.ch\/fr\/fabio-pedrina\/#primaryimage\"},\"thumbnailUrl\":\"https:\/\/menschen.proalps.ch\/wp-content\/uploads\/2019\/02\/Fabio-Pedrina.jpg\",\"articleSection\":[\"Personnages\"],\"inLanguage\":\"fr-FR\"},{\"@type\":\"WebPage\",\"@id\":\"https:\/\/menschen.proalps.ch\/fr\/fabio-pedrina\/\",\"url\":\"https:\/\/menschen.proalps.ch\/fr\/fabio-pedrina\/\",\"name\":\"Fabio Pedrina - Des gens, des lieux, des propos frappants\",\"isPartOf\":{\"@id\":\"https:\/\/menschen.proalps.ch\/#website\"},\"primaryImageOfPage\":{\"@id\":\"https:\/\/menschen.proalps.ch\/fr\/fabio-pedrina\/#primaryimage\"},\"image\":{\"@id\":\"https:\/\/menschen.proalps.ch\/fr\/fabio-pedrina\/#primaryimage\"},\"thumbnailUrl\":\"https:\/\/menschen.proalps.ch\/wp-content\/uploads\/2019\/02\/Fabio-Pedrina.jpg\",\"datePublished\":\"2019-01-13T14:40:00+00:00\",\"dateModified\":\"2019-02-18T12:53:14+00:00\",\"author\":{\"@id\":\"https:\/\/menschen.proalps.ch\/#\/schema\/person\/4e48dd4c36fb357e5fd16fd02f3b0383\"},\"breadcrumb\":{\"@id\":\"https:\/\/menschen.proalps.ch\/fr\/fabio-pedrina\/#breadcrumb\"},\"inLanguage\":\"fr-FR\",\"potentialAction\":[{\"@type\":\"ReadAction\",\"target\":[\"https:\/\/menschen.proalps.ch\/fr\/fabio-pedrina\/\"]}]},{\"@type\":\"ImageObject\",\"inLanguage\":\"fr-FR\",\"@id\":\"https:\/\/menschen.proalps.ch\/fr\/fabio-pedrina\/#primaryimage\",\"url\":\"https:\/\/menschen.proalps.ch\/wp-content\/uploads\/2019\/02\/Fabio-Pedrina.jpg\",\"contentUrl\":\"https:\/\/menschen.proalps.ch\/wp-content\/uploads\/2019\/02\/Fabio-Pedrina.jpg\",\"width\":2000,\"height\":1331},{\"@type\":\"BreadcrumbList\",\"@id\":\"https:\/\/menschen.proalps.ch\/fr\/fabio-pedrina\/#breadcrumb\",\"itemListElement\":[{\"@type\":\"ListItem\",\"position\":1,\"name\":\"Startseite\",\"item\":\"https:\/\/menschen.proalps.ch\/fr\/\"},{\"@type\":\"ListItem\",\"position\":2,\"name\":\"Fabio Pedrina\"}]},{\"@type\":\"WebSite\",\"@id\":\"https:\/\/menschen.proalps.ch\/#website\",\"url\":\"https:\/\/menschen.proalps.ch\/\",\"name\":\"Vivre en cabine\",\"description\":\"De Fabian Biasio (vid\u00e9os et photos) et Susan Boos (textes) \",\"potentialAction\":[{\"@type\":\"SearchAction\",\"target\":{\"@type\":\"EntryPoint\",\"urlTemplate\":\"https:\/\/menschen.proalps.ch\/?s={search_term_string}\"},\"query-input\":{\"@type\":\"PropertyValueSpecification\",\"valueRequired\":true,\"valueName\":\"search_term_string\"}}],\"inLanguage\":\"fr-FR\"},{\"@type\":\"Person\",\"@id\":\"https:\/\/menschen.proalps.ch\/#\/schema\/person\/4e48dd4c36fb357e5fd16fd02f3b0383\",\"name\":\"alpenadmin\",\"image\":{\"@type\":\"ImageObject\",\"inLanguage\":\"fr-FR\",\"@id\":\"https:\/\/menschen.proalps.ch\/#\/schema\/person\/image\/\",\"url\":\"https:\/\/secure.gravatar.com\/avatar\/bc6d4d14227937daef51b8753b883ba033ea5c936fb2c4d7c17f5c8c41b5a450?s=96&d=mm&r=g\",\"contentUrl\":\"https:\/\/secure.gravatar.com\/avatar\/bc6d4d14227937daef51b8753b883ba033ea5c936fb2c4d7c17f5c8c41b5a450?s=96&d=mm&r=g\",\"caption\":\"alpenadmin\"},\"url\":\"https:\/\/menschen.proalps.ch\/fr\/author\/alpenadmin\/\"}]}<\/script>\n<!-- \/ Yoast SEO plugin. -->","yoast_head_json":{"title":"Fabio Pedrina - Des gens, des lieux, des propos frappants","robots":{"index":"index","follow":"follow","max-snippet":"max-snippet:-1","max-image-preview":"max-image-preview:large","max-video-preview":"max-video-preview:-1"},"canonical":"https:\/\/menschen.proalps.ch\/fr\/fabio-pedrina\/","og_locale":"fr_FR","og_type":"article","og_title":"Fabio Pedrina - Des gens, des lieux, des propos frappants","og_description":"[aesop_quote type=\u00a0\u00bbblock\u00a0\u00bb background=\u00a0\u00bb#0080c0&Prime; text=\u00a0\u00bb#ffffff\u00a0\u00bb align=\u00a0\u00bbleft\u00a0\u00bb size=\u00a0\u00bb1&Prime; quote=\u00a0\u00bbFabio Pedrina, n\u00e9 en 1954, a \u00e9t\u00e9 pr\u00e9sident de l&rsquo;association entre 2000 et 2014. De 1999 \u00e0 2011, il a repr\u00e9sent\u00e9 le Tessin au Conseil national. Il vit depuis sa naissance \u00e0 Airolo et dirige avec son \u00e9pouse un bureau d&rsquo;architecture et d&rsquo;am\u00e9nagement du territoire. En outre, il fait [&hellip;]","og_url":"https:\/\/menschen.proalps.ch\/fr\/fabio-pedrina\/","og_site_name":"Vivre en cabine","article_published_time":"2019-01-13T14:40:00+00:00","article_modified_time":"2019-02-18T12:53:14+00:00","og_image":[{"width":1024,"height":681,"url":"https:\/\/menschen.proalps.ch\/wp-content\/uploads\/2019\/02\/Fabio-Pedrina-1024x681.jpg","type":"image\/jpeg"}],"author":"alpenadmin","twitter_card":"summary_large_image","twitter_misc":{"\u00c9crit par":"alpenadmin","Dur\u00e9e de lecture estim\u00e9e":"5 minutes"},"schema":{"@context":"https:\/\/schema.org","@graph":[{"@type":"Article","@id":"https:\/\/menschen.proalps.ch\/fr\/fabio-pedrina\/#article","isPartOf":{"@id":"https:\/\/menschen.proalps.ch\/fr\/fabio-pedrina\/"},"author":{"name":"alpenadmin","@id":"https:\/\/menschen.proalps.ch\/#\/schema\/person\/4e48dd4c36fb357e5fd16fd02f3b0383"},"headline":"Fabio Pedrina","datePublished":"2019-01-13T14:40:00+00:00","dateModified":"2019-02-18T12:53:14+00:00","mainEntityOfPage":{"@id":"https:\/\/menschen.proalps.ch\/fr\/fabio-pedrina\/"},"wordCount":960,"image":{"@id":"https:\/\/menschen.proalps.ch\/fr\/fabio-pedrina\/#primaryimage"},"thumbnailUrl":"https:\/\/menschen.proalps.ch\/wp-content\/uploads\/2019\/02\/Fabio-Pedrina.jpg","articleSection":["Personnages"],"inLanguage":"fr-FR"},{"@type":"WebPage","@id":"https:\/\/menschen.proalps.ch\/fr\/fabio-pedrina\/","url":"https:\/\/menschen.proalps.ch\/fr\/fabio-pedrina\/","name":"Fabio Pedrina - Des gens, des lieux, des propos frappants","isPartOf":{"@id":"https:\/\/menschen.proalps.ch\/#website"},"primaryImageOfPage":{"@id":"https:\/\/menschen.proalps.ch\/fr\/fabio-pedrina\/#primaryimage"},"image":{"@id":"https:\/\/menschen.proalps.ch\/fr\/fabio-pedrina\/#primaryimage"},"thumbnailUrl":"https:\/\/menschen.proalps.ch\/wp-content\/uploads\/2019\/02\/Fabio-Pedrina.jpg","datePublished":"2019-01-13T14:40:00+00:00","dateModified":"2019-02-18T12:53:14+00:00","author":{"@id":"https:\/\/menschen.proalps.ch\/#\/schema\/person\/4e48dd4c36fb357e5fd16fd02f3b0383"},"breadcrumb":{"@id":"https:\/\/menschen.proalps.ch\/fr\/fabio-pedrina\/#breadcrumb"},"inLanguage":"fr-FR","potentialAction":[{"@type":"ReadAction","target":["https:\/\/menschen.proalps.ch\/fr\/fabio-pedrina\/"]}]},{"@type":"ImageObject","inLanguage":"fr-FR","@id":"https:\/\/menschen.proalps.ch\/fr\/fabio-pedrina\/#primaryimage","url":"https:\/\/menschen.proalps.ch\/wp-content\/uploads\/2019\/02\/Fabio-Pedrina.jpg","contentUrl":"https:\/\/menschen.proalps.ch\/wp-content\/uploads\/2019\/02\/Fabio-Pedrina.jpg","width":2000,"height":1331},{"@type":"BreadcrumbList","@id":"https:\/\/menschen.proalps.ch\/fr\/fabio-pedrina\/#breadcrumb","itemListElement":[{"@type":"ListItem","position":1,"name":"Startseite","item":"https:\/\/menschen.proalps.ch\/fr\/"},{"@type":"ListItem","position":2,"name":"Fabio Pedrina"}]},{"@type":"WebSite","@id":"https:\/\/menschen.proalps.ch\/#website","url":"https:\/\/menschen.proalps.ch\/","name":"Vivre en cabine","description":"De Fabian Biasio (vid\u00e9os et photos) et Susan Boos (textes) ","potentialAction":[{"@type":"SearchAction","target":{"@type":"EntryPoint","urlTemplate":"https:\/\/menschen.proalps.ch\/?s={search_term_string}"},"query-input":{"@type":"PropertyValueSpecification","valueRequired":true,"valueName":"search_term_string"}}],"inLanguage":"fr-FR"},{"@type":"Person","@id":"https:\/\/menschen.proalps.ch\/#\/schema\/person\/4e48dd4c36fb357e5fd16fd02f3b0383","name":"alpenadmin","image":{"@type":"ImageObject","inLanguage":"fr-FR","@id":"https:\/\/menschen.proalps.ch\/#\/schema\/person\/image\/","url":"https:\/\/secure.gravatar.com\/avatar\/bc6d4d14227937daef51b8753b883ba033ea5c936fb2c4d7c17f5c8c41b5a450?s=96&d=mm&r=g","contentUrl":"https:\/\/secure.gravatar.com\/avatar\/bc6d4d14227937daef51b8753b883ba033ea5c936fb2c4d7c17f5c8c41b5a450?s=96&d=mm&r=g","caption":"alpenadmin"},"url":"https:\/\/menschen.proalps.ch\/fr\/author\/alpenadmin\/"}]}},"_links":{"self":[{"href":"https:\/\/menschen.proalps.ch\/fr\/wp-json\/wp\/v2\/posts\/1718","targetHints":{"allow":["GET"]}}],"collection":[{"href":"https:\/\/menschen.proalps.ch\/fr\/wp-json\/wp\/v2\/posts"}],"about":[{"href":"https:\/\/menschen.proalps.ch\/fr\/wp-json\/wp\/v2\/types\/post"}],"author":[{"embeddable":true,"href":"https:\/\/menschen.proalps.ch\/fr\/wp-json\/wp\/v2\/users\/1"}],"replies":[{"embeddable":true,"href":"https:\/\/menschen.proalps.ch\/fr\/wp-json\/wp\/v2\/comments?post=1718"}],"version-history":[{"count":4,"href":"https:\/\/menschen.proalps.ch\/fr\/wp-json\/wp\/v2\/posts\/1718\/revisions"}],"predecessor-version":[{"id":1878,"href":"https:\/\/menschen.proalps.ch\/fr\/wp-json\/wp\/v2\/posts\/1718\/revisions\/1878"}],"wp:featuredmedia":[{"embeddable":true,"href":"https:\/\/menschen.proalps.ch\/fr\/wp-json\/wp\/v2\/media\/1613"}],"wp:attachment":[{"href":"https:\/\/menschen.proalps.ch\/fr\/wp-json\/wp\/v2\/media?parent=1718"}],"wp:term":[{"taxonomy":"category","embeddable":true,"href":"https:\/\/menschen.proalps.ch\/fr\/wp-json\/wp\/v2\/categories?post=1718"},{"taxonomy":"post_tag","embeddable":true,"href":"https:\/\/menschen.proalps.ch\/fr\/wp-json\/wp\/v2\/tags?post=1718"}],"curies":[{"name":"wp","href":"https:\/\/api.w.org\/{rel}","templated":true}]}}