{"id":1723,"date":"2019-01-14T14:43:32","date_gmt":"2019-01-14T14:43:32","guid":{"rendered":"https:\/\/menschen.alpeninitiative.ch\/marina-carobbio-guscetti\/"},"modified":"2019-02-18T12:52:47","modified_gmt":"2019-02-18T12:52:47","slug":"marina-carobbio-guscetti","status":"publish","type":"post","link":"https:\/\/menschen.proalps.ch\/fr\/marina-carobbio-guscetti\/","title":{"rendered":"Marina Carobbio Guscetti"},"content":{"rendered":"\n\n[aesop_quote type=\u00a0\u00bbblock\u00a0\u00bb background=\u00a0\u00bb#0080c0&Prime; text=\u00a0\u00bb#ffffff\u00a0\u00bb align=\u00a0\u00bbleft\u00a0\u00bb size=\u00a0\u00bb1&Prime; quote=\u00a0\u00bbMarina Carobbio Guscetti, n\u00e9e en 1966 \u00e0 Locarno, vit aujourd&rsquo;hui \u00e0 Lumino pr\u00e8s de Bellinzone. Depuis 2007, elle fait de la politique pour le PS au Conseil national. Auparavant, elle si\u00e9geait au Grand Conseil tessinois. Elle a \u00e9tudi\u00e9 la m\u00e9decine \u00e0 B\u00e2le et a travaill\u00e9 jusqu&rsquo;\u00e0 r\u00e9cemment en tant que m\u00e9decin dans un cabinet collectif \u00e0 Roveredo GR. Elle a suspendu cette activit\u00e9 jusqu&rsquo;\u00e0 la fin de l&rsquo;ann\u00e9e 2020, puisque pendant un an, elle pr\u00e9side le Conseil national (2018-2019) et est fortement engag\u00e9e. Marina Carobbio Guscetti est vice-pr\u00e9sidente de l\u2019Initiative des Alpes depuis 2013.\u00a0\u00bb revealfx=\u00a0\u00bboff\u00a0\u00bb]\n<p>\u00ab J&rsquo;ai grandi \u00e0 Lumino et je vis encore aujourd&rsquo;hui dans le village qui se trouve \u00e0 la fronti\u00e8re du canton des Grisons. Les routes en direction du San Bernardino et du Gothard sont toutes proches. Le domaine des transports m&rsquo;a toujours \u00e0 la fois int\u00e9ress\u00e9e et inqui\u00e9t\u00e9e, surtout en ce qui concerne la pollution de l&rsquo;air et la sant\u00e9 humaine. J&rsquo;ai rejoint l&rsquo;organisation environnementale r\u00e9gionale Moesano vivibile vers la fin des ann\u00e9es 1990 d\u00e9j\u00e0. Nous avons fait campagne avec des actions, des affiches et des manifestes pour que notre vall\u00e9e reste un lieu o\u00f9 il fait bon vivre.<\/p>\n<p>Les camions en particulier rendent la route sur le San Bernardino dangereuse. Leur place est sur le rail. En 1990, la s\u00e9curit\u00e9 \u00e9tait d\u00e9j\u00e0 un th\u00e8me central. Aujourd&rsquo;hui, apr\u00e8s avoir beaucoup trop lambin\u00e9, la Conf\u00e9d\u00e9ration a enfin ouvert un centre de contr\u00f4le sur l&rsquo;axe du San Bernardino ; or, il en manque encore un grand au sud du Saint-Gothard.<\/p>\n<p>Je me suis engag\u00e9e politiquement tr\u00e8s t\u00f4t. Quand j&rsquo;avais 20 ans, j&rsquo;ai protest\u00e9 contre la Nagra, qui voulait mettre en place une d\u00e9charge pour d\u00e9chets radioactifs dans la partie sup\u00e9rieure du Val Mesolcina. Je me souviens qu&rsquo;\u00e0 l&rsquo;\u00e9poque, j&rsquo;avais particip\u00e9 \u00e0 une d\u00e9monstration \u00e0 v\u00e9lo. J&rsquo;ai \u00e9galement \u00e9t\u00e9 active dans des mouvements d&rsquo;\u00e9tudiants au gymnase et \u00e0 l&rsquo;universit\u00e9 et j&rsquo;ai particip\u00e9 \u00e0 des projets de solidarit\u00e9 internationale et de sant\u00e9, par exemple en Am\u00e9rique centrale. Mon p\u00e8re, qui \u00e9tait \u00e9galement politicien au Conseil national, \u00e9tait principalement actif dans les syndicats et s&rsquo;occupait du droit du travail et des minorit\u00e9s. Pour moi, l&rsquo;environnement et la sant\u00e9 \u00e9taient des th\u00e8mes essentiels.<\/p>\n<p>Lorsque je vois aujourd&rsquo;hui \u00e0 quel point il fait chaud en \u00e9t\u00e9 et combien l&rsquo;air est pollu\u00e9 dans la vall\u00e9e, j&rsquo;ai vraiment peur. Je randonne beaucoup dans les montagnes tessinoises depuis mon enfance. Je pourrais \u00eatre des semaines enti\u00e8res en altitude. Maintenant, il y a tr\u00e8s souvent des nappes de brume qui flottent au-dessus de la vall\u00e9e et du Mendrisiotto. C\u2019est ici et dans la partie la plus m\u00e9ridionale du Tessin que l&rsquo;air est le plus pollu\u00e9.<\/p>\n<p>Je pense que les gens devraient s&rsquo;unir \u00e0 nouveau pour se d\u00e9fendre contre les poussi\u00e8res fines et les taux \u00e9lev\u00e9s d&rsquo;ozone. En tant que m\u00e9decin, je constate que les maladies pulmonaires sont en augmentation dans notre cabinet collectif \u00e0 Roveredo. Nous traitons surtout beaucoup plus d&rsquo;enfants asthmatiques qu&rsquo;auparavant. Une chose me para\u00eet claire, si les taux d&rsquo;ozone sont trop \u00e9lev\u00e9s, le gouvernement devrait prendre des mesures tr\u00e8s rapidement et pas seulement attendre que vienne le vent.<\/p>\n<p>Nous ne pouvons pas non plus rester inactifs face au changement climatique, non, nous devons prendre des mesures imm\u00e9diates pour l&rsquo;enrayer. Des r\u00e9glementations plus strictes sont n\u00e9cessaires de toute urgence, en particulier dans le domaine des transports. Dans le cas du trafic a\u00e9rien, une nouvelle forme de taxation des carburants s&rsquo;impose d&rsquo;urgence. Bien s\u00fbr qu&rsquo;en politique, tout prend du temps, mais nous politiciennes et politiciens, ne devons pas attendre plus longtemps lorsqu&rsquo;il s&rsquo;agit du r\u00e9chauffement climatique. Beaucoup de jeunes, comme mes enfants, sont tr\u00e8s inquiets et le voient aussi de cette fa\u00e7on.<\/p>\n<p>Lors de la votation sur le deuxi\u00e8me tunnel routier du Gothard, j&rsquo;esp\u00e9rais jusqu&rsquo;au bout qu&rsquo;il y aurait un vote n\u00e9gatif. J&rsquo;ai \u00e9t\u00e9 la seule, au sein du groupe tessinois au Parlement f\u00e9d\u00e9ral, \u00e0 m&rsquo;opposer \u00e0 ce deuxi\u00e8me tube. Cependant, je pense avoir repr\u00e9sent\u00e9 l&rsquo;opinion d&rsquo;une grande partie de la population. C&rsquo;\u00e9tait une bonne id\u00e9e d&rsquo;avoir allum\u00e9 le feu de protestation traditionnel sur le Gothard avant la votation, m\u00eame si ce n&rsquo;\u00e9tait que des torches qui br\u00fblaient en raison du risque d&rsquo;incendie.<\/p>\n<p>Mon mari et moi sommes membres de l&rsquo;Initiative des Alpes depuis des ann\u00e9es. Il ne m&rsquo;accompagne que rarement \u00e0 des \u00e9v\u00e9nements politiques mais il vient toujours avec plaisir \u00e0 ceux de l&rsquo;Initiative des Alpes. Quand le pr\u00e9sident de l&rsquo;\u00e9poque Fabio Pedrina m&rsquo;a demand\u00e9 en 2013 si je voulais rejoindre le comit\u00e9 de l\u2019Initiative des Alpes, je n&rsquo;ai pas eu \u00e0 r\u00e9fl\u00e9chir longtemps. Pour ma part, la protection des Alpes c&rsquo;est aussi la protection du climat et de la sant\u00e9. En outre, il est primordial pour moi de me joindre \u00e0 des organisations environnementales et \u00e0 d&rsquo;autres associations afin de mieux comprendre o\u00f9 se trouvent r\u00e9ellement les probl\u00e8mes. \u00bb<\/p>\n\n[aesop_collection collection=\u00a0\u00bbnull\u00a0\u00bb limit=\u00a0\u00bb16&Prime; columns=\u00a0\u00bb2&Prime; splash=\u00a0\u00bboff\u00a0\u00bb order=\u00a0\u00bbdefault\u00a0\u00bb loadmore=\u00a0\u00bboff\u00a0\u00bb showexcerpt=\u00a0\u00bbon\u00a0\u00bb revealfx=\u00a0\u00bboff\u00a0\u00bb]\n","protected":false},"excerpt":{"rendered":"<p>[aesop_quote type=\u00a0\u00bbblock\u00a0\u00bb background=\u00a0\u00bb#0080c0&Prime; text=\u00a0\u00bb#ffffff\u00a0\u00bb align=\u00a0\u00bbleft\u00a0\u00bb size=\u00a0\u00bb1&Prime; quote=\u00a0\u00bbMarina Carobbio Guscetti, n\u00e9e en 1966 \u00e0 Locarno, vit aujourd&rsquo;hui \u00e0 Lumino pr\u00e8s de Bellinzone. Depuis 2007, elle fait de la politique pour le PS au Conseil national. Auparavant, elle si\u00e9geait au Grand Conseil tessinois. Elle a \u00e9tudi\u00e9 la m\u00e9decine \u00e0 B\u00e2le et a travaill\u00e9 jusqu&rsquo;\u00e0 r\u00e9cemment en tant [&hellip;]<\/p>\n","protected":false},"author":1,"featured_media":1622,"comment_status":"closed","ping_status":"closed","sticky":false,"template":"","format":"standard","meta":{"inline_featured_image":false,"footnotes":""},"categories":[57],"tags":[],"class_list":["post-1723","post","type-post","status-publish","format-standard","has-post-thumbnail","hentry","category-personnages"],"yoast_head":"<!-- This site is optimized with the Yoast SEO plugin v27.1.1 - https:\/\/yoast.com\/product\/yoast-seo-wordpress\/ -->\n<title>Marina Carobbio Guscetti - Des gens, des lieux, des propos frappants<\/title>\n<meta name=\"robots\" content=\"index, follow, max-snippet:-1, max-image-preview:large, max-video-preview:-1\" \/>\n<link rel=\"canonical\" href=\"https:\/\/menschen.proalps.ch\/fr\/marina-carobbio-guscetti\/\" \/>\n<meta property=\"og:locale\" content=\"fr_FR\" \/>\n<meta property=\"og:type\" content=\"article\" \/>\n<meta property=\"og:title\" content=\"Marina Carobbio Guscetti - Des gens, des lieux, des propos frappants\" \/>\n<meta property=\"og:description\" content=\"[aesop_quote type=\u00a0\u00bbblock\u00a0\u00bb background=\u00a0\u00bb#0080c0&Prime; text=\u00a0\u00bb#ffffff\u00a0\u00bb align=\u00a0\u00bbleft\u00a0\u00bb size=\u00a0\u00bb1&Prime; quote=\u00a0\u00bbMarina Carobbio Guscetti, n\u00e9e en 1966 \u00e0 Locarno, vit aujourd&rsquo;hui \u00e0 Lumino pr\u00e8s de Bellinzone. Depuis 2007, elle fait de la politique pour le PS au Conseil national. Auparavant, elle si\u00e9geait au Grand Conseil tessinois. Elle a \u00e9tudi\u00e9 la m\u00e9decine \u00e0 B\u00e2le et a travaill\u00e9 jusqu&rsquo;\u00e0 r\u00e9cemment en tant [&hellip;]\" \/>\n<meta property=\"og:url\" content=\"https:\/\/menschen.proalps.ch\/fr\/marina-carobbio-guscetti\/\" \/>\n<meta property=\"og:site_name\" content=\"Vivre en cabine\" \/>\n<meta property=\"article:published_time\" content=\"2019-01-14T14:43:32+00:00\" \/>\n<meta property=\"article:modified_time\" content=\"2019-02-18T12:52:47+00:00\" \/>\n<meta property=\"og:image\" content=\"https:\/\/menschen.proalps.ch\/wp-content\/uploads\/2019\/02\/Marina-Carobbio-1024x681.jpg\" \/>\n\t<meta property=\"og:image:width\" content=\"1024\" \/>\n\t<meta property=\"og:image:height\" content=\"681\" \/>\n\t<meta property=\"og:image:type\" content=\"image\/jpeg\" \/>\n<meta name=\"author\" content=\"alpenadmin\" \/>\n<meta name=\"twitter:card\" content=\"summary_large_image\" \/>\n<meta name=\"twitter:label1\" content=\"\u00c9crit par\" \/>\n\t<meta name=\"twitter:data1\" content=\"alpenadmin\" \/>\n\t<meta name=\"twitter:label2\" content=\"Dur\u00e9e de lecture estim\u00e9e\" \/>\n\t<meta name=\"twitter:data2\" content=\"4 minutes\" \/>\n<script type=\"application\/ld+json\" class=\"yoast-schema-graph\">{\"@context\":\"https:\/\/schema.org\",\"@graph\":[{\"@type\":\"Article\",\"@id\":\"https:\/\/menschen.proalps.ch\/fr\/marina-carobbio-guscetti\/#article\",\"isPartOf\":{\"@id\":\"https:\/\/menschen.proalps.ch\/fr\/marina-carobbio-guscetti\/\"},\"author\":{\"name\":\"alpenadmin\",\"@id\":\"https:\/\/menschen.proalps.ch\/#\/schema\/person\/4e48dd4c36fb357e5fd16fd02f3b0383\"},\"headline\":\"Marina Carobbio Guscetti\",\"datePublished\":\"2019-01-14T14:43:32+00:00\",\"dateModified\":\"2019-02-18T12:52:47+00:00\",\"mainEntityOfPage\":{\"@id\":\"https:\/\/menschen.proalps.ch\/fr\/marina-carobbio-guscetti\/\"},\"wordCount\":932,\"image\":{\"@id\":\"https:\/\/menschen.proalps.ch\/fr\/marina-carobbio-guscetti\/#primaryimage\"},\"thumbnailUrl\":\"https:\/\/menschen.proalps.ch\/wp-content\/uploads\/2019\/02\/Marina-Carobbio.jpg\",\"articleSection\":[\"Personnages\"],\"inLanguage\":\"fr-FR\"},{\"@type\":\"WebPage\",\"@id\":\"https:\/\/menschen.proalps.ch\/fr\/marina-carobbio-guscetti\/\",\"url\":\"https:\/\/menschen.proalps.ch\/fr\/marina-carobbio-guscetti\/\",\"name\":\"Marina Carobbio Guscetti - Des gens, des lieux, des propos frappants\",\"isPartOf\":{\"@id\":\"https:\/\/menschen.proalps.ch\/#website\"},\"primaryImageOfPage\":{\"@id\":\"https:\/\/menschen.proalps.ch\/fr\/marina-carobbio-guscetti\/#primaryimage\"},\"image\":{\"@id\":\"https:\/\/menschen.proalps.ch\/fr\/marina-carobbio-guscetti\/#primaryimage\"},\"thumbnailUrl\":\"https:\/\/menschen.proalps.ch\/wp-content\/uploads\/2019\/02\/Marina-Carobbio.jpg\",\"datePublished\":\"2019-01-14T14:43:32+00:00\",\"dateModified\":\"2019-02-18T12:52:47+00:00\",\"author\":{\"@id\":\"https:\/\/menschen.proalps.ch\/#\/schema\/person\/4e48dd4c36fb357e5fd16fd02f3b0383\"},\"breadcrumb\":{\"@id\":\"https:\/\/menschen.proalps.ch\/fr\/marina-carobbio-guscetti\/#breadcrumb\"},\"inLanguage\":\"fr-FR\",\"potentialAction\":[{\"@type\":\"ReadAction\",\"target\":[\"https:\/\/menschen.proalps.ch\/fr\/marina-carobbio-guscetti\/\"]}]},{\"@type\":\"ImageObject\",\"inLanguage\":\"fr-FR\",\"@id\":\"https:\/\/menschen.proalps.ch\/fr\/marina-carobbio-guscetti\/#primaryimage\",\"url\":\"https:\/\/menschen.proalps.ch\/wp-content\/uploads\/2019\/02\/Marina-Carobbio.jpg\",\"contentUrl\":\"https:\/\/menschen.proalps.ch\/wp-content\/uploads\/2019\/02\/Marina-Carobbio.jpg\",\"width\":2000,\"height\":1331},{\"@type\":\"BreadcrumbList\",\"@id\":\"https:\/\/menschen.proalps.ch\/fr\/marina-carobbio-guscetti\/#breadcrumb\",\"itemListElement\":[{\"@type\":\"ListItem\",\"position\":1,\"name\":\"Startseite\",\"item\":\"https:\/\/menschen.proalps.ch\/fr\/\"},{\"@type\":\"ListItem\",\"position\":2,\"name\":\"Marina Carobbio Guscetti\"}]},{\"@type\":\"WebSite\",\"@id\":\"https:\/\/menschen.proalps.ch\/#website\",\"url\":\"https:\/\/menschen.proalps.ch\/\",\"name\":\"Vivre en cabine\",\"description\":\"De Fabian Biasio (vid\u00e9os et photos) et Susan Boos (textes) \",\"potentialAction\":[{\"@type\":\"SearchAction\",\"target\":{\"@type\":\"EntryPoint\",\"urlTemplate\":\"https:\/\/menschen.proalps.ch\/?s={search_term_string}\"},\"query-input\":{\"@type\":\"PropertyValueSpecification\",\"valueRequired\":true,\"valueName\":\"search_term_string\"}}],\"inLanguage\":\"fr-FR\"},{\"@type\":\"Person\",\"@id\":\"https:\/\/menschen.proalps.ch\/#\/schema\/person\/4e48dd4c36fb357e5fd16fd02f3b0383\",\"name\":\"alpenadmin\",\"image\":{\"@type\":\"ImageObject\",\"inLanguage\":\"fr-FR\",\"@id\":\"https:\/\/menschen.proalps.ch\/#\/schema\/person\/image\/\",\"url\":\"https:\/\/secure.gravatar.com\/avatar\/bc6d4d14227937daef51b8753b883ba033ea5c936fb2c4d7c17f5c8c41b5a450?s=96&d=mm&r=g\",\"contentUrl\":\"https:\/\/secure.gravatar.com\/avatar\/bc6d4d14227937daef51b8753b883ba033ea5c936fb2c4d7c17f5c8c41b5a450?s=96&d=mm&r=g\",\"caption\":\"alpenadmin\"},\"url\":\"https:\/\/menschen.proalps.ch\/fr\/author\/alpenadmin\/\"}]}<\/script>\n<!-- \/ Yoast SEO plugin. -->","yoast_head_json":{"title":"Marina Carobbio Guscetti - Des gens, des lieux, des propos frappants","robots":{"index":"index","follow":"follow","max-snippet":"max-snippet:-1","max-image-preview":"max-image-preview:large","max-video-preview":"max-video-preview:-1"},"canonical":"https:\/\/menschen.proalps.ch\/fr\/marina-carobbio-guscetti\/","og_locale":"fr_FR","og_type":"article","og_title":"Marina Carobbio Guscetti - Des gens, des lieux, des propos frappants","og_description":"[aesop_quote type=\u00a0\u00bbblock\u00a0\u00bb background=\u00a0\u00bb#0080c0&Prime; text=\u00a0\u00bb#ffffff\u00a0\u00bb align=\u00a0\u00bbleft\u00a0\u00bb size=\u00a0\u00bb1&Prime; quote=\u00a0\u00bbMarina Carobbio Guscetti, n\u00e9e en 1966 \u00e0 Locarno, vit aujourd&rsquo;hui \u00e0 Lumino pr\u00e8s de Bellinzone. Depuis 2007, elle fait de la politique pour le PS au Conseil national. Auparavant, elle si\u00e9geait au Grand Conseil tessinois. Elle a \u00e9tudi\u00e9 la m\u00e9decine \u00e0 B\u00e2le et a travaill\u00e9 jusqu&rsquo;\u00e0 r\u00e9cemment en tant [&hellip;]","og_url":"https:\/\/menschen.proalps.ch\/fr\/marina-carobbio-guscetti\/","og_site_name":"Vivre en cabine","article_published_time":"2019-01-14T14:43:32+00:00","article_modified_time":"2019-02-18T12:52:47+00:00","og_image":[{"width":1024,"height":681,"url":"https:\/\/menschen.proalps.ch\/wp-content\/uploads\/2019\/02\/Marina-Carobbio-1024x681.jpg","type":"image\/jpeg"}],"author":"alpenadmin","twitter_card":"summary_large_image","twitter_misc":{"\u00c9crit par":"alpenadmin","Dur\u00e9e de lecture estim\u00e9e":"4 minutes"},"schema":{"@context":"https:\/\/schema.org","@graph":[{"@type":"Article","@id":"https:\/\/menschen.proalps.ch\/fr\/marina-carobbio-guscetti\/#article","isPartOf":{"@id":"https:\/\/menschen.proalps.ch\/fr\/marina-carobbio-guscetti\/"},"author":{"name":"alpenadmin","@id":"https:\/\/menschen.proalps.ch\/#\/schema\/person\/4e48dd4c36fb357e5fd16fd02f3b0383"},"headline":"Marina Carobbio Guscetti","datePublished":"2019-01-14T14:43:32+00:00","dateModified":"2019-02-18T12:52:47+00:00","mainEntityOfPage":{"@id":"https:\/\/menschen.proalps.ch\/fr\/marina-carobbio-guscetti\/"},"wordCount":932,"image":{"@id":"https:\/\/menschen.proalps.ch\/fr\/marina-carobbio-guscetti\/#primaryimage"},"thumbnailUrl":"https:\/\/menschen.proalps.ch\/wp-content\/uploads\/2019\/02\/Marina-Carobbio.jpg","articleSection":["Personnages"],"inLanguage":"fr-FR"},{"@type":"WebPage","@id":"https:\/\/menschen.proalps.ch\/fr\/marina-carobbio-guscetti\/","url":"https:\/\/menschen.proalps.ch\/fr\/marina-carobbio-guscetti\/","name":"Marina Carobbio Guscetti - Des gens, des lieux, des propos frappants","isPartOf":{"@id":"https:\/\/menschen.proalps.ch\/#website"},"primaryImageOfPage":{"@id":"https:\/\/menschen.proalps.ch\/fr\/marina-carobbio-guscetti\/#primaryimage"},"image":{"@id":"https:\/\/menschen.proalps.ch\/fr\/marina-carobbio-guscetti\/#primaryimage"},"thumbnailUrl":"https:\/\/menschen.proalps.ch\/wp-content\/uploads\/2019\/02\/Marina-Carobbio.jpg","datePublished":"2019-01-14T14:43:32+00:00","dateModified":"2019-02-18T12:52:47+00:00","author":{"@id":"https:\/\/menschen.proalps.ch\/#\/schema\/person\/4e48dd4c36fb357e5fd16fd02f3b0383"},"breadcrumb":{"@id":"https:\/\/menschen.proalps.ch\/fr\/marina-carobbio-guscetti\/#breadcrumb"},"inLanguage":"fr-FR","potentialAction":[{"@type":"ReadAction","target":["https:\/\/menschen.proalps.ch\/fr\/marina-carobbio-guscetti\/"]}]},{"@type":"ImageObject","inLanguage":"fr-FR","@id":"https:\/\/menschen.proalps.ch\/fr\/marina-carobbio-guscetti\/#primaryimage","url":"https:\/\/menschen.proalps.ch\/wp-content\/uploads\/2019\/02\/Marina-Carobbio.jpg","contentUrl":"https:\/\/menschen.proalps.ch\/wp-content\/uploads\/2019\/02\/Marina-Carobbio.jpg","width":2000,"height":1331},{"@type":"BreadcrumbList","@id":"https:\/\/menschen.proalps.ch\/fr\/marina-carobbio-guscetti\/#breadcrumb","itemListElement":[{"@type":"ListItem","position":1,"name":"Startseite","item":"https:\/\/menschen.proalps.ch\/fr\/"},{"@type":"ListItem","position":2,"name":"Marina Carobbio Guscetti"}]},{"@type":"WebSite","@id":"https:\/\/menschen.proalps.ch\/#website","url":"https:\/\/menschen.proalps.ch\/","name":"Vivre en cabine","description":"De Fabian Biasio (vid\u00e9os et photos) et Susan Boos (textes) ","potentialAction":[{"@type":"SearchAction","target":{"@type":"EntryPoint","urlTemplate":"https:\/\/menschen.proalps.ch\/?s={search_term_string}"},"query-input":{"@type":"PropertyValueSpecification","valueRequired":true,"valueName":"search_term_string"}}],"inLanguage":"fr-FR"},{"@type":"Person","@id":"https:\/\/menschen.proalps.ch\/#\/schema\/person\/4e48dd4c36fb357e5fd16fd02f3b0383","name":"alpenadmin","image":{"@type":"ImageObject","inLanguage":"fr-FR","@id":"https:\/\/menschen.proalps.ch\/#\/schema\/person\/image\/","url":"https:\/\/secure.gravatar.com\/avatar\/bc6d4d14227937daef51b8753b883ba033ea5c936fb2c4d7c17f5c8c41b5a450?s=96&d=mm&r=g","contentUrl":"https:\/\/secure.gravatar.com\/avatar\/bc6d4d14227937daef51b8753b883ba033ea5c936fb2c4d7c17f5c8c41b5a450?s=96&d=mm&r=g","caption":"alpenadmin"},"url":"https:\/\/menschen.proalps.ch\/fr\/author\/alpenadmin\/"}]}},"_links":{"self":[{"href":"https:\/\/menschen.proalps.ch\/fr\/wp-json\/wp\/v2\/posts\/1723","targetHints":{"allow":["GET"]}}],"collection":[{"href":"https:\/\/menschen.proalps.ch\/fr\/wp-json\/wp\/v2\/posts"}],"about":[{"href":"https:\/\/menschen.proalps.ch\/fr\/wp-json\/wp\/v2\/types\/post"}],"author":[{"embeddable":true,"href":"https:\/\/menschen.proalps.ch\/fr\/wp-json\/wp\/v2\/users\/1"}],"replies":[{"embeddable":true,"href":"https:\/\/menschen.proalps.ch\/fr\/wp-json\/wp\/v2\/comments?post=1723"}],"version-history":[{"count":3,"href":"https:\/\/menschen.proalps.ch\/fr\/wp-json\/wp\/v2\/posts\/1723\/revisions"}],"predecessor-version":[{"id":1877,"href":"https:\/\/menschen.proalps.ch\/fr\/wp-json\/wp\/v2\/posts\/1723\/revisions\/1877"}],"wp:featuredmedia":[{"embeddable":true,"href":"https:\/\/menschen.proalps.ch\/fr\/wp-json\/wp\/v2\/media\/1622"}],"wp:attachment":[{"href":"https:\/\/menschen.proalps.ch\/fr\/wp-json\/wp\/v2\/media?parent=1723"}],"wp:term":[{"taxonomy":"category","embeddable":true,"href":"https:\/\/menschen.proalps.ch\/fr\/wp-json\/wp\/v2\/categories?post=1723"},{"taxonomy":"post_tag","embeddable":true,"href":"https:\/\/menschen.proalps.ch\/fr\/wp-json\/wp\/v2\/tags?post=1723"}],"curies":[{"name":"wp","href":"https:\/\/api.w.org\/{rel}","templated":true}]}}