{"id":1728,"date":"2019-01-15T14:48:37","date_gmt":"2019-01-15T14:48:37","guid":{"rendered":"https:\/\/menschen.alpeninitiative.ch\/jon-pult\/"},"modified":"2019-02-18T12:52:25","modified_gmt":"2019-02-18T12:52:25","slug":"jon-pult","status":"publish","type":"post","link":"https:\/\/menschen.proalps.ch\/fr\/jon-pult\/","title":{"rendered":"Jon Pult"},"content":{"rendered":"\n\n[aesop_quote type=\u00a0\u00bbblock\u00a0\u00bb background=\u00a0\u00bb#0080c0&Prime; text=\u00a0\u00bb#ffffff\u00a0\u00bb align=\u00a0\u00bbleft\u00a0\u00bb size=\u00a0\u00bb1&Prime; quote=\u00a0\u00bbJon Pult est n\u00e9 en 1984 \u00e0 Scuol GR et a grandi \u00e0 Guarda, Milan et Coire. Il a \u00e9tudi\u00e9 l&rsquo;histoire g\u00e9n\u00e9rale, l&rsquo;histoire sociale et \u00e9conomique ainsi que la philosophie et a obtenu sa licence en philosophie \u00e0 Zurich. Il \u00e9tait pr\u00e9sident du PS Grisons, a si\u00e9g\u00e9 jusqu&rsquo;en 2018 au parlement cantonal des Grisons et travaille en tant que chef de projet dans une agence de communication zurichoise. Depuis 2014 il est pr\u00e9sident de l&rsquo;Initiative des Alpes.\u00a0\u00bb revealfx=\u00a0\u00bboff\u00a0\u00bb]\n<p>\u00ab Avant l&rsquo;\u00e9mission Arena sur le deuxi\u00e8me tunnel au Gothard en f\u00e9vrier 2016, j&rsquo;\u00e9tais extr\u00eamement nerveux. Je n&rsquo;avais encore jamais \u00e9t\u00e9 aussi pr\u00e9sent \u00e0 la t\u00e9l\u00e9vision nationale et j&rsquo;avais la grande responsabilit\u00e9 de repr\u00e9senter clairement notre opposition \u00e0 la construction d&rsquo;un deuxi\u00e8me tunnel routier. Bien s\u00fbr, j&rsquo;ai particip\u00e9 une fois \u00e0 l&rsquo;\u00e9mission de Giacobbo\/M\u00fcller, mais c&rsquo;\u00e9tait tr\u00e8s d\u00e9contract\u00e9 car je n&rsquo;avais presque rien \u00e0 perdre.<\/p>\n<p>Je me souviens tr\u00e8s bien que le soir avant Arena, j&rsquo;ai pris un bain chaud. Puis, le jour de l&rsquo;\u00e9mission j&rsquo;ai fait une longue promenade afin de rassembler toutes mes pens\u00e9es. Un peu avant, j&rsquo;ai re\u00e7u des conseils de toutes parts sur ce que je devais dire et sur la fa\u00e7on dont je devais me pr\u00e9senter. Les propositions n&rsquo;\u00e9taient pas du tout unanimes et cela m&rsquo;a troubl\u00e9. Je savais aussi que les sondages nous \u00e9taient d\u00e9favorables et que Doris Leuthard \u00e9tait une adversaire tr\u00e8s forte. Je l&rsquo;avais d\u00e9j\u00e0 vue sur des podiums, il \u00e9tait quasiment impossible de la faire craquer. De plus les apparitions t\u00e9l\u00e9vis\u00e9es \u00e9taient sa discipline supr\u00eame, ce qui pour moi \u00e9tait un \u00e9norme d\u00e9fi.<\/p>\n<p>En tant que provincial inconnu dans l&rsquo;ar\u00e8ne de la Conseill\u00e8re f\u00e9d\u00e9rale pr\u00e9f\u00e9r\u00e9e des Suisses, j\u2019ai pris la d\u00e9cision de ne pas la provoquer. Elle devait appara\u00eetre aussi peu que possible \u00e0 l&rsquo;\u00e9cran, en contrepartie je voulais d\u00e9stabiliser Ueli Giezendanner, c&rsquo;\u00e9tait mon plan.<\/p>\n<p>Je pense avoir bien ma\u00eetris\u00e9 le premier tiers du programme, au dernier tiers j&rsquo;ai perdu mon souffle. La partie du plaidoyer \u00e0 la barre a \u00e9t\u00e9 impitoyable. J&rsquo;\u00e9tais seul et du point de vue argumentatif, j&rsquo;ai \u00e9t\u00e9 mis en mauvaise position. Que peut-on dire quand deux camions roulent de front \u00e0 votre rencontre et qu&rsquo;on ne peut pas les \u00e9viter ? Le th\u00e8me des partisans \u00e9tait la s\u00e9curit\u00e9. Un concept difficile \u00e0 contrer. Notre th\u00e8me \u00e9tait le transfert et la politique de transfert, c&rsquo;est plus compliqu\u00e9.<\/p>\n<p>D\u00e9j\u00e0 avant l&rsquo;\u00e9mission j&rsquo;avais parfois un sentiment d&rsquo;impuissance. Bien s\u00fbr, j&rsquo;avais encore visionn\u00e9 l&rsquo;\u00e9mission l\u00e9gendaire Arena avec Hansruedi Stadler, le Landammann uranais, c&rsquo;\u00e9tait un exemple sur la fa\u00e7on de retourner un vote dans une situation apparemment sans espoir. Cependant j&rsquo;\u00e9tais aussi assez r\u00e9aliste pour voir que c&rsquo;\u00e9tait une autre \u00e9poque et que Doris Leuthard, contrairement \u00e0 son pr\u00e9d\u00e9cesseur Adolf Ogi, \u00e9tait une adversaire de taille. Pourtant : son argumentation selon laquelle le deuxi\u00e8me tube ne serait utilis\u00e9 qu&rsquo;\u00e0 moiti\u00e9 \u00e9tait mensonger &#8211; le b\u00e9ton est toujours plus dur que les promesses. On nous a pi\u00e9g\u00e9s avec ce concept d&rsquo;un double tube exploit\u00e9 sur une seule voie. Je dois avouer qu&rsquo;elle a brillamment repr\u00e9sent\u00e9 le projet mensonger.<\/p>\n<p>Apr\u00e8s la d\u00e9faite du vote, j&rsquo;ai s\u00e9rieusement pos\u00e9 la question \u00e0 l&rsquo;Initiative des Alpes : suis-je vraiment la bonne personne \u00e0 la pr\u00e9sidence ? J&rsquo;aurais tout de suite remis mon poste \u00e0 disposition si j&rsquo;avais eu le sentiment que les membres ne me portaient plus. Je craignais \u00e9galement que le NON ne porte atteinte \u00e0 notre r\u00e9putation de repr\u00e9sentants cr\u00e9dibles des Alpes et \u00e0 une politique des transports coh\u00e9rente. Heureusement, cela n&rsquo;a pas \u00e9t\u00e9 le cas et personne n&rsquo;a pris la fuite parce que nous avions perdu une fois. C\u2019est un beau signe qui me rend plus confiant qu&rsquo;avant la votation.<\/p>\n<p>Comme l&rsquo;exigent la Constitution et la loi, la Suisse parviendra \u00e0 transf\u00e9rer les marchandises au rail. Quand l&rsquo;objectif d&rsquo;un maximum annuel de 650 000 camions en transit alpin sera atteint, ce chiffre deviendra alors une norme que personne ne voudra plus abandonner quand le deuxi\u00e8me tube routier sera en place au Gothard. Qui donc voudra risquer une d\u00e9ferlante de camions ? Si nous atteignons l&rsquo;objectif de transfert dans les prochaines ann\u00e9es, il sera difficile pour le lobby routier de pousser la politique dans une autre direction. D&rsquo;ici l\u00e0, tout le monde se sera peut-\u00eatre rendu compte que l&rsquo;\u00e9tat des Alpes est le reflet de la sant\u00e9 plan\u00e9taire.<\/p>\n<p>Je trouve intol\u00e9rable que le Parlement f\u00e9d\u00e9ral ait \u00e9t\u00e9 jusqu&rsquo;\u00e0 pr\u00e9sent incapable de trouver une loi efficace sur le CO2. Qui devrait servir de mod\u00e8le en mati\u00e8re de protection climatique, si ce n&rsquo;est la Suisse ? Le changement climatique est une question existentielle pour notre pays montagneux. Comment expliquerons-nous \u00e0 nos petits-enfants que notre pays riche et hautement d\u00e9velopp\u00e9 n&rsquo;a pas r\u00e9ussi \u00e0 adopter des mesures efficaces pour r\u00e9duire les \u00e9missions de CO2 ? C&rsquo;est tout simplement absurde. Je suis d\u00e9termin\u00e9 \u00e0 apporter ma contribution politique \u00e0 la protection du climat. \u00bb<\/p>\n\n[aesop_collection collection=\u00a0\u00bbnull\u00a0\u00bb limit=\u00a0\u00bb16&Prime; columns=\u00a0\u00bb2&Prime; splash=\u00a0\u00bboff\u00a0\u00bb order=\u00a0\u00bbdefault\u00a0\u00bb loadmore=\u00a0\u00bboff\u00a0\u00bb showexcerpt=\u00a0\u00bbon\u00a0\u00bb revealfx=\u00a0\u00bboff\u00a0\u00bb]\n","protected":false},"excerpt":{"rendered":"<p>[aesop_quote type=\u00a0\u00bbblock\u00a0\u00bb background=\u00a0\u00bb#0080c0&Prime; text=\u00a0\u00bb#ffffff\u00a0\u00bb align=\u00a0\u00bbleft\u00a0\u00bb size=\u00a0\u00bb1&Prime; quote=\u00a0\u00bbJon Pult est n\u00e9 en 1984 \u00e0 Scuol GR et a grandi \u00e0 Guarda, Milan et Coire. Il a \u00e9tudi\u00e9 l&rsquo;histoire g\u00e9n\u00e9rale, l&rsquo;histoire sociale et \u00e9conomique ainsi que la philosophie et a obtenu sa licence en philosophie \u00e0 Zurich. Il \u00e9tait pr\u00e9sident du PS Grisons, a si\u00e9g\u00e9 jusqu&rsquo;en 2018 [&hellip;]<\/p>\n","protected":false},"author":1,"featured_media":1616,"comment_status":"closed","ping_status":"closed","sticky":false,"template":"","format":"standard","meta":{"inline_featured_image":false,"footnotes":""},"categories":[57],"tags":[],"class_list":["post-1728","post","type-post","status-publish","format-standard","has-post-thumbnail","hentry","category-personnages"],"yoast_head":"<!-- This site is optimized with the Yoast SEO plugin v27.1.1 - https:\/\/yoast.com\/product\/yoast-seo-wordpress\/ -->\n<title>Jon Pult - Des gens, des lieux, des propos frappants<\/title>\n<meta name=\"robots\" content=\"index, follow, max-snippet:-1, max-image-preview:large, max-video-preview:-1\" \/>\n<link rel=\"canonical\" href=\"https:\/\/menschen.proalps.ch\/fr\/jon-pult\/\" \/>\n<meta property=\"og:locale\" content=\"fr_FR\" \/>\n<meta property=\"og:type\" content=\"article\" \/>\n<meta property=\"og:title\" content=\"Jon Pult - Des gens, des lieux, des propos frappants\" \/>\n<meta property=\"og:description\" content=\"[aesop_quote type=\u00a0\u00bbblock\u00a0\u00bb background=\u00a0\u00bb#0080c0&Prime; text=\u00a0\u00bb#ffffff\u00a0\u00bb align=\u00a0\u00bbleft\u00a0\u00bb size=\u00a0\u00bb1&Prime; quote=\u00a0\u00bbJon Pult est n\u00e9 en 1984 \u00e0 Scuol GR et a grandi \u00e0 Guarda, Milan et Coire. Il a \u00e9tudi\u00e9 l&rsquo;histoire g\u00e9n\u00e9rale, l&rsquo;histoire sociale et \u00e9conomique ainsi que la philosophie et a obtenu sa licence en philosophie \u00e0 Zurich. Il \u00e9tait pr\u00e9sident du PS Grisons, a si\u00e9g\u00e9 jusqu&rsquo;en 2018 [&hellip;]\" \/>\n<meta property=\"og:url\" content=\"https:\/\/menschen.proalps.ch\/fr\/jon-pult\/\" \/>\n<meta property=\"og:site_name\" content=\"Vivre en cabine\" \/>\n<meta property=\"article:published_time\" content=\"2019-01-15T14:48:37+00:00\" \/>\n<meta property=\"article:modified_time\" content=\"2019-02-18T12:52:25+00:00\" \/>\n<meta property=\"og:image\" content=\"https:\/\/menschen.proalps.ch\/wp-content\/uploads\/2019\/02\/Jon-Pult-1024x681.jpg\" \/>\n\t<meta property=\"og:image:width\" content=\"1024\" \/>\n\t<meta property=\"og:image:height\" content=\"681\" \/>\n\t<meta property=\"og:image:type\" content=\"image\/jpeg\" \/>\n<meta name=\"author\" content=\"alpenadmin\" \/>\n<meta name=\"twitter:card\" content=\"summary_large_image\" \/>\n<meta name=\"twitter:label1\" content=\"\u00c9crit par\" \/>\n\t<meta name=\"twitter:data1\" content=\"alpenadmin\" \/>\n\t<meta name=\"twitter:label2\" content=\"Dur\u00e9e de lecture estim\u00e9e\" \/>\n\t<meta name=\"twitter:data2\" content=\"4 minutes\" \/>\n<script type=\"application\/ld+json\" class=\"yoast-schema-graph\">{\"@context\":\"https:\/\/schema.org\",\"@graph\":[{\"@type\":\"Article\",\"@id\":\"https:\/\/menschen.proalps.ch\/fr\/jon-pult\/#article\",\"isPartOf\":{\"@id\":\"https:\/\/menschen.proalps.ch\/fr\/jon-pult\/\"},\"author\":{\"name\":\"alpenadmin\",\"@id\":\"https:\/\/menschen.proalps.ch\/#\/schema\/person\/4e48dd4c36fb357e5fd16fd02f3b0383\"},\"headline\":\"Jon Pult\",\"datePublished\":\"2019-01-15T14:48:37+00:00\",\"dateModified\":\"2019-02-18T12:52:25+00:00\",\"mainEntityOfPage\":{\"@id\":\"https:\/\/menschen.proalps.ch\/fr\/jon-pult\/\"},\"wordCount\":938,\"image\":{\"@id\":\"https:\/\/menschen.proalps.ch\/fr\/jon-pult\/#primaryimage\"},\"thumbnailUrl\":\"https:\/\/menschen.proalps.ch\/wp-content\/uploads\/2019\/02\/Jon-Pult.jpg\",\"articleSection\":[\"Personnages\"],\"inLanguage\":\"fr-FR\"},{\"@type\":\"WebPage\",\"@id\":\"https:\/\/menschen.proalps.ch\/fr\/jon-pult\/\",\"url\":\"https:\/\/menschen.proalps.ch\/fr\/jon-pult\/\",\"name\":\"Jon Pult - Des gens, des lieux, des propos frappants\",\"isPartOf\":{\"@id\":\"https:\/\/menschen.proalps.ch\/#website\"},\"primaryImageOfPage\":{\"@id\":\"https:\/\/menschen.proalps.ch\/fr\/jon-pult\/#primaryimage\"},\"image\":{\"@id\":\"https:\/\/menschen.proalps.ch\/fr\/jon-pult\/#primaryimage\"},\"thumbnailUrl\":\"https:\/\/menschen.proalps.ch\/wp-content\/uploads\/2019\/02\/Jon-Pult.jpg\",\"datePublished\":\"2019-01-15T14:48:37+00:00\",\"dateModified\":\"2019-02-18T12:52:25+00:00\",\"author\":{\"@id\":\"https:\/\/menschen.proalps.ch\/#\/schema\/person\/4e48dd4c36fb357e5fd16fd02f3b0383\"},\"breadcrumb\":{\"@id\":\"https:\/\/menschen.proalps.ch\/fr\/jon-pult\/#breadcrumb\"},\"inLanguage\":\"fr-FR\",\"potentialAction\":[{\"@type\":\"ReadAction\",\"target\":[\"https:\/\/menschen.proalps.ch\/fr\/jon-pult\/\"]}]},{\"@type\":\"ImageObject\",\"inLanguage\":\"fr-FR\",\"@id\":\"https:\/\/menschen.proalps.ch\/fr\/jon-pult\/#primaryimage\",\"url\":\"https:\/\/menschen.proalps.ch\/wp-content\/uploads\/2019\/02\/Jon-Pult.jpg\",\"contentUrl\":\"https:\/\/menschen.proalps.ch\/wp-content\/uploads\/2019\/02\/Jon-Pult.jpg\",\"width\":2000,\"height\":1331},{\"@type\":\"BreadcrumbList\",\"@id\":\"https:\/\/menschen.proalps.ch\/fr\/jon-pult\/#breadcrumb\",\"itemListElement\":[{\"@type\":\"ListItem\",\"position\":1,\"name\":\"Startseite\",\"item\":\"https:\/\/menschen.proalps.ch\/fr\/\"},{\"@type\":\"ListItem\",\"position\":2,\"name\":\"Jon Pult\"}]},{\"@type\":\"WebSite\",\"@id\":\"https:\/\/menschen.proalps.ch\/#website\",\"url\":\"https:\/\/menschen.proalps.ch\/\",\"name\":\"Vivre en cabine\",\"description\":\"De Fabian Biasio (vid\u00e9os et photos) et Susan Boos (textes) \",\"potentialAction\":[{\"@type\":\"SearchAction\",\"target\":{\"@type\":\"EntryPoint\",\"urlTemplate\":\"https:\/\/menschen.proalps.ch\/?s={search_term_string}\"},\"query-input\":{\"@type\":\"PropertyValueSpecification\",\"valueRequired\":true,\"valueName\":\"search_term_string\"}}],\"inLanguage\":\"fr-FR\"},{\"@type\":\"Person\",\"@id\":\"https:\/\/menschen.proalps.ch\/#\/schema\/person\/4e48dd4c36fb357e5fd16fd02f3b0383\",\"name\":\"alpenadmin\",\"image\":{\"@type\":\"ImageObject\",\"inLanguage\":\"fr-FR\",\"@id\":\"https:\/\/menschen.proalps.ch\/#\/schema\/person\/image\/\",\"url\":\"https:\/\/secure.gravatar.com\/avatar\/bc6d4d14227937daef51b8753b883ba033ea5c936fb2c4d7c17f5c8c41b5a450?s=96&d=mm&r=g\",\"contentUrl\":\"https:\/\/secure.gravatar.com\/avatar\/bc6d4d14227937daef51b8753b883ba033ea5c936fb2c4d7c17f5c8c41b5a450?s=96&d=mm&r=g\",\"caption\":\"alpenadmin\"},\"url\":\"https:\/\/menschen.proalps.ch\/fr\/author\/alpenadmin\/\"}]}<\/script>\n<!-- \/ Yoast SEO plugin. -->","yoast_head_json":{"title":"Jon Pult - Des gens, des lieux, des propos frappants","robots":{"index":"index","follow":"follow","max-snippet":"max-snippet:-1","max-image-preview":"max-image-preview:large","max-video-preview":"max-video-preview:-1"},"canonical":"https:\/\/menschen.proalps.ch\/fr\/jon-pult\/","og_locale":"fr_FR","og_type":"article","og_title":"Jon Pult - Des gens, des lieux, des propos frappants","og_description":"[aesop_quote type=\u00a0\u00bbblock\u00a0\u00bb background=\u00a0\u00bb#0080c0&Prime; text=\u00a0\u00bb#ffffff\u00a0\u00bb align=\u00a0\u00bbleft\u00a0\u00bb size=\u00a0\u00bb1&Prime; quote=\u00a0\u00bbJon Pult est n\u00e9 en 1984 \u00e0 Scuol GR et a grandi \u00e0 Guarda, Milan et Coire. Il a \u00e9tudi\u00e9 l&rsquo;histoire g\u00e9n\u00e9rale, l&rsquo;histoire sociale et \u00e9conomique ainsi que la philosophie et a obtenu sa licence en philosophie \u00e0 Zurich. Il \u00e9tait pr\u00e9sident du PS Grisons, a si\u00e9g\u00e9 jusqu&rsquo;en 2018 [&hellip;]","og_url":"https:\/\/menschen.proalps.ch\/fr\/jon-pult\/","og_site_name":"Vivre en cabine","article_published_time":"2019-01-15T14:48:37+00:00","article_modified_time":"2019-02-18T12:52:25+00:00","og_image":[{"width":1024,"height":681,"url":"https:\/\/menschen.proalps.ch\/wp-content\/uploads\/2019\/02\/Jon-Pult-1024x681.jpg","type":"image\/jpeg"}],"author":"alpenadmin","twitter_card":"summary_large_image","twitter_misc":{"\u00c9crit par":"alpenadmin","Dur\u00e9e de lecture estim\u00e9e":"4 minutes"},"schema":{"@context":"https:\/\/schema.org","@graph":[{"@type":"Article","@id":"https:\/\/menschen.proalps.ch\/fr\/jon-pult\/#article","isPartOf":{"@id":"https:\/\/menschen.proalps.ch\/fr\/jon-pult\/"},"author":{"name":"alpenadmin","@id":"https:\/\/menschen.proalps.ch\/#\/schema\/person\/4e48dd4c36fb357e5fd16fd02f3b0383"},"headline":"Jon Pult","datePublished":"2019-01-15T14:48:37+00:00","dateModified":"2019-02-18T12:52:25+00:00","mainEntityOfPage":{"@id":"https:\/\/menschen.proalps.ch\/fr\/jon-pult\/"},"wordCount":938,"image":{"@id":"https:\/\/menschen.proalps.ch\/fr\/jon-pult\/#primaryimage"},"thumbnailUrl":"https:\/\/menschen.proalps.ch\/wp-content\/uploads\/2019\/02\/Jon-Pult.jpg","articleSection":["Personnages"],"inLanguage":"fr-FR"},{"@type":"WebPage","@id":"https:\/\/menschen.proalps.ch\/fr\/jon-pult\/","url":"https:\/\/menschen.proalps.ch\/fr\/jon-pult\/","name":"Jon Pult - Des gens, des lieux, des propos frappants","isPartOf":{"@id":"https:\/\/menschen.proalps.ch\/#website"},"primaryImageOfPage":{"@id":"https:\/\/menschen.proalps.ch\/fr\/jon-pult\/#primaryimage"},"image":{"@id":"https:\/\/menschen.proalps.ch\/fr\/jon-pult\/#primaryimage"},"thumbnailUrl":"https:\/\/menschen.proalps.ch\/wp-content\/uploads\/2019\/02\/Jon-Pult.jpg","datePublished":"2019-01-15T14:48:37+00:00","dateModified":"2019-02-18T12:52:25+00:00","author":{"@id":"https:\/\/menschen.proalps.ch\/#\/schema\/person\/4e48dd4c36fb357e5fd16fd02f3b0383"},"breadcrumb":{"@id":"https:\/\/menschen.proalps.ch\/fr\/jon-pult\/#breadcrumb"},"inLanguage":"fr-FR","potentialAction":[{"@type":"ReadAction","target":["https:\/\/menschen.proalps.ch\/fr\/jon-pult\/"]}]},{"@type":"ImageObject","inLanguage":"fr-FR","@id":"https:\/\/menschen.proalps.ch\/fr\/jon-pult\/#primaryimage","url":"https:\/\/menschen.proalps.ch\/wp-content\/uploads\/2019\/02\/Jon-Pult.jpg","contentUrl":"https:\/\/menschen.proalps.ch\/wp-content\/uploads\/2019\/02\/Jon-Pult.jpg","width":2000,"height":1331},{"@type":"BreadcrumbList","@id":"https:\/\/menschen.proalps.ch\/fr\/jon-pult\/#breadcrumb","itemListElement":[{"@type":"ListItem","position":1,"name":"Startseite","item":"https:\/\/menschen.proalps.ch\/fr\/"},{"@type":"ListItem","position":2,"name":"Jon Pult"}]},{"@type":"WebSite","@id":"https:\/\/menschen.proalps.ch\/#website","url":"https:\/\/menschen.proalps.ch\/","name":"Vivre en cabine","description":"De Fabian Biasio (vid\u00e9os et photos) et Susan Boos (textes) ","potentialAction":[{"@type":"SearchAction","target":{"@type":"EntryPoint","urlTemplate":"https:\/\/menschen.proalps.ch\/?s={search_term_string}"},"query-input":{"@type":"PropertyValueSpecification","valueRequired":true,"valueName":"search_term_string"}}],"inLanguage":"fr-FR"},{"@type":"Person","@id":"https:\/\/menschen.proalps.ch\/#\/schema\/person\/4e48dd4c36fb357e5fd16fd02f3b0383","name":"alpenadmin","image":{"@type":"ImageObject","inLanguage":"fr-FR","@id":"https:\/\/menschen.proalps.ch\/#\/schema\/person\/image\/","url":"https:\/\/secure.gravatar.com\/avatar\/bc6d4d14227937daef51b8753b883ba033ea5c936fb2c4d7c17f5c8c41b5a450?s=96&d=mm&r=g","contentUrl":"https:\/\/secure.gravatar.com\/avatar\/bc6d4d14227937daef51b8753b883ba033ea5c936fb2c4d7c17f5c8c41b5a450?s=96&d=mm&r=g","caption":"alpenadmin"},"url":"https:\/\/menschen.proalps.ch\/fr\/author\/alpenadmin\/"}]}},"_links":{"self":[{"href":"https:\/\/menschen.proalps.ch\/fr\/wp-json\/wp\/v2\/posts\/1728","targetHints":{"allow":["GET"]}}],"collection":[{"href":"https:\/\/menschen.proalps.ch\/fr\/wp-json\/wp\/v2\/posts"}],"about":[{"href":"https:\/\/menschen.proalps.ch\/fr\/wp-json\/wp\/v2\/types\/post"}],"author":[{"embeddable":true,"href":"https:\/\/menschen.proalps.ch\/fr\/wp-json\/wp\/v2\/users\/1"}],"replies":[{"embeddable":true,"href":"https:\/\/menschen.proalps.ch\/fr\/wp-json\/wp\/v2\/comments?post=1728"}],"version-history":[{"count":4,"href":"https:\/\/menschen.proalps.ch\/fr\/wp-json\/wp\/v2\/posts\/1728\/revisions"}],"predecessor-version":[{"id":1876,"href":"https:\/\/menschen.proalps.ch\/fr\/wp-json\/wp\/v2\/posts\/1728\/revisions\/1876"}],"wp:featuredmedia":[{"embeddable":true,"href":"https:\/\/menschen.proalps.ch\/fr\/wp-json\/wp\/v2\/media\/1616"}],"wp:attachment":[{"href":"https:\/\/menschen.proalps.ch\/fr\/wp-json\/wp\/v2\/media?parent=1728"}],"wp:term":[{"taxonomy":"category","embeddable":true,"href":"https:\/\/menschen.proalps.ch\/fr\/wp-json\/wp\/v2\/categories?post=1728"},{"taxonomy":"post_tag","embeddable":true,"href":"https:\/\/menschen.proalps.ch\/fr\/wp-json\/wp\/v2\/tags?post=1728"}],"curies":[{"name":"wp","href":"https:\/\/api.w.org\/{rel}","templated":true}]}}