{"id":1733,"date":"2019-01-16T14:58:58","date_gmt":"2019-01-16T14:58:58","guid":{"rendered":"https:\/\/menschen.alpeninitiative.ch\/mathias-reynard\/"},"modified":"2019-02-18T12:52:01","modified_gmt":"2019-02-18T12:52:01","slug":"mathias-reynard","status":"publish","type":"post","link":"https:\/\/menschen.proalps.ch\/fr\/mathias-reynard\/","title":{"rendered":"Mathias Reynard"},"content":{"rendered":"[aesop_quote type=\u00a0\u00bbblock\u00a0\u00bb background=\u00a0\u00bb#0080c0&Prime; text=\u00a0\u00bb#ffffff\u00a0\u00bb align=\u00a0\u00bbleft\u00a0\u00bb size=\u00a0\u00bb1&Prime; quote=\u00a0\u00bbMathias Reynard, n\u00e9 en 1987 en Valais, est conseiller national PS depuis 2011. Il a \u00e9tudi\u00e9 \u00e0 Lausanne, vit \u00e0 St-Germain et enseigne au cycle d\u2019orientation de Savi\u00e8se. Engag\u00e9 dans de nombreuses organisations, il est membre du comit\u00e9 de l\u2019Initiative des Alpes depuis 2012. \u00a0\u00bb revealfx=\u00a0\u00bboff\u00a0\u00bb]\n<p>\u00ab Je fais de la politique pour changer les choses et souvent, cela se fait aussi dans la rue. \u00c7a a \u00e9t\u00e9 le cas avec l\u2019action organis\u00e9e sur le col du Simplon d\u00e9but 2018. Pour mettre en place une action de protestation, il faut des personnes motiv\u00e9es, comme celles qui s\u2019engagent pour l\u2019Initiative des Alpes. J\u2019appr\u00e9cie cet activisme, lorsque des gens se mobilisent pour d\u00e9fendre une cause et travaillent avec un objectif commun. J\u2019aime alors m\u2019impliquer.<\/p>\n<p>L\u2019immense signal d\u2019avertissement \u00ab Stop toxique \u00bb peint dans la neige \u00e0 c\u00f4t\u00e9 de la route du col du Simplon \u00e9tait impressionnant. Les m\u00e9dias en ont parl\u00e9. Pour ma part, apr\u00e8s une br\u00e8ve allocution, j\u2019ai r\u00e9pondu aux journalistes al\u00e9maniques du Haut-Valais, ainsi qu\u2019aux m\u00e9dias romands.<\/p>\n<p>Ce sont pratiquement deux mondes distincts : j\u2019ai remarqu\u00e9 que bien des Valaisannes et Valaisans ne savaient pas que la route du Simplon est le seul itin\u00e9raire transalpin en Suisse par lequel les marchandises dangereuses peuvent \u00eatre transport\u00e9es. C\u2019est tr\u00e8s risqu\u00e9 sur cette route raide et sinueuse. Je pense que depuis cette action, le Valais est clairement sensibilis\u00e9 \u00e0 ces enjeux, \u00e9galement \u00e0 la n\u00e9cessit\u00e9 d\u2019instaurer des centres de contr\u00f4le du trafic lourd directement au Simplon. Bien que la Conf\u00e9d\u00e9ration ait pris des mesures pour am\u00e9liorer la s\u00e9curit\u00e9 sur cette route les ann\u00e9es pass\u00e9es, c\u2019est loin d\u2019\u00eatre suffisant. L\u2019impact est m\u00eame plut\u00f4t contre-productif, car certains consid\u00e8rent \u00e0 pr\u00e9sent que cette route de montagne peut \u00eatre sans autre emprunt\u00e9e par des camions transportant des mati\u00e8res dangereuses. Exactement ce que nous ne voulons pas !<\/p>\n<p>Nous nous battons pour le transfert du fret au rail et pour une meilleure qualit\u00e9 de l\u2019air dans les Alpes et nous pr\u00e9occupons de la s\u00e9curit\u00e9. Le danger provoqu\u00e9 par de tels transports peut \u00eatre stopp\u00e9 en les interdisant. J\u2019en ai parl\u00e9 avec des repr\u00e9sentants de Lonza, cette entreprise est un employeur important de mon canton. Ils consid\u00e8rent qu\u2019une interdiction ne poserait pas de probl\u00e8mes majeurs et qu\u2019ils pourraient s\u2019en accommoder.<\/p>\n<p>Je pense que le fait de vivre \u00e0 la montagne est une chance. J\u2019ai toujours eu conscience que les Alpes \u00e9taient un \u00e9cosyst\u00e8me sensible, c\u2019est pourquoi je me suis tr\u00e8s t\u00f4t pr\u00e9occup\u00e9 de leur protection. Lorsque j\u2019ai \u00e9t\u00e9 contact\u00e9, \u00e0 la suite de mon \u00e9lection, par l\u2019ancien conseiller national Fabio Pedrina pour rejoindre le comit\u00e9 de l\u2019Initiative des Alpes, j\u2019ai accept\u00e9 et j\u2019y suis encore \u2013 ce qui n\u2019est pas le cas d\u2019autres organisations ! L\u2019ambiance est bonne, tout est toujours tr\u00e8s bien pr\u00e9par\u00e9 et j\u2019obtiens les informations dont j\u2019ai besoin gr\u00e2ce aux collaboratrices et collaborateurs.<\/p>\n<p>Pr\u00e9c\u00e9demment, j\u2019\u00e9tais surtout actif sur les th\u00e8mes de la formation, des syndicats et des droits humains. Le fait de m\u2019engager suite \u00e0 mon \u00e9lection sur les questions de transport m\u2019a permis d\u2019\u00e9largir mes comp\u00e9tences sur un th\u00e8me qui touche directement la population. Cette action sur la route du Simplon m\u2019a permis de mieux me faire conna\u00eetre dans le Haut-Valais. De plus, il me semble tr\u00e8s important que la Suisse romande se pr\u00e9occupe de la protection des Alpes. Nous en avons fait l\u2019exp\u00e9rience lors du vote relatif \u00e0 la construction d\u2019un deuxi\u00e8me tunnel au Gothard en 2016 : seuls les cantons romands ont soutenu notre r\u00e9f\u00e9rendum et vot\u00e9 contre.<\/p>\n<p>Je sais que tout avance lentement en politique, pas seulement pour le transfert du trafic ! Mais nous avons \u00e9galement des raisons de nous r\u00e9jouir, notamment consid\u00e9rant la diminution du nombre de camions traversant les Alpes \u2013 m\u00eame si ce n\u2019est pas encore le cas au Simplon. Ces succ\u00e8s me donnent du courage. Je vis dans les Alpes et j\u2019estime en \u00eatre un repr\u00e9sentant, mais je suis aussi le repr\u00e9sentant d\u2019un village, j\u2019ai grandi \u00e0 Savi\u00e8se et y vis encore aujourd\u2019hui.<\/p>\n<p>Alors je ne comprends pas que la Suisse n\u2019ait pas r\u00e9ussi \u00e0 \u00e9laborer une loi efficace sur le CO2. Le Parlement ne prend pas suffisamment ses responsabilit\u00e9s. C\u2019est effrayant de constater que certains repr\u00e9sentants des cantons montagnards au Conseil national ne s\u2019engagent pas pour des mesures fortes, alors que les Alpes sont les premi\u00e8res touch\u00e9es par le changement climatique. Je pense ici aux glaciers qui fondent, aux enjeux pour le tourisme, aux dangers des chutes de pierres et aux inondations. Personnellement, je ne suis li\u00e9 \u00e0 aucune entreprise, je suis un politicien ind\u00e9pendant et veux le rester.<\/p>\n<p>C\u2019est pourquoi je ne suis membre d\u2019aucun conseil d\u2019administration qui indemnise financi\u00e8rement ses membres. Je le dis clairement : il faut avoir certains principes. \u00bb<\/p>\n\n[aesop_collection collection=\u00a0\u00bbnull\u00a0\u00bb limit=\u00a0\u00bb16&Prime; columns=\u00a0\u00bb2&Prime; splash=\u00a0\u00bboff\u00a0\u00bb order=\u00a0\u00bbdefault\u00a0\u00bb loadmore=\u00a0\u00bboff\u00a0\u00bb showexcerpt=\u00a0\u00bbon\u00a0\u00bb revealfx=\u00a0\u00bboff\u00a0\u00bb]\n","protected":false},"excerpt":{"rendered":"<p>[aesop_quote type=\u00a0\u00bbblock\u00a0\u00bb background=\u00a0\u00bb#0080c0&Prime; text=\u00a0\u00bb#ffffff\u00a0\u00bb align=\u00a0\u00bbleft\u00a0\u00bb size=\u00a0\u00bb1&Prime; quote=\u00a0\u00bbMathias Reynard, n\u00e9 en 1987 en Valais, est conseiller national PS depuis 2011. Il a \u00e9tudi\u00e9 \u00e0 Lausanne, vit \u00e0 St-Germain et enseigne au cycle d\u2019orientation de Savi\u00e8se. Engag\u00e9 dans de nombreuses organisations, il est membre du comit\u00e9 de l\u2019Initiative des Alpes depuis 2012. \u00a0\u00bb revealfx=\u00a0\u00bboff\u00a0\u00bb] \u00ab Je fais [&hellip;]<\/p>\n","protected":false},"author":1,"featured_media":1628,"comment_status":"closed","ping_status":"closed","sticky":false,"template":"","format":"standard","meta":{"inline_featured_image":false,"footnotes":""},"categories":[57],"tags":[],"class_list":["post-1733","post","type-post","status-publish","format-standard","has-post-thumbnail","hentry","category-personnages"],"yoast_head":"<!-- This site is optimized with the Yoast SEO plugin v27.1.1 - https:\/\/yoast.com\/product\/yoast-seo-wordpress\/ -->\n<title>Mathias Reynard - Des gens, des lieux, des propos frappants<\/title>\n<meta name=\"robots\" content=\"index, follow, max-snippet:-1, max-image-preview:large, max-video-preview:-1\" \/>\n<link rel=\"canonical\" href=\"https:\/\/menschen.proalps.ch\/fr\/mathias-reynard\/\" \/>\n<meta property=\"og:locale\" content=\"fr_FR\" \/>\n<meta property=\"og:type\" content=\"article\" \/>\n<meta property=\"og:title\" content=\"Mathias Reynard - Des gens, des lieux, des propos frappants\" \/>\n<meta property=\"og:description\" content=\"[aesop_quote type=\u00a0\u00bbblock\u00a0\u00bb background=\u00a0\u00bb#0080c0&Prime; text=\u00a0\u00bb#ffffff\u00a0\u00bb align=\u00a0\u00bbleft\u00a0\u00bb size=\u00a0\u00bb1&Prime; quote=\u00a0\u00bbMathias Reynard, n\u00e9 en 1987 en Valais, est conseiller national PS depuis 2011. Il a \u00e9tudi\u00e9 \u00e0 Lausanne, vit \u00e0 St-Germain et enseigne au cycle d\u2019orientation de Savi\u00e8se. Engag\u00e9 dans de nombreuses organisations, il est membre du comit\u00e9 de l\u2019Initiative des Alpes depuis 2012. \u00a0\u00bb revealfx=\u00a0\u00bboff\u00a0\u00bb] \u00ab Je fais [&hellip;]\" \/>\n<meta property=\"og:url\" content=\"https:\/\/menschen.proalps.ch\/fr\/mathias-reynard\/\" \/>\n<meta property=\"og:site_name\" content=\"Vivre en cabine\" \/>\n<meta property=\"article:published_time\" content=\"2019-01-16T14:58:58+00:00\" \/>\n<meta property=\"article:modified_time\" content=\"2019-02-18T12:52:01+00:00\" \/>\n<meta property=\"og:image\" content=\"https:\/\/menschen.proalps.ch\/wp-content\/uploads\/2019\/02\/Mathias-Reynard.jpg\" \/>\n\t<meta property=\"og:image:width\" content=\"2000\" \/>\n\t<meta property=\"og:image:height\" content=\"1331\" \/>\n\t<meta property=\"og:image:type\" content=\"image\/jpeg\" \/>\n<meta name=\"author\" content=\"alpenadmin\" \/>\n<meta name=\"twitter:card\" content=\"summary_large_image\" \/>\n<meta name=\"twitter:label1\" content=\"\u00c9crit par\" \/>\n\t<meta name=\"twitter:data1\" content=\"alpenadmin\" \/>\n\t<meta name=\"twitter:label2\" content=\"Dur\u00e9e de lecture estim\u00e9e\" \/>\n\t<meta name=\"twitter:data2\" content=\"4 minutes\" \/>\n<script type=\"application\/ld+json\" class=\"yoast-schema-graph\">{\"@context\":\"https:\/\/schema.org\",\"@graph\":[{\"@type\":\"Article\",\"@id\":\"https:\/\/menschen.proalps.ch\/fr\/mathias-reynard\/#article\",\"isPartOf\":{\"@id\":\"https:\/\/menschen.proalps.ch\/fr\/mathias-reynard\/\"},\"author\":{\"name\":\"alpenadmin\",\"@id\":\"https:\/\/menschen.proalps.ch\/#\/schema\/person\/4e48dd4c36fb357e5fd16fd02f3b0383\"},\"headline\":\"Mathias Reynard\",\"datePublished\":\"2019-01-16T14:58:58+00:00\",\"dateModified\":\"2019-02-18T12:52:01+00:00\",\"mainEntityOfPage\":{\"@id\":\"https:\/\/menschen.proalps.ch\/fr\/mathias-reynard\/\"},\"wordCount\":900,\"image\":{\"@id\":\"https:\/\/menschen.proalps.ch\/fr\/mathias-reynard\/#primaryimage\"},\"thumbnailUrl\":\"https:\/\/menschen.proalps.ch\/wp-content\/uploads\/2019\/02\/Mathias-Reynard.jpg\",\"articleSection\":[\"Personnages\"],\"inLanguage\":\"fr-FR\"},{\"@type\":\"WebPage\",\"@id\":\"https:\/\/menschen.proalps.ch\/fr\/mathias-reynard\/\",\"url\":\"https:\/\/menschen.proalps.ch\/fr\/mathias-reynard\/\",\"name\":\"Mathias Reynard - Des gens, des lieux, des propos frappants\",\"isPartOf\":{\"@id\":\"https:\/\/menschen.proalps.ch\/#website\"},\"primaryImageOfPage\":{\"@id\":\"https:\/\/menschen.proalps.ch\/fr\/mathias-reynard\/#primaryimage\"},\"image\":{\"@id\":\"https:\/\/menschen.proalps.ch\/fr\/mathias-reynard\/#primaryimage\"},\"thumbnailUrl\":\"https:\/\/menschen.proalps.ch\/wp-content\/uploads\/2019\/02\/Mathias-Reynard.jpg\",\"datePublished\":\"2019-01-16T14:58:58+00:00\",\"dateModified\":\"2019-02-18T12:52:01+00:00\",\"author\":{\"@id\":\"https:\/\/menschen.proalps.ch\/#\/schema\/person\/4e48dd4c36fb357e5fd16fd02f3b0383\"},\"breadcrumb\":{\"@id\":\"https:\/\/menschen.proalps.ch\/fr\/mathias-reynard\/#breadcrumb\"},\"inLanguage\":\"fr-FR\",\"potentialAction\":[{\"@type\":\"ReadAction\",\"target\":[\"https:\/\/menschen.proalps.ch\/fr\/mathias-reynard\/\"]}]},{\"@type\":\"ImageObject\",\"inLanguage\":\"fr-FR\",\"@id\":\"https:\/\/menschen.proalps.ch\/fr\/mathias-reynard\/#primaryimage\",\"url\":\"https:\/\/menschen.proalps.ch\/wp-content\/uploads\/2019\/02\/Mathias-Reynard.jpg\",\"contentUrl\":\"https:\/\/menschen.proalps.ch\/wp-content\/uploads\/2019\/02\/Mathias-Reynard.jpg\",\"width\":2000,\"height\":1331},{\"@type\":\"BreadcrumbList\",\"@id\":\"https:\/\/menschen.proalps.ch\/fr\/mathias-reynard\/#breadcrumb\",\"itemListElement\":[{\"@type\":\"ListItem\",\"position\":1,\"name\":\"Startseite\",\"item\":\"https:\/\/menschen.proalps.ch\/fr\/\"},{\"@type\":\"ListItem\",\"position\":2,\"name\":\"Mathias Reynard\"}]},{\"@type\":\"WebSite\",\"@id\":\"https:\/\/menschen.proalps.ch\/#website\",\"url\":\"https:\/\/menschen.proalps.ch\/\",\"name\":\"Vivre en cabine\",\"description\":\"De Fabian Biasio (vid\u00e9os et photos) et Susan Boos (textes) \",\"potentialAction\":[{\"@type\":\"SearchAction\",\"target\":{\"@type\":\"EntryPoint\",\"urlTemplate\":\"https:\/\/menschen.proalps.ch\/?s={search_term_string}\"},\"query-input\":{\"@type\":\"PropertyValueSpecification\",\"valueRequired\":true,\"valueName\":\"search_term_string\"}}],\"inLanguage\":\"fr-FR\"},{\"@type\":\"Person\",\"@id\":\"https:\/\/menschen.proalps.ch\/#\/schema\/person\/4e48dd4c36fb357e5fd16fd02f3b0383\",\"name\":\"alpenadmin\",\"image\":{\"@type\":\"ImageObject\",\"inLanguage\":\"fr-FR\",\"@id\":\"https:\/\/menschen.proalps.ch\/#\/schema\/person\/image\/\",\"url\":\"https:\/\/secure.gravatar.com\/avatar\/bc6d4d14227937daef51b8753b883ba033ea5c936fb2c4d7c17f5c8c41b5a450?s=96&d=mm&r=g\",\"contentUrl\":\"https:\/\/secure.gravatar.com\/avatar\/bc6d4d14227937daef51b8753b883ba033ea5c936fb2c4d7c17f5c8c41b5a450?s=96&d=mm&r=g\",\"caption\":\"alpenadmin\"},\"url\":\"https:\/\/menschen.proalps.ch\/fr\/author\/alpenadmin\/\"}]}<\/script>\n<!-- \/ Yoast SEO plugin. -->","yoast_head_json":{"title":"Mathias Reynard - Des gens, des lieux, des propos frappants","robots":{"index":"index","follow":"follow","max-snippet":"max-snippet:-1","max-image-preview":"max-image-preview:large","max-video-preview":"max-video-preview:-1"},"canonical":"https:\/\/menschen.proalps.ch\/fr\/mathias-reynard\/","og_locale":"fr_FR","og_type":"article","og_title":"Mathias Reynard - Des gens, des lieux, des propos frappants","og_description":"[aesop_quote type=\u00a0\u00bbblock\u00a0\u00bb background=\u00a0\u00bb#0080c0&Prime; text=\u00a0\u00bb#ffffff\u00a0\u00bb align=\u00a0\u00bbleft\u00a0\u00bb size=\u00a0\u00bb1&Prime; quote=\u00a0\u00bbMathias Reynard, n\u00e9 en 1987 en Valais, est conseiller national PS depuis 2011. Il a \u00e9tudi\u00e9 \u00e0 Lausanne, vit \u00e0 St-Germain et enseigne au cycle d\u2019orientation de Savi\u00e8se. Engag\u00e9 dans de nombreuses organisations, il est membre du comit\u00e9 de l\u2019Initiative des Alpes depuis 2012. \u00a0\u00bb revealfx=\u00a0\u00bboff\u00a0\u00bb] \u00ab Je fais [&hellip;]","og_url":"https:\/\/menschen.proalps.ch\/fr\/mathias-reynard\/","og_site_name":"Vivre en cabine","article_published_time":"2019-01-16T14:58:58+00:00","article_modified_time":"2019-02-18T12:52:01+00:00","og_image":[{"width":2000,"height":1331,"url":"https:\/\/menschen.proalps.ch\/wp-content\/uploads\/2019\/02\/Mathias-Reynard.jpg","type":"image\/jpeg"}],"author":"alpenadmin","twitter_card":"summary_large_image","twitter_misc":{"\u00c9crit par":"alpenadmin","Dur\u00e9e de lecture estim\u00e9e":"4 minutes"},"schema":{"@context":"https:\/\/schema.org","@graph":[{"@type":"Article","@id":"https:\/\/menschen.proalps.ch\/fr\/mathias-reynard\/#article","isPartOf":{"@id":"https:\/\/menschen.proalps.ch\/fr\/mathias-reynard\/"},"author":{"name":"alpenadmin","@id":"https:\/\/menschen.proalps.ch\/#\/schema\/person\/4e48dd4c36fb357e5fd16fd02f3b0383"},"headline":"Mathias Reynard","datePublished":"2019-01-16T14:58:58+00:00","dateModified":"2019-02-18T12:52:01+00:00","mainEntityOfPage":{"@id":"https:\/\/menschen.proalps.ch\/fr\/mathias-reynard\/"},"wordCount":900,"image":{"@id":"https:\/\/menschen.proalps.ch\/fr\/mathias-reynard\/#primaryimage"},"thumbnailUrl":"https:\/\/menschen.proalps.ch\/wp-content\/uploads\/2019\/02\/Mathias-Reynard.jpg","articleSection":["Personnages"],"inLanguage":"fr-FR"},{"@type":"WebPage","@id":"https:\/\/menschen.proalps.ch\/fr\/mathias-reynard\/","url":"https:\/\/menschen.proalps.ch\/fr\/mathias-reynard\/","name":"Mathias Reynard - Des gens, des lieux, des propos frappants","isPartOf":{"@id":"https:\/\/menschen.proalps.ch\/#website"},"primaryImageOfPage":{"@id":"https:\/\/menschen.proalps.ch\/fr\/mathias-reynard\/#primaryimage"},"image":{"@id":"https:\/\/menschen.proalps.ch\/fr\/mathias-reynard\/#primaryimage"},"thumbnailUrl":"https:\/\/menschen.proalps.ch\/wp-content\/uploads\/2019\/02\/Mathias-Reynard.jpg","datePublished":"2019-01-16T14:58:58+00:00","dateModified":"2019-02-18T12:52:01+00:00","author":{"@id":"https:\/\/menschen.proalps.ch\/#\/schema\/person\/4e48dd4c36fb357e5fd16fd02f3b0383"},"breadcrumb":{"@id":"https:\/\/menschen.proalps.ch\/fr\/mathias-reynard\/#breadcrumb"},"inLanguage":"fr-FR","potentialAction":[{"@type":"ReadAction","target":["https:\/\/menschen.proalps.ch\/fr\/mathias-reynard\/"]}]},{"@type":"ImageObject","inLanguage":"fr-FR","@id":"https:\/\/menschen.proalps.ch\/fr\/mathias-reynard\/#primaryimage","url":"https:\/\/menschen.proalps.ch\/wp-content\/uploads\/2019\/02\/Mathias-Reynard.jpg","contentUrl":"https:\/\/menschen.proalps.ch\/wp-content\/uploads\/2019\/02\/Mathias-Reynard.jpg","width":2000,"height":1331},{"@type":"BreadcrumbList","@id":"https:\/\/menschen.proalps.ch\/fr\/mathias-reynard\/#breadcrumb","itemListElement":[{"@type":"ListItem","position":1,"name":"Startseite","item":"https:\/\/menschen.proalps.ch\/fr\/"},{"@type":"ListItem","position":2,"name":"Mathias Reynard"}]},{"@type":"WebSite","@id":"https:\/\/menschen.proalps.ch\/#website","url":"https:\/\/menschen.proalps.ch\/","name":"Vivre en cabine","description":"De Fabian Biasio (vid\u00e9os et photos) et Susan Boos (textes) ","potentialAction":[{"@type":"SearchAction","target":{"@type":"EntryPoint","urlTemplate":"https:\/\/menschen.proalps.ch\/?s={search_term_string}"},"query-input":{"@type":"PropertyValueSpecification","valueRequired":true,"valueName":"search_term_string"}}],"inLanguage":"fr-FR"},{"@type":"Person","@id":"https:\/\/menschen.proalps.ch\/#\/schema\/person\/4e48dd4c36fb357e5fd16fd02f3b0383","name":"alpenadmin","image":{"@type":"ImageObject","inLanguage":"fr-FR","@id":"https:\/\/menschen.proalps.ch\/#\/schema\/person\/image\/","url":"https:\/\/secure.gravatar.com\/avatar\/bc6d4d14227937daef51b8753b883ba033ea5c936fb2c4d7c17f5c8c41b5a450?s=96&d=mm&r=g","contentUrl":"https:\/\/secure.gravatar.com\/avatar\/bc6d4d14227937daef51b8753b883ba033ea5c936fb2c4d7c17f5c8c41b5a450?s=96&d=mm&r=g","caption":"alpenadmin"},"url":"https:\/\/menschen.proalps.ch\/fr\/author\/alpenadmin\/"}]}},"_links":{"self":[{"href":"https:\/\/menschen.proalps.ch\/fr\/wp-json\/wp\/v2\/posts\/1733","targetHints":{"allow":["GET"]}}],"collection":[{"href":"https:\/\/menschen.proalps.ch\/fr\/wp-json\/wp\/v2\/posts"}],"about":[{"href":"https:\/\/menschen.proalps.ch\/fr\/wp-json\/wp\/v2\/types\/post"}],"author":[{"embeddable":true,"href":"https:\/\/menschen.proalps.ch\/fr\/wp-json\/wp\/v2\/users\/1"}],"replies":[{"embeddable":true,"href":"https:\/\/menschen.proalps.ch\/fr\/wp-json\/wp\/v2\/comments?post=1733"}],"version-history":[{"count":4,"href":"https:\/\/menschen.proalps.ch\/fr\/wp-json\/wp\/v2\/posts\/1733\/revisions"}],"predecessor-version":[{"id":1875,"href":"https:\/\/menschen.proalps.ch\/fr\/wp-json\/wp\/v2\/posts\/1733\/revisions\/1875"}],"wp:featuredmedia":[{"embeddable":true,"href":"https:\/\/menschen.proalps.ch\/fr\/wp-json\/wp\/v2\/media\/1628"}],"wp:attachment":[{"href":"https:\/\/menschen.proalps.ch\/fr\/wp-json\/wp\/v2\/media?parent=1733"}],"wp:term":[{"taxonomy":"category","embeddable":true,"href":"https:\/\/menschen.proalps.ch\/fr\/wp-json\/wp\/v2\/categories?post=1733"},{"taxonomy":"post_tag","embeddable":true,"href":"https:\/\/menschen.proalps.ch\/fr\/wp-json\/wp\/v2\/tags?post=1733"}],"curies":[{"name":"wp","href":"https:\/\/api.w.org\/{rel}","templated":true}]}}