{"id":1677,"date":"2019-01-04T12:54:53","date_gmt":"2019-01-04T12:54:53","guid":{"rendered":"https:\/\/menschen.alpeninitiative.ch\/burri-perret-gentil\/"},"modified":"2019-02-18T12:48:46","modified_gmt":"2019-02-18T12:48:46","slug":"burri-perret-gentil","status":"publish","type":"post","link":"https:\/\/menschen.proalps.ch\/it\/burri-perret-gentil\/","title":{"rendered":"Marl\u00e8ne Burri Perret-Gentil e Willy Perret-Gentil"},"content":{"rendered":"\n\n[aesop_quote type=&#8221;block&#8221; background=&#8221;#0080c0&#8243; text=&#8221;#ffffff&#8221; align=&#8221;left&#8221; size=&#8221;7&#8243; quote=&#8221;Marl\u00e8ne Burri Perret-Gentil, nata nel 1939, e Willy Perret-Gentil, annata 1927, sono pensionati e abitano a Hauterive, presso Neuch\u00e2tel. Marl\u00e8ne \u00e8 stata maestra di scuola superiore, Willy, quale elettrotecnico, ha avuto un negozio di elettrodomestici a Neuch\u00e2tel. Entrambi sono ancora oggi membri del Consiglio delle Alpi.&#8221; revealfx=&#8221;off&#8221;]\n<p>\u00abFacciamo parte dell\u2019Iniziativa delle Alpi fin dall\u2019inizio. Abbiamo raccolto firme per l\u2019iniziativa popolare nella citt\u00e0 vecchia di Neuch\u00e2tel. Le persone non erano granch\u00e9 interessate alla proposta e cos\u00ec non \u00e8 stato tanto facile. Ma in una grande pentola avevamo preparato della zuppa e un lontano cugino suonava il corno delle Alpi, cos\u00ec era pi\u00f9 facile raccogliere le firme.<\/p>\n<p>Siamo insieme dal 1974, ma ci siamo sposati solo nel 1998. Quindi non abbiamo avuto fretta e ora viviamo sempre ancora sotto lo stesso tetto. Abbiamo persino compleanno lo stesso giorno, cio\u00e8 il 17 agosto. Dal nostro terrazzo si vedono magnificamente le montagne, da S\u00e4ntis al Monte Bianco. Per noi le Alpi sono quasi sacre, perci\u00f2 ci impegniamo da tanti anni. In generale, ci interessa tutto quel che avviene nella natura, cos\u00ec era un tempo e cos\u00ec \u00e8 ancora oggi. Perci\u00f2 siamo anche membri di diverse associazioni ambientaliste.<\/p>\n<p>Durante la crisi del petrolio negli anni \u201970 abbiamo lottato per le domeniche senz\u2019auto. Un nostro \u201cpallino\u201d \u00e8 stato anche l\u2019alluminio, di cui abbiamo organizzato la prima raccolta separata a Neuch\u00e2tel. Io, Marl\u00e8ne, ho anche parlato di temi ecologici nelle scuole e discusso con le allieve e gli allievi. Non era n\u00e9 comune n\u00e9 scontato. Nel farlo ho avuto grande libert\u00e0 e l\u2019insegnamento ha spesso causato conflitti nelle famiglie. Ancora oggi mi capita di essere fermata per strada da persone che hanno ben recepito le nostre idee. Cos\u00ec abbiamo anche allacciato contatti con persone che si occupavano di ecologia \u2013 gi\u00e0 allora! Cos\u00ec a Neuch\u00e2tel abbiamo appreso che le persone nelle montagne volevano difendersi dalla follia dei camion. Per noi \u00e8 stato subito chiaro che volevamo impegnarci.<\/p>\n<p>Il nostro contatto allora erano soprattutto Andreas Weissen e Rita Huwiler. Fino a oggi non abbiamo mai dubitato degli obiettivi dell\u2019Iniziativa delle Alpi. Tanto pi\u00f9 ci siamo arrabbiati quando Doris Leuthard ci ha rifilato a viva forza il raddoppio del Gottardo. A lungo siamo poi anche stati nel Comitato dell\u2019Iniziativa delle Alpi. Ne facevano sempre parte persone simpatiche con molta energia e buone idee. Le riunioni erano anche divertenti. Abbiamo molti bei ricordi delle escursioni con l\u2019Iniziativa delle Alpi e pure dell\u2019Assemblea dei membri a Neuch\u00e2tel qualche anno fa.<\/p>\n<p>Abbiamo partecipato direttamente ad alcune azioni politiche. Per esempio, nel 2003 a Gland nel canton Vaud abbiamo protestato contro le importazioni d\u2019acqua minerale della Nestl\u00e9. Abbiamo consegnato il sasso del Diavolo rosso; non gli ha fatto piacere. E, una volta, Willy \u00e8 volato con la grande mongolfiera dell\u2019Iniziativa delle Alpi. Come passa il tempo, non ci ricordiamo pi\u00f9 di tutto. Ma quando vediamo le masse di camion, o leggiamo cosa si trasporta sulle strade europee, non distogliamo lo sguardo. Assistendo ai controlli dei camion nel canton Uri, abbiamo visto con i nostri occhi in quale pessimo stato possono essere i mezzi pesanti che vogliono passare dalle Alpi. \u00c8 stato molto impressionante, uno scandalo.<\/p>\n<p>E poi, in generale, ci fa arrabbiare come trattiamo la natura, non solo nelle Alpi. A Neuch\u00e2tel, per esempio, hanno potato in modo disastroso gli alberi sulla strada per la stazione. \u00c8 insopportabile! Quindi dovremo lottare anche nei prossimi anni. E continueremo a sostenere le organizzazioni ambientaliste.\u00bb<\/p>\n\n[aesop_collection collection=&#8221;null&#8221; limit=&#8221;16&#8243; columns=&#8221;2&#8243; splash=&#8221;off&#8221; order=&#8221;default&#8221; loadmore=&#8221;off&#8221; showexcerpt=&#8221;on&#8221; revealfx=&#8221;off&#8221;]\n","protected":false},"excerpt":{"rendered":"<p>[aesop_quote type=&#8221;block&#8221; background=&#8221;#0080c0&#8243; text=&#8221;#ffffff&#8221; align=&#8221;left&#8221; size=&#8221;7&#8243; quote=&#8221;Marl\u00e8ne Burri Perret-Gentil, nata nel 1939, e Willy Perret-Gentil, annata 1927, sono pensionati e abitano a Hauterive, presso Neuch\u00e2tel. Marl\u00e8ne \u00e8 stata maestra di scuola superiore, Willy, quale elettrotecnico, ha avuto un negozio di elettrodomestici a Neuch\u00e2tel. Entrambi sono ancora oggi membri del Consiglio delle Alpi.&#8221; revealfx=&#8221;off&#8221;] \u00abFacciamo parte [&hellip;]<\/p>\n","protected":false},"author":1,"featured_media":1626,"comment_status":"closed","ping_status":"closed","sticky":false,"template":"","format":"standard","meta":{"inline_featured_image":false,"footnotes":""},"categories":[58],"tags":[],"class_list":["post-1677","post","type-post","status-publish","format-standard","has-post-thumbnail","hentry","category-persone"],"yoast_head":"<!-- This site is optimized with the Yoast SEO plugin v27.1.1 - https:\/\/yoast.com\/product\/yoast-seo-wordpress\/ -->\n<title>Marl\u00e8ne Burri Perret-Gentil e Willy Perret-Gentil - Persone, luoghi, ragioni<\/title>\n<meta name=\"robots\" content=\"index, follow, max-snippet:-1, max-image-preview:large, max-video-preview:-1\" \/>\n<link rel=\"canonical\" href=\"https:\/\/menschen.proalps.ch\/it\/burri-perret-gentil\/\" \/>\n<meta property=\"og:locale\" content=\"it_IT\" \/>\n<meta property=\"og:type\" content=\"article\" \/>\n<meta property=\"og:title\" content=\"Marl\u00e8ne Burri Perret-Gentil e Willy Perret-Gentil - Persone, luoghi, ragioni\" \/>\n<meta property=\"og:description\" content=\"[aesop_quote type=&#8221;block&#8221; background=&#8221;#0080c0&#8243; text=&#8221;#ffffff&#8221; align=&#8221;left&#8221; size=&#8221;7&#8243; quote=&#8221;Marl\u00e8ne Burri Perret-Gentil, nata nel 1939, e Willy Perret-Gentil, annata 1927, sono pensionati e abitano a Hauterive, presso Neuch\u00e2tel. Marl\u00e8ne \u00e8 stata maestra di scuola superiore, Willy, quale elettrotecnico, ha avuto un negozio di elettrodomestici a Neuch\u00e2tel. Entrambi sono ancora oggi membri del Consiglio delle Alpi.&#8221; revealfx=&#8221;off&#8221;] \u00abFacciamo parte [&hellip;]\" \/>\n<meta property=\"og:url\" content=\"https:\/\/menschen.proalps.ch\/it\/burri-perret-gentil\/\" \/>\n<meta property=\"og:site_name\" content=\"La vita nell\u2019abitacolo\" \/>\n<meta property=\"article:published_time\" content=\"2019-01-04T12:54:53+00:00\" \/>\n<meta property=\"article:modified_time\" content=\"2019-02-18T12:48:46+00:00\" \/>\n<meta property=\"og:image\" content=\"https:\/\/menschen.proalps.ch\/wp-content\/uploads\/2019\/02\/Marlene-und-Willy-Perret-1024x681.jpg\" \/>\n\t<meta property=\"og:image:width\" content=\"1024\" \/>\n\t<meta property=\"og:image:height\" content=\"681\" \/>\n\t<meta property=\"og:image:type\" content=\"image\/jpeg\" \/>\n<meta name=\"author\" content=\"alpenadmin\" \/>\n<meta name=\"twitter:card\" content=\"summary_large_image\" \/>\n<meta name=\"twitter:label1\" content=\"Scritto da\" \/>\n\t<meta name=\"twitter:data1\" content=\"alpenadmin\" \/>\n\t<meta name=\"twitter:label2\" content=\"Tempo di lettura stimato\" \/>\n\t<meta name=\"twitter:data2\" content=\"3 minuti\" \/>\n<script type=\"application\/ld+json\" class=\"yoast-schema-graph\">{\"@context\":\"https:\/\/schema.org\",\"@graph\":[{\"@type\":\"Article\",\"@id\":\"https:\/\/menschen.proalps.ch\/it\/burri-perret-gentil\/#article\",\"isPartOf\":{\"@id\":\"https:\/\/menschen.proalps.ch\/it\/burri-perret-gentil\/\"},\"author\":{\"name\":\"alpenadmin\",\"@id\":\"https:\/\/menschen.proalps.ch\/#\/schema\/person\/4e48dd4c36fb357e5fd16fd02f3b0383\"},\"headline\":\"Marl\u00e8ne Burri Perret-Gentil e Willy Perret-Gentil\",\"datePublished\":\"2019-01-04T12:54:53+00:00\",\"dateModified\":\"2019-02-18T12:48:46+00:00\",\"mainEntityOfPage\":{\"@id\":\"https:\/\/menschen.proalps.ch\/it\/burri-perret-gentil\/\"},\"wordCount\":615,\"image\":{\"@id\":\"https:\/\/menschen.proalps.ch\/it\/burri-perret-gentil\/#primaryimage\"},\"thumbnailUrl\":\"https:\/\/menschen.proalps.ch\/wp-content\/uploads\/2019\/02\/Marlene-und-Willy-Perret.jpg\",\"articleSection\":[\"persone\"],\"inLanguage\":\"it-IT\"},{\"@type\":\"WebPage\",\"@id\":\"https:\/\/menschen.proalps.ch\/it\/burri-perret-gentil\/\",\"url\":\"https:\/\/menschen.proalps.ch\/it\/burri-perret-gentil\/\",\"name\":\"Marl\u00e8ne Burri Perret-Gentil e Willy Perret-Gentil - Persone, luoghi, ragioni\",\"isPartOf\":{\"@id\":\"https:\/\/menschen.proalps.ch\/#website\"},\"primaryImageOfPage\":{\"@id\":\"https:\/\/menschen.proalps.ch\/it\/burri-perret-gentil\/#primaryimage\"},\"image\":{\"@id\":\"https:\/\/menschen.proalps.ch\/it\/burri-perret-gentil\/#primaryimage\"},\"thumbnailUrl\":\"https:\/\/menschen.proalps.ch\/wp-content\/uploads\/2019\/02\/Marlene-und-Willy-Perret.jpg\",\"datePublished\":\"2019-01-04T12:54:53+00:00\",\"dateModified\":\"2019-02-18T12:48:46+00:00\",\"author\":{\"@id\":\"https:\/\/menschen.proalps.ch\/#\/schema\/person\/4e48dd4c36fb357e5fd16fd02f3b0383\"},\"breadcrumb\":{\"@id\":\"https:\/\/menschen.proalps.ch\/it\/burri-perret-gentil\/#breadcrumb\"},\"inLanguage\":\"it-IT\",\"potentialAction\":[{\"@type\":\"ReadAction\",\"target\":[\"https:\/\/menschen.proalps.ch\/it\/burri-perret-gentil\/\"]}]},{\"@type\":\"ImageObject\",\"inLanguage\":\"it-IT\",\"@id\":\"https:\/\/menschen.proalps.ch\/it\/burri-perret-gentil\/#primaryimage\",\"url\":\"https:\/\/menschen.proalps.ch\/wp-content\/uploads\/2019\/02\/Marlene-und-Willy-Perret.jpg\",\"contentUrl\":\"https:\/\/menschen.proalps.ch\/wp-content\/uploads\/2019\/02\/Marlene-und-Willy-Perret.jpg\",\"width\":2000,\"height\":1331},{\"@type\":\"BreadcrumbList\",\"@id\":\"https:\/\/menschen.proalps.ch\/it\/burri-perret-gentil\/#breadcrumb\",\"itemListElement\":[{\"@type\":\"ListItem\",\"position\":1,\"name\":\"Startseite\",\"item\":\"https:\/\/menschen.proalps.ch\/it\/\"},{\"@type\":\"ListItem\",\"position\":2,\"name\":\"Marl\u00e8ne Burri Perret-Gentil e Willy Perret-Gentil\"}]},{\"@type\":\"WebSite\",\"@id\":\"https:\/\/menschen.proalps.ch\/#website\",\"url\":\"https:\/\/menschen.proalps.ch\/\",\"name\":\"La vita nell\u2019abitacolo\",\"description\":\"Di Fabian Biasio (video, foto) e Susan Boos (testo) \",\"potentialAction\":[{\"@type\":\"SearchAction\",\"target\":{\"@type\":\"EntryPoint\",\"urlTemplate\":\"https:\/\/menschen.proalps.ch\/?s={search_term_string}\"},\"query-input\":{\"@type\":\"PropertyValueSpecification\",\"valueRequired\":true,\"valueName\":\"search_term_string\"}}],\"inLanguage\":\"it-IT\"},{\"@type\":\"Person\",\"@id\":\"https:\/\/menschen.proalps.ch\/#\/schema\/person\/4e48dd4c36fb357e5fd16fd02f3b0383\",\"name\":\"alpenadmin\",\"image\":{\"@type\":\"ImageObject\",\"inLanguage\":\"it-IT\",\"@id\":\"https:\/\/menschen.proalps.ch\/#\/schema\/person\/image\/\",\"url\":\"https:\/\/secure.gravatar.com\/avatar\/bc6d4d14227937daef51b8753b883ba033ea5c936fb2c4d7c17f5c8c41b5a450?s=96&d=mm&r=g\",\"contentUrl\":\"https:\/\/secure.gravatar.com\/avatar\/bc6d4d14227937daef51b8753b883ba033ea5c936fb2c4d7c17f5c8c41b5a450?s=96&d=mm&r=g\",\"caption\":\"alpenadmin\"},\"url\":\"https:\/\/menschen.proalps.ch\/it\/author\/alpenadmin\/\"}]}<\/script>\n<!-- \/ Yoast SEO plugin. -->","yoast_head_json":{"title":"Marl\u00e8ne Burri Perret-Gentil e Willy Perret-Gentil - Persone, luoghi, ragioni","robots":{"index":"index","follow":"follow","max-snippet":"max-snippet:-1","max-image-preview":"max-image-preview:large","max-video-preview":"max-video-preview:-1"},"canonical":"https:\/\/menschen.proalps.ch\/it\/burri-perret-gentil\/","og_locale":"it_IT","og_type":"article","og_title":"Marl\u00e8ne Burri Perret-Gentil e Willy Perret-Gentil - Persone, luoghi, ragioni","og_description":"[aesop_quote type=&#8221;block&#8221; background=&#8221;#0080c0&#8243; text=&#8221;#ffffff&#8221; align=&#8221;left&#8221; size=&#8221;7&#8243; quote=&#8221;Marl\u00e8ne Burri Perret-Gentil, nata nel 1939, e Willy Perret-Gentil, annata 1927, sono pensionati e abitano a Hauterive, presso Neuch\u00e2tel. Marl\u00e8ne \u00e8 stata maestra di scuola superiore, Willy, quale elettrotecnico, ha avuto un negozio di elettrodomestici a Neuch\u00e2tel. Entrambi sono ancora oggi membri del Consiglio delle Alpi.&#8221; revealfx=&#8221;off&#8221;] \u00abFacciamo parte [&hellip;]","og_url":"https:\/\/menschen.proalps.ch\/it\/burri-perret-gentil\/","og_site_name":"La vita nell\u2019abitacolo","article_published_time":"2019-01-04T12:54:53+00:00","article_modified_time":"2019-02-18T12:48:46+00:00","og_image":[{"width":1024,"height":681,"url":"https:\/\/menschen.proalps.ch\/wp-content\/uploads\/2019\/02\/Marlene-und-Willy-Perret-1024x681.jpg","type":"image\/jpeg"}],"author":"alpenadmin","twitter_card":"summary_large_image","twitter_misc":{"Scritto da":"alpenadmin","Tempo di lettura stimato":"3 minuti"},"schema":{"@context":"https:\/\/schema.org","@graph":[{"@type":"Article","@id":"https:\/\/menschen.proalps.ch\/it\/burri-perret-gentil\/#article","isPartOf":{"@id":"https:\/\/menschen.proalps.ch\/it\/burri-perret-gentil\/"},"author":{"name":"alpenadmin","@id":"https:\/\/menschen.proalps.ch\/#\/schema\/person\/4e48dd4c36fb357e5fd16fd02f3b0383"},"headline":"Marl\u00e8ne Burri Perret-Gentil e Willy Perret-Gentil","datePublished":"2019-01-04T12:54:53+00:00","dateModified":"2019-02-18T12:48:46+00:00","mainEntityOfPage":{"@id":"https:\/\/menschen.proalps.ch\/it\/burri-perret-gentil\/"},"wordCount":615,"image":{"@id":"https:\/\/menschen.proalps.ch\/it\/burri-perret-gentil\/#primaryimage"},"thumbnailUrl":"https:\/\/menschen.proalps.ch\/wp-content\/uploads\/2019\/02\/Marlene-und-Willy-Perret.jpg","articleSection":["persone"],"inLanguage":"it-IT"},{"@type":"WebPage","@id":"https:\/\/menschen.proalps.ch\/it\/burri-perret-gentil\/","url":"https:\/\/menschen.proalps.ch\/it\/burri-perret-gentil\/","name":"Marl\u00e8ne Burri Perret-Gentil e Willy Perret-Gentil - Persone, luoghi, ragioni","isPartOf":{"@id":"https:\/\/menschen.proalps.ch\/#website"},"primaryImageOfPage":{"@id":"https:\/\/menschen.proalps.ch\/it\/burri-perret-gentil\/#primaryimage"},"image":{"@id":"https:\/\/menschen.proalps.ch\/it\/burri-perret-gentil\/#primaryimage"},"thumbnailUrl":"https:\/\/menschen.proalps.ch\/wp-content\/uploads\/2019\/02\/Marlene-und-Willy-Perret.jpg","datePublished":"2019-01-04T12:54:53+00:00","dateModified":"2019-02-18T12:48:46+00:00","author":{"@id":"https:\/\/menschen.proalps.ch\/#\/schema\/person\/4e48dd4c36fb357e5fd16fd02f3b0383"},"breadcrumb":{"@id":"https:\/\/menschen.proalps.ch\/it\/burri-perret-gentil\/#breadcrumb"},"inLanguage":"it-IT","potentialAction":[{"@type":"ReadAction","target":["https:\/\/menschen.proalps.ch\/it\/burri-perret-gentil\/"]}]},{"@type":"ImageObject","inLanguage":"it-IT","@id":"https:\/\/menschen.proalps.ch\/it\/burri-perret-gentil\/#primaryimage","url":"https:\/\/menschen.proalps.ch\/wp-content\/uploads\/2019\/02\/Marlene-und-Willy-Perret.jpg","contentUrl":"https:\/\/menschen.proalps.ch\/wp-content\/uploads\/2019\/02\/Marlene-und-Willy-Perret.jpg","width":2000,"height":1331},{"@type":"BreadcrumbList","@id":"https:\/\/menschen.proalps.ch\/it\/burri-perret-gentil\/#breadcrumb","itemListElement":[{"@type":"ListItem","position":1,"name":"Startseite","item":"https:\/\/menschen.proalps.ch\/it\/"},{"@type":"ListItem","position":2,"name":"Marl\u00e8ne Burri Perret-Gentil e Willy Perret-Gentil"}]},{"@type":"WebSite","@id":"https:\/\/menschen.proalps.ch\/#website","url":"https:\/\/menschen.proalps.ch\/","name":"La vita nell\u2019abitacolo","description":"Di Fabian Biasio (video, foto) e Susan Boos (testo) ","potentialAction":[{"@type":"SearchAction","target":{"@type":"EntryPoint","urlTemplate":"https:\/\/menschen.proalps.ch\/?s={search_term_string}"},"query-input":{"@type":"PropertyValueSpecification","valueRequired":true,"valueName":"search_term_string"}}],"inLanguage":"it-IT"},{"@type":"Person","@id":"https:\/\/menschen.proalps.ch\/#\/schema\/person\/4e48dd4c36fb357e5fd16fd02f3b0383","name":"alpenadmin","image":{"@type":"ImageObject","inLanguage":"it-IT","@id":"https:\/\/menschen.proalps.ch\/#\/schema\/person\/image\/","url":"https:\/\/secure.gravatar.com\/avatar\/bc6d4d14227937daef51b8753b883ba033ea5c936fb2c4d7c17f5c8c41b5a450?s=96&d=mm&r=g","contentUrl":"https:\/\/secure.gravatar.com\/avatar\/bc6d4d14227937daef51b8753b883ba033ea5c936fb2c4d7c17f5c8c41b5a450?s=96&d=mm&r=g","caption":"alpenadmin"},"url":"https:\/\/menschen.proalps.ch\/it\/author\/alpenadmin\/"}]}},"_links":{"self":[{"href":"https:\/\/menschen.proalps.ch\/it\/wp-json\/wp\/v2\/posts\/1677","targetHints":{"allow":["GET"]}}],"collection":[{"href":"https:\/\/menschen.proalps.ch\/it\/wp-json\/wp\/v2\/posts"}],"about":[{"href":"https:\/\/menschen.proalps.ch\/it\/wp-json\/wp\/v2\/types\/post"}],"author":[{"embeddable":true,"href":"https:\/\/menschen.proalps.ch\/it\/wp-json\/wp\/v2\/users\/1"}],"replies":[{"embeddable":true,"href":"https:\/\/menschen.proalps.ch\/it\/wp-json\/wp\/v2\/comments?post=1677"}],"version-history":[{"count":4,"href":"https:\/\/menschen.proalps.ch\/it\/wp-json\/wp\/v2\/posts\/1677\/revisions"}],"predecessor-version":[{"id":1870,"href":"https:\/\/menschen.proalps.ch\/it\/wp-json\/wp\/v2\/posts\/1677\/revisions\/1870"}],"wp:featuredmedia":[{"embeddable":true,"href":"https:\/\/menschen.proalps.ch\/it\/wp-json\/wp\/v2\/media\/1626"}],"wp:attachment":[{"href":"https:\/\/menschen.proalps.ch\/it\/wp-json\/wp\/v2\/media?parent=1677"}],"wp:term":[{"taxonomy":"category","embeddable":true,"href":"https:\/\/menschen.proalps.ch\/it\/wp-json\/wp\/v2\/categories?post=1677"},{"taxonomy":"post_tag","embeddable":true,"href":"https:\/\/menschen.proalps.ch\/it\/wp-json\/wp\/v2\/tags?post=1677"}],"curies":[{"name":"wp","href":"https:\/\/api.w.org\/{rel}","templated":true}]}}