{"id":1704,"date":"2019-01-10T14:27:49","date_gmt":"2019-01-10T14:27:49","guid":{"rendered":"https:\/\/menschen.alpeninitiative.ch\/renate-zauner\/"},"modified":"2019-02-18T12:46:17","modified_gmt":"2019-02-18T12:46:17","slug":"renate-zauner","status":"publish","type":"post","link":"https:\/\/menschen.proalps.ch\/it\/renate-zauner\/","title":{"rendered":"Renate Zauner"},"content":{"rendered":"\n[aesop_quote type=&#8221;block&#8221; background=&#8221;#0080c0&#8243; text=&#8221;#ffffff&#8221; align=&#8221;left&#8221; size=&#8221;1&#8243; quote=&#8221;Renate Zauner \u00e8 nata nel 1970 a Haag am Hausruck, fra Salisburgo e Linz. Ha studiato pianificazione e cura del paesaggio a Vienna e oggi lavora come traduttrice e interprete. Dal 1998 al 2000 \u00e8 stata collaboratrice dell\u2019Iniziativa delle Alpi e poi per diversi anni Presidente dell\u2019organizzazione ITE (International Transport Europe). Fra le sue caratteristiche c\u2019\u00e8 quella che cammina sempre scalza. &#8221; revealfx=&#8221;off&#8221;]\n<p>\u00abL\u2019idea di attraversare la Svizzera con il mulo Bellina \u00e8 venuta al mio partner di allora, Michael Tanner, e a me nel sud della Francia. Avevamo sentito della votazione sul controprogetto \u00abAvanti\u00bb e volevamo difenderci. Questo programma di costruzioni stradali era davvero assurdo. Abbiamo cominciato il tour nel dicembre 2003 a Le Locle, nel Giura neocastellano. Mi ricordo ancora bene del freddo e della neve. A volte, per parecchie giornate, c\u2019erano altre persone che ci accompagnavano nei nostri tragitti. Siamo sempre stati ospitati da persone che sostenevano l\u2019Iniziativa delle Alpi. Per il nostro mulo, che apparteneva a Michael, c\u2019era sempre pronta una stalla. \u00c8 stato magnifico poter sperimentare questa solidariet\u00e0.<\/p>\n<p>Sono cresciuta in una fattoria e nel 2002 avevo aiutato su un alpeggio, dove c\u2019era Michael col suo mulo. Poi lui \u00e8 andato con Bellina nel sud della Francia \u2013 emigrato. Il nostro giro della Svizzera \u00e8 terminato il 31 gennaio 2004 ad Altdorf. Avevamo fatto tutto il tragitto a piedi, distribuito volantini e, soprattutto grazie a Bellina, parlato con molte persone. Ci incontravano con molta simpatia. La mia sensazione \u00e8 che molti si sentivano come parte di qualcosa di grande \u2013 come parte di una resistenza contro un insensato programma di costruzioni \u2013 ed erano in qualche modo fieri che noi e Bellina ci fermassimo da loro. Durante il tour ho detto in un\u2019intervista che, a essere recalcitrante non era il mulo, ma il parlamento.<\/p>\n<p>Voglio dare una voce alle persone e alle loro richieste, proprio anche a quelli che altrimenti non riescono a farsi sentire. \u00c8 esattamente quello che abbiamo cercato di fare col nostro giro della Svizzera. Ammiro le persone che sanno difendersi, anche se ci\u00f2 non attira solo simpatie. Trovo sempre di nuovo formidabili le iniziative dei cittadini delle regioni fortemente colpite dal traffico di transito. \u00c8 poi qualcosa di completamente diverso se ci si difende da soli contro un abuso, oppure se lo si fa insieme a un gruppo \u2013 anche le autorit\u00e0 e la polizia si comportano diversamente, se le persone si organizzano in un movimento popolare. Questo l\u2019ho vissuto di persona diverse volte.<\/p>\n<p>Mi sono molto impegnata nell\u2019associazione mantello ITE, Initiative Transport Europe. Nel farlo, ho cercato di mettere in rete, in modo transfrontaliero, le persone colpite dal traffico di transito. Non \u00e8 stato semplice. Mi ricordo di una riunione, dove un Francese ha parlato molto a lungo, io ho tradotto e un\u2019Austriaca ha poi capito ci\u00f2 che voleva dire, ma non perch\u00e9 avesse esposto cos\u00ec a lungo proprio quel punto \u2013 eh s\u00ec, le culture nell\u2019arco alpino sono davvero diverse.<\/p>\n<p>Ho partecipato ad azioni di resistenza in diverse valli alpine, anche al Monte Bianco. Si \u00e8 sempre trattato di rendere visibile e far sentire il disappunto di chi subisce il traffico di transito. Quando, nel 1994, la Svizzera ha votato sull\u2019iniziativa delle Alpi, io studiavo a Vienna e non ne ho saputo nulla. Ma mi ero gi\u00e0 impegnata in Austria contro il traffico di transito e le centrali nucleari. Gi\u00e0 allora avevo una forte sensibilit\u00e0 ecologica. All\u2019Iniziativa delle Alpi sono approdata nel 1998, perch\u00e9 un anno prima avevo conosciuto Andreas Weissen. Come me, anche lui non prendeva voli aerei, questo m\u2019ispirava simpatia e quindi mi sono candidata per un posto di lavoro libero.<\/p>\n<p>Per me \u00e8 molto importante poter sostenere solo questioni che si conciliano con la mia coscienza. Questo ha a che vedere, fra l\u2019altro, anche col fatto che la mia famiglia ha un passato nazista &#8211; un nonno era membro della NSDAP. Io non voglio fare da gregaria e per me \u00e8 estremamente importante assumermi la responsabilit\u00e0 delle mie azioni. Quando ho lavorato per l\u2019Iniziativa delle Alpi a Briga, dapprima sono stata ospitata da una coppia di coniugi, che si impegnava per l\u2019Iniziativa delle Alpi. Quando poi l\u2019Iniziativa delle Alpi ha accettato che, per calcolo politico, si fissasse il numero massimo di camion in transito a un livello molto superiore rispetto a quanto era davvero l\u2019intenzione al momento dell\u2019iniziativa delle Alpi, ho dato le dimissioni dal mio posto di lavoro. Sono fatta cos\u00ec.\u00bb<\/p>\n\n[aesop_collection collection=&#8221;null&#8221; limit=&#8221;16&#8243; columns=&#8221;2&#8243; splash=&#8221;off&#8221; order=&#8221;default&#8221; loadmore=&#8221;off&#8221; showexcerpt=&#8221;on&#8221; revealfx=&#8221;off&#8221;]\n","protected":false},"excerpt":{"rendered":"<p>[aesop_quote type=&#8221;block&#8221; background=&#8221;#0080c0&#8243; text=&#8221;#ffffff&#8221; align=&#8221;left&#8221; size=&#8221;1&#8243; quote=&#8221;Renate Zauner \u00e8 nata nel 1970 a Haag am Hausruck, fra Salisburgo e Linz. Ha studiato pianificazione e cura del paesaggio a Vienna e oggi lavora come traduttrice e interprete. Dal 1998 al 2000 \u00e8 stata collaboratrice dell\u2019Iniziativa delle Alpi e poi per diversi anni Presidente dell\u2019organizzazione ITE (International [&hellip;]<\/p>\n","protected":false},"author":1,"featured_media":1635,"comment_status":"closed","ping_status":"closed","sticky":false,"template":"","format":"standard","meta":{"inline_featured_image":false,"footnotes":""},"categories":[58],"tags":[],"class_list":["post-1704","post","type-post","status-publish","format-standard","has-post-thumbnail","hentry","category-persone"],"yoast_head":"<!-- This site is optimized with the Yoast SEO plugin v27.1.1 - https:\/\/yoast.com\/product\/yoast-seo-wordpress\/ -->\n<title>Renate Zauner - Persone, luoghi, ragioni<\/title>\n<meta name=\"robots\" content=\"index, follow, max-snippet:-1, max-image-preview:large, max-video-preview:-1\" \/>\n<link rel=\"canonical\" href=\"https:\/\/menschen.proalps.ch\/it\/renate-zauner\/\" \/>\n<meta property=\"og:locale\" content=\"it_IT\" \/>\n<meta property=\"og:type\" content=\"article\" \/>\n<meta property=\"og:title\" content=\"Renate Zauner - Persone, luoghi, ragioni\" \/>\n<meta property=\"og:description\" content=\"[aesop_quote type=&#8221;block&#8221; background=&#8221;#0080c0&#8243; text=&#8221;#ffffff&#8221; align=&#8221;left&#8221; size=&#8221;1&#8243; quote=&#8221;Renate Zauner \u00e8 nata nel 1970 a Haag am Hausruck, fra Salisburgo e Linz. Ha studiato pianificazione e cura del paesaggio a Vienna e oggi lavora come traduttrice e interprete. Dal 1998 al 2000 \u00e8 stata collaboratrice dell\u2019Iniziativa delle Alpi e poi per diversi anni Presidente dell\u2019organizzazione ITE (International [&hellip;]\" \/>\n<meta property=\"og:url\" content=\"https:\/\/menschen.proalps.ch\/it\/renate-zauner\/\" \/>\n<meta property=\"og:site_name\" content=\"La vita nell\u2019abitacolo\" \/>\n<meta property=\"article:published_time\" content=\"2019-01-10T14:27:49+00:00\" \/>\n<meta property=\"article:modified_time\" content=\"2019-02-18T12:46:17+00:00\" \/>\n<meta property=\"og:image\" content=\"https:\/\/menschen.proalps.ch\/wp-content\/uploads\/2019\/02\/Renate-Zauner.jpg\" \/>\n\t<meta property=\"og:image:width\" content=\"2000\" \/>\n\t<meta property=\"og:image:height\" content=\"1332\" \/>\n\t<meta property=\"og:image:type\" content=\"image\/jpeg\" \/>\n<meta name=\"author\" content=\"alpenadmin\" \/>\n<meta name=\"twitter:card\" content=\"summary_large_image\" \/>\n<meta name=\"twitter:label1\" content=\"Scritto da\" \/>\n\t<meta name=\"twitter:data1\" content=\"alpenadmin\" \/>\n\t<meta name=\"twitter:label2\" content=\"Tempo di lettura stimato\" \/>\n\t<meta name=\"twitter:data2\" content=\"4 minuti\" \/>\n<script type=\"application\/ld+json\" class=\"yoast-schema-graph\">{\"@context\":\"https:\/\/schema.org\",\"@graph\":[{\"@type\":\"Article\",\"@id\":\"https:\/\/menschen.proalps.ch\/it\/renate-zauner\/#article\",\"isPartOf\":{\"@id\":\"https:\/\/menschen.proalps.ch\/it\/renate-zauner\/\"},\"author\":{\"name\":\"alpenadmin\",\"@id\":\"https:\/\/menschen.proalps.ch\/#\/schema\/person\/4e48dd4c36fb357e5fd16fd02f3b0383\"},\"headline\":\"Renate Zauner\",\"datePublished\":\"2019-01-10T14:27:49+00:00\",\"dateModified\":\"2019-02-18T12:46:17+00:00\",\"mainEntityOfPage\":{\"@id\":\"https:\/\/menschen.proalps.ch\/it\/renate-zauner\/\"},\"wordCount\":762,\"image\":{\"@id\":\"https:\/\/menschen.proalps.ch\/it\/renate-zauner\/#primaryimage\"},\"thumbnailUrl\":\"https:\/\/menschen.proalps.ch\/wp-content\/uploads\/2019\/02\/Renate-Zauner.jpg\",\"articleSection\":[\"persone\"],\"inLanguage\":\"it-IT\"},{\"@type\":\"WebPage\",\"@id\":\"https:\/\/menschen.proalps.ch\/it\/renate-zauner\/\",\"url\":\"https:\/\/menschen.proalps.ch\/it\/renate-zauner\/\",\"name\":\"Renate Zauner - Persone, luoghi, ragioni\",\"isPartOf\":{\"@id\":\"https:\/\/menschen.proalps.ch\/#website\"},\"primaryImageOfPage\":{\"@id\":\"https:\/\/menschen.proalps.ch\/it\/renate-zauner\/#primaryimage\"},\"image\":{\"@id\":\"https:\/\/menschen.proalps.ch\/it\/renate-zauner\/#primaryimage\"},\"thumbnailUrl\":\"https:\/\/menschen.proalps.ch\/wp-content\/uploads\/2019\/02\/Renate-Zauner.jpg\",\"datePublished\":\"2019-01-10T14:27:49+00:00\",\"dateModified\":\"2019-02-18T12:46:17+00:00\",\"author\":{\"@id\":\"https:\/\/menschen.proalps.ch\/#\/schema\/person\/4e48dd4c36fb357e5fd16fd02f3b0383\"},\"breadcrumb\":{\"@id\":\"https:\/\/menschen.proalps.ch\/it\/renate-zauner\/#breadcrumb\"},\"inLanguage\":\"it-IT\",\"potentialAction\":[{\"@type\":\"ReadAction\",\"target\":[\"https:\/\/menschen.proalps.ch\/it\/renate-zauner\/\"]}]},{\"@type\":\"ImageObject\",\"inLanguage\":\"it-IT\",\"@id\":\"https:\/\/menschen.proalps.ch\/it\/renate-zauner\/#primaryimage\",\"url\":\"https:\/\/menschen.proalps.ch\/wp-content\/uploads\/2019\/02\/Renate-Zauner.jpg\",\"contentUrl\":\"https:\/\/menschen.proalps.ch\/wp-content\/uploads\/2019\/02\/Renate-Zauner.jpg\",\"width\":2000,\"height\":1332},{\"@type\":\"BreadcrumbList\",\"@id\":\"https:\/\/menschen.proalps.ch\/it\/renate-zauner\/#breadcrumb\",\"itemListElement\":[{\"@type\":\"ListItem\",\"position\":1,\"name\":\"Startseite\",\"item\":\"https:\/\/menschen.proalps.ch\/it\/\"},{\"@type\":\"ListItem\",\"position\":2,\"name\":\"Renate Zauner\"}]},{\"@type\":\"WebSite\",\"@id\":\"https:\/\/menschen.proalps.ch\/#website\",\"url\":\"https:\/\/menschen.proalps.ch\/\",\"name\":\"La vita nell\u2019abitacolo\",\"description\":\"Di Fabian Biasio (video, foto) e Susan Boos (testo) \",\"potentialAction\":[{\"@type\":\"SearchAction\",\"target\":{\"@type\":\"EntryPoint\",\"urlTemplate\":\"https:\/\/menschen.proalps.ch\/?s={search_term_string}\"},\"query-input\":{\"@type\":\"PropertyValueSpecification\",\"valueRequired\":true,\"valueName\":\"search_term_string\"}}],\"inLanguage\":\"it-IT\"},{\"@type\":\"Person\",\"@id\":\"https:\/\/menschen.proalps.ch\/#\/schema\/person\/4e48dd4c36fb357e5fd16fd02f3b0383\",\"name\":\"alpenadmin\",\"image\":{\"@type\":\"ImageObject\",\"inLanguage\":\"it-IT\",\"@id\":\"https:\/\/menschen.proalps.ch\/#\/schema\/person\/image\/\",\"url\":\"https:\/\/secure.gravatar.com\/avatar\/bc6d4d14227937daef51b8753b883ba033ea5c936fb2c4d7c17f5c8c41b5a450?s=96&d=mm&r=g\",\"contentUrl\":\"https:\/\/secure.gravatar.com\/avatar\/bc6d4d14227937daef51b8753b883ba033ea5c936fb2c4d7c17f5c8c41b5a450?s=96&d=mm&r=g\",\"caption\":\"alpenadmin\"},\"url\":\"https:\/\/menschen.proalps.ch\/it\/author\/alpenadmin\/\"}]}<\/script>\n<!-- \/ Yoast SEO plugin. -->","yoast_head_json":{"title":"Renate Zauner - Persone, luoghi, ragioni","robots":{"index":"index","follow":"follow","max-snippet":"max-snippet:-1","max-image-preview":"max-image-preview:large","max-video-preview":"max-video-preview:-1"},"canonical":"https:\/\/menschen.proalps.ch\/it\/renate-zauner\/","og_locale":"it_IT","og_type":"article","og_title":"Renate Zauner - Persone, luoghi, ragioni","og_description":"[aesop_quote type=&#8221;block&#8221; background=&#8221;#0080c0&#8243; text=&#8221;#ffffff&#8221; align=&#8221;left&#8221; size=&#8221;1&#8243; quote=&#8221;Renate Zauner \u00e8 nata nel 1970 a Haag am Hausruck, fra Salisburgo e Linz. Ha studiato pianificazione e cura del paesaggio a Vienna e oggi lavora come traduttrice e interprete. Dal 1998 al 2000 \u00e8 stata collaboratrice dell\u2019Iniziativa delle Alpi e poi per diversi anni Presidente dell\u2019organizzazione ITE (International [&hellip;]","og_url":"https:\/\/menschen.proalps.ch\/it\/renate-zauner\/","og_site_name":"La vita nell\u2019abitacolo","article_published_time":"2019-01-10T14:27:49+00:00","article_modified_time":"2019-02-18T12:46:17+00:00","og_image":[{"width":2000,"height":1332,"url":"https:\/\/menschen.proalps.ch\/wp-content\/uploads\/2019\/02\/Renate-Zauner.jpg","type":"image\/jpeg"}],"author":"alpenadmin","twitter_card":"summary_large_image","twitter_misc":{"Scritto da":"alpenadmin","Tempo di lettura stimato":"4 minuti"},"schema":{"@context":"https:\/\/schema.org","@graph":[{"@type":"Article","@id":"https:\/\/menschen.proalps.ch\/it\/renate-zauner\/#article","isPartOf":{"@id":"https:\/\/menschen.proalps.ch\/it\/renate-zauner\/"},"author":{"name":"alpenadmin","@id":"https:\/\/menschen.proalps.ch\/#\/schema\/person\/4e48dd4c36fb357e5fd16fd02f3b0383"},"headline":"Renate Zauner","datePublished":"2019-01-10T14:27:49+00:00","dateModified":"2019-02-18T12:46:17+00:00","mainEntityOfPage":{"@id":"https:\/\/menschen.proalps.ch\/it\/renate-zauner\/"},"wordCount":762,"image":{"@id":"https:\/\/menschen.proalps.ch\/it\/renate-zauner\/#primaryimage"},"thumbnailUrl":"https:\/\/menschen.proalps.ch\/wp-content\/uploads\/2019\/02\/Renate-Zauner.jpg","articleSection":["persone"],"inLanguage":"it-IT"},{"@type":"WebPage","@id":"https:\/\/menschen.proalps.ch\/it\/renate-zauner\/","url":"https:\/\/menschen.proalps.ch\/it\/renate-zauner\/","name":"Renate Zauner - Persone, luoghi, ragioni","isPartOf":{"@id":"https:\/\/menschen.proalps.ch\/#website"},"primaryImageOfPage":{"@id":"https:\/\/menschen.proalps.ch\/it\/renate-zauner\/#primaryimage"},"image":{"@id":"https:\/\/menschen.proalps.ch\/it\/renate-zauner\/#primaryimage"},"thumbnailUrl":"https:\/\/menschen.proalps.ch\/wp-content\/uploads\/2019\/02\/Renate-Zauner.jpg","datePublished":"2019-01-10T14:27:49+00:00","dateModified":"2019-02-18T12:46:17+00:00","author":{"@id":"https:\/\/menschen.proalps.ch\/#\/schema\/person\/4e48dd4c36fb357e5fd16fd02f3b0383"},"breadcrumb":{"@id":"https:\/\/menschen.proalps.ch\/it\/renate-zauner\/#breadcrumb"},"inLanguage":"it-IT","potentialAction":[{"@type":"ReadAction","target":["https:\/\/menschen.proalps.ch\/it\/renate-zauner\/"]}]},{"@type":"ImageObject","inLanguage":"it-IT","@id":"https:\/\/menschen.proalps.ch\/it\/renate-zauner\/#primaryimage","url":"https:\/\/menschen.proalps.ch\/wp-content\/uploads\/2019\/02\/Renate-Zauner.jpg","contentUrl":"https:\/\/menschen.proalps.ch\/wp-content\/uploads\/2019\/02\/Renate-Zauner.jpg","width":2000,"height":1332},{"@type":"BreadcrumbList","@id":"https:\/\/menschen.proalps.ch\/it\/renate-zauner\/#breadcrumb","itemListElement":[{"@type":"ListItem","position":1,"name":"Startseite","item":"https:\/\/menschen.proalps.ch\/it\/"},{"@type":"ListItem","position":2,"name":"Renate Zauner"}]},{"@type":"WebSite","@id":"https:\/\/menschen.proalps.ch\/#website","url":"https:\/\/menschen.proalps.ch\/","name":"La vita nell\u2019abitacolo","description":"Di Fabian Biasio (video, foto) e Susan Boos (testo) ","potentialAction":[{"@type":"SearchAction","target":{"@type":"EntryPoint","urlTemplate":"https:\/\/menschen.proalps.ch\/?s={search_term_string}"},"query-input":{"@type":"PropertyValueSpecification","valueRequired":true,"valueName":"search_term_string"}}],"inLanguage":"it-IT"},{"@type":"Person","@id":"https:\/\/menschen.proalps.ch\/#\/schema\/person\/4e48dd4c36fb357e5fd16fd02f3b0383","name":"alpenadmin","image":{"@type":"ImageObject","inLanguage":"it-IT","@id":"https:\/\/menschen.proalps.ch\/#\/schema\/person\/image\/","url":"https:\/\/secure.gravatar.com\/avatar\/bc6d4d14227937daef51b8753b883ba033ea5c936fb2c4d7c17f5c8c41b5a450?s=96&d=mm&r=g","contentUrl":"https:\/\/secure.gravatar.com\/avatar\/bc6d4d14227937daef51b8753b883ba033ea5c936fb2c4d7c17f5c8c41b5a450?s=96&d=mm&r=g","caption":"alpenadmin"},"url":"https:\/\/menschen.proalps.ch\/it\/author\/alpenadmin\/"}]}},"_links":{"self":[{"href":"https:\/\/menschen.proalps.ch\/it\/wp-json\/wp\/v2\/posts\/1704","targetHints":{"allow":["GET"]}}],"collection":[{"href":"https:\/\/menschen.proalps.ch\/it\/wp-json\/wp\/v2\/posts"}],"about":[{"href":"https:\/\/menschen.proalps.ch\/it\/wp-json\/wp\/v2\/types\/post"}],"author":[{"embeddable":true,"href":"https:\/\/menschen.proalps.ch\/it\/wp-json\/wp\/v2\/users\/1"}],"replies":[{"embeddable":true,"href":"https:\/\/menschen.proalps.ch\/it\/wp-json\/wp\/v2\/comments?post=1704"}],"version-history":[{"count":4,"href":"https:\/\/menschen.proalps.ch\/it\/wp-json\/wp\/v2\/posts\/1704\/revisions"}],"predecessor-version":[{"id":1864,"href":"https:\/\/menschen.proalps.ch\/it\/wp-json\/wp\/v2\/posts\/1704\/revisions\/1864"}],"wp:featuredmedia":[{"embeddable":true,"href":"https:\/\/menschen.proalps.ch\/it\/wp-json\/wp\/v2\/media\/1635"}],"wp:attachment":[{"href":"https:\/\/menschen.proalps.ch\/it\/wp-json\/wp\/v2\/media?parent=1704"}],"wp:term":[{"taxonomy":"category","embeddable":true,"href":"https:\/\/menschen.proalps.ch\/it\/wp-json\/wp\/v2\/categories?post=1704"},{"taxonomy":"post_tag","embeddable":true,"href":"https:\/\/menschen.proalps.ch\/it\/wp-json\/wp\/v2\/tags?post=1704"}],"curies":[{"name":"wp","href":"https:\/\/api.w.org\/{rel}","templated":true}]}}