{"id":1724,"date":"2019-01-14T14:43:32","date_gmt":"2019-01-14T14:43:32","guid":{"rendered":"https:\/\/menschen.alpeninitiative.ch\/marina-carobbio-guscetti\/"},"modified":"2019-02-18T12:44:28","modified_gmt":"2019-02-18T12:44:28","slug":"marina-carobbio-guscetti","status":"publish","type":"post","link":"https:\/\/menschen.proalps.ch\/it\/marina-carobbio-guscetti\/","title":{"rendered":"Marina Carobbio Guscetti"},"content":{"rendered":"\n\n[aesop_quote type=&#8221;block&#8221; background=&#8221;#0080c0&#8243; text=&#8221;#ffffff&#8221; align=&#8221;left&#8221; size=&#8221;1&#8243; quote=&#8221;Marina Carobbio Guscetti \u00e8 nata nel 1966 a Locarno e oggi vive a Lumino, presso Bellinzona. Dal 2007 fa politica per il PS in Consiglio nazionale. Prima \u00e8 stata attiva nel Gran consiglio ticinese. Ha studiato medicina a Basilea e, fino a poco tempo fa, ha lavorato in uno studio medico collettivo a Roveredo GR. Ha sospeso questa attivit\u00e0 fino alla fine del 2020 poich\u00e9, quale Presidente del Consiglio nazionale (2018-2019), \u00e8 molto sollecitata. Dal 2013 Marina Carobbio Guscetti \u00e8 Vicepresidente dell\u2019Iniziativa delle Alpi.&#8221; revealfx=&#8221;off&#8221;]\n<p>\u00abSono cresciuta a Lumino e abito ancor oggi in questo paese direttamente sul confine col Canton Grigioni. Le strade verso il San Bernardino e in direzione del Gottardo sono nelle immediate vicinanze. Il traffico mi ha sempre interessato e anche preoccupata, soprattutto per via dell\u2019inquinamento dell\u2019aria e della salute delle persone. Gi\u00e0 dalla fine degli anni \u201990 sono stata attiva nel movimento ambientalista Moesano vivibile. Con azioni, manifesti e striscioni ci siamo impegnati affinch\u00e9 la nostra valle restasse vivibile.<\/p>\n<p>La strada che passa dal San Bernardino \u00e8 pericolosa, soprattutto a causa dei camion. Devono essere messi sulla ferrovia. Gi\u00e0 negli anni \u201990 la sicurezza era un tema. Adesso la Confederazione ha finalmente aperto un centro di controllo sull\u2019asse del San Bernardino \u2013 c\u2019\u00e8 davvero voluto troppo tempo \u2013 e un grande centro a sud del Gottardo manca tuttora.<\/p>\n<p>Politicamente mi sono impegnata gi\u00e0 molto presto. Da ventenne ho protestato contro la Cisra (Cooperativa nazionale per l&#8217;immagazzinamento di scorie radioattive), che nell\u2019alta Mesolcina voleva realizzare un deposito di scorie radioattive. Mi ricordo che allora partecipai a una manifestazione in bicicletta. Anche al liceo e all\u2019universit\u00e0 sono stata attiva nei movimenti studenteschi, impegnandomi per la solidariet\u00e0 internazionale e progetti sanitari, per esempio nel Centroamerica. Mio padre, che era in Consiglio nazionale, si impegnava soprattutto sindacalmente e si occupava di diritto del lavoro e di minoranze. Per me, invece, l\u2019ambiente e la salute sono sempre stati le questioni pi\u00f9 importanti.<\/p>\n<p>Quando oggi vedo quanto caldo fa d\u2019estate e quanto \u00e8 grama l\u2019aria qui in valle, questo mi fa paura. Faccio escursioni nelle montagne ticinesi, era cos\u00ec gi\u00e0 da bambina. Potrei restare in altitudine per settimane. Ora vedo molto spesso la cappa di caligine che copre la valle e il Mendrisiotto. Qui da noi e nella regione pi\u00f9 meridionale del Ticino l\u2019aria \u00e8 fortemente inquinata da sostanze nocive.<\/p>\n<p>Trovo che le persone dovrebbero di nuovo unirsi maggiormente per lottare contro le polveri fini nell\u2019aria e gli alti valori dell\u2019ozono. Nel nostro studio comune a Roveredo, come medico costato che le malattie polmonari aumentano. Soprattutto curiamo molti pi\u00f9 bambini con asma che un tempo. Per me \u00e8 chiaro: quando i valori dell\u2019ozono sono eccessivi, il governo dovrebbe rapidamente adottare delle misure, non solo aspettare che arrivi il vento.<\/p>\n<p>Anche di fronte ai cambiamenti climatici non possiamo restare inattivi, no, dobbiamo subito fare qualcosa per fermarli. Proprio nel settore del traffico sono urgentemente necessarie disposizioni pi\u00f9 restrittive. Per il traffico aereo, per esempio, sarebbe urgente una forma di tassazione del carburante. Lo so, in politca ci vuole sempre del tempo, ma per il riscaldamento climatico noi politiche e politici non possiamo pi\u00f9 aspettare a lungo. Anche molte persone giovani sono di questa opinione, per esempio i miei figli, che sono molto preoccupati.<\/p>\n<p>Quando c\u2019\u00e8 stata la votazione sul raddoppio della galleria stradale del Gottardo, ho sperato fino all\u2019ultimo che dalle urne uscisse un No. Sono stata l\u2019unica della frazione ticinese al parlamento federale a impegnarmi contro una seconda canna stradale. Ma ho cos\u00ec espresso l\u2019opinione di una gran parte della popolazione. \u00c8 stato bello che, prima della votazione, abbiamo potuto accendere il tradizionale fal\u00f2 d\u2019allerta, anche se sono state solo fiaccole per via del pericolo d\u2019incendio.<\/p>\n<p>Mio marito ed io siamo da tanti anni membri dell\u2019Iniziativa delle Alpi. Mi accompagna solo raramente a incontri politici, ma agli eventi dell\u2019Iniziativa delle Alpi viene volentieri. Quando Fabio Pedrina \u2013 quand\u2019era ancora Presidente dell\u2019Iniziativa delle Alpi \u2013 mi ha chiesto se volevo collaborare nel Comitato, non ho dovuto riflettere a lungo. Per me la protezione delle Alpi \u00e8 anche protezione del clima e della salute. Inoltre, per me era molto importante collaborare con organizzazioni ambientaliste e altre associazioni. Cos\u00ec capisco meglio dove ci sono veramente dei problemi. \u00bb<\/p>\n\n[aesop_collection collection=&#8221;null&#8221; limit=&#8221;16&#8243; columns=&#8221;2&#8243; splash=&#8221;off&#8221; order=&#8221;default&#8221; loadmore=&#8221;off&#8221; showexcerpt=&#8221;on&#8221; revealfx=&#8221;off&#8221;]\n","protected":false},"excerpt":{"rendered":"<p>[aesop_quote type=&#8221;block&#8221; background=&#8221;#0080c0&#8243; text=&#8221;#ffffff&#8221; align=&#8221;left&#8221; size=&#8221;1&#8243; quote=&#8221;Marina Carobbio Guscetti \u00e8 nata nel 1966 a Locarno e oggi vive a Lumino, presso Bellinzona. Dal 2007 fa politica per il PS in Consiglio nazionale. Prima \u00e8 stata attiva nel Gran consiglio ticinese. Ha studiato medicina a Basilea e, fino a poco tempo fa, ha lavorato in uno [&hellip;]<\/p>\n","protected":false},"author":1,"featured_media":1623,"comment_status":"closed","ping_status":"closed","sticky":false,"template":"","format":"standard","meta":{"inline_featured_image":false,"footnotes":""},"categories":[58],"tags":[],"class_list":["post-1724","post","type-post","status-publish","format-standard","has-post-thumbnail","hentry","category-persone"],"yoast_head":"<!-- This site is optimized with the Yoast SEO plugin v27.1.1 - https:\/\/yoast.com\/product\/yoast-seo-wordpress\/ -->\n<title>Marina Carobbio Guscetti - Persone, luoghi, ragioni<\/title>\n<meta name=\"robots\" content=\"index, follow, max-snippet:-1, max-image-preview:large, max-video-preview:-1\" \/>\n<link rel=\"canonical\" href=\"https:\/\/menschen.proalps.ch\/it\/marina-carobbio-guscetti\/\" \/>\n<meta property=\"og:locale\" content=\"it_IT\" \/>\n<meta property=\"og:type\" content=\"article\" \/>\n<meta property=\"og:title\" content=\"Marina Carobbio Guscetti - Persone, luoghi, ragioni\" \/>\n<meta property=\"og:description\" content=\"[aesop_quote type=&#8221;block&#8221; background=&#8221;#0080c0&#8243; text=&#8221;#ffffff&#8221; align=&#8221;left&#8221; size=&#8221;1&#8243; quote=&#8221;Marina Carobbio Guscetti \u00e8 nata nel 1966 a Locarno e oggi vive a Lumino, presso Bellinzona. Dal 2007 fa politica per il PS in Consiglio nazionale. Prima \u00e8 stata attiva nel Gran consiglio ticinese. Ha studiato medicina a Basilea e, fino a poco tempo fa, ha lavorato in uno [&hellip;]\" \/>\n<meta property=\"og:url\" content=\"https:\/\/menschen.proalps.ch\/it\/marina-carobbio-guscetti\/\" \/>\n<meta property=\"og:site_name\" content=\"La vita nell\u2019abitacolo\" \/>\n<meta property=\"article:published_time\" content=\"2019-01-14T14:43:32+00:00\" \/>\n<meta property=\"article:modified_time\" content=\"2019-02-18T12:44:28+00:00\" \/>\n<meta property=\"og:image\" content=\"https:\/\/menschen.proalps.ch\/wp-content\/uploads\/2019\/02\/Marina-Carobbio-1024x681.jpg\" \/>\n\t<meta property=\"og:image:width\" content=\"1024\" \/>\n\t<meta property=\"og:image:height\" content=\"681\" \/>\n\t<meta property=\"og:image:type\" content=\"image\/jpeg\" \/>\n<meta name=\"author\" content=\"alpenadmin\" \/>\n<meta name=\"twitter:card\" content=\"summary_large_image\" \/>\n<meta name=\"twitter:label1\" content=\"Scritto da\" \/>\n\t<meta name=\"twitter:data1\" content=\"alpenadmin\" \/>\n\t<meta name=\"twitter:label2\" content=\"Tempo di lettura stimato\" \/>\n\t<meta name=\"twitter:data2\" content=\"4 minuti\" \/>\n<script type=\"application\/ld+json\" class=\"yoast-schema-graph\">{\"@context\":\"https:\/\/schema.org\",\"@graph\":[{\"@type\":\"Article\",\"@id\":\"https:\/\/menschen.proalps.ch\/it\/marina-carobbio-guscetti\/#article\",\"isPartOf\":{\"@id\":\"https:\/\/menschen.proalps.ch\/it\/marina-carobbio-guscetti\/\"},\"author\":{\"name\":\"alpenadmin\",\"@id\":\"https:\/\/menschen.proalps.ch\/#\/schema\/person\/4e48dd4c36fb357e5fd16fd02f3b0383\"},\"headline\":\"Marina Carobbio Guscetti\",\"datePublished\":\"2019-01-14T14:43:32+00:00\",\"dateModified\":\"2019-02-18T12:44:28+00:00\",\"mainEntityOfPage\":{\"@id\":\"https:\/\/menschen.proalps.ch\/it\/marina-carobbio-guscetti\/\"},\"wordCount\":741,\"image\":{\"@id\":\"https:\/\/menschen.proalps.ch\/it\/marina-carobbio-guscetti\/#primaryimage\"},\"thumbnailUrl\":\"https:\/\/menschen.proalps.ch\/wp-content\/uploads\/2019\/02\/Marina-Carobbio.jpg\",\"articleSection\":[\"persone\"],\"inLanguage\":\"it-IT\"},{\"@type\":\"WebPage\",\"@id\":\"https:\/\/menschen.proalps.ch\/it\/marina-carobbio-guscetti\/\",\"url\":\"https:\/\/menschen.proalps.ch\/it\/marina-carobbio-guscetti\/\",\"name\":\"Marina Carobbio Guscetti - Persone, luoghi, ragioni\",\"isPartOf\":{\"@id\":\"https:\/\/menschen.proalps.ch\/#website\"},\"primaryImageOfPage\":{\"@id\":\"https:\/\/menschen.proalps.ch\/it\/marina-carobbio-guscetti\/#primaryimage\"},\"image\":{\"@id\":\"https:\/\/menschen.proalps.ch\/it\/marina-carobbio-guscetti\/#primaryimage\"},\"thumbnailUrl\":\"https:\/\/menschen.proalps.ch\/wp-content\/uploads\/2019\/02\/Marina-Carobbio.jpg\",\"datePublished\":\"2019-01-14T14:43:32+00:00\",\"dateModified\":\"2019-02-18T12:44:28+00:00\",\"author\":{\"@id\":\"https:\/\/menschen.proalps.ch\/#\/schema\/person\/4e48dd4c36fb357e5fd16fd02f3b0383\"},\"breadcrumb\":{\"@id\":\"https:\/\/menschen.proalps.ch\/it\/marina-carobbio-guscetti\/#breadcrumb\"},\"inLanguage\":\"it-IT\",\"potentialAction\":[{\"@type\":\"ReadAction\",\"target\":[\"https:\/\/menschen.proalps.ch\/it\/marina-carobbio-guscetti\/\"]}]},{\"@type\":\"ImageObject\",\"inLanguage\":\"it-IT\",\"@id\":\"https:\/\/menschen.proalps.ch\/it\/marina-carobbio-guscetti\/#primaryimage\",\"url\":\"https:\/\/menschen.proalps.ch\/wp-content\/uploads\/2019\/02\/Marina-Carobbio.jpg\",\"contentUrl\":\"https:\/\/menschen.proalps.ch\/wp-content\/uploads\/2019\/02\/Marina-Carobbio.jpg\",\"width\":2000,\"height\":1331},{\"@type\":\"BreadcrumbList\",\"@id\":\"https:\/\/menschen.proalps.ch\/it\/marina-carobbio-guscetti\/#breadcrumb\",\"itemListElement\":[{\"@type\":\"ListItem\",\"position\":1,\"name\":\"Startseite\",\"item\":\"https:\/\/menschen.proalps.ch\/it\/\"},{\"@type\":\"ListItem\",\"position\":2,\"name\":\"Marina Carobbio Guscetti\"}]},{\"@type\":\"WebSite\",\"@id\":\"https:\/\/menschen.proalps.ch\/#website\",\"url\":\"https:\/\/menschen.proalps.ch\/\",\"name\":\"La vita nell\u2019abitacolo\",\"description\":\"Di Fabian Biasio (video, foto) e Susan Boos (testo) \",\"potentialAction\":[{\"@type\":\"SearchAction\",\"target\":{\"@type\":\"EntryPoint\",\"urlTemplate\":\"https:\/\/menschen.proalps.ch\/?s={search_term_string}\"},\"query-input\":{\"@type\":\"PropertyValueSpecification\",\"valueRequired\":true,\"valueName\":\"search_term_string\"}}],\"inLanguage\":\"it-IT\"},{\"@type\":\"Person\",\"@id\":\"https:\/\/menschen.proalps.ch\/#\/schema\/person\/4e48dd4c36fb357e5fd16fd02f3b0383\",\"name\":\"alpenadmin\",\"image\":{\"@type\":\"ImageObject\",\"inLanguage\":\"it-IT\",\"@id\":\"https:\/\/menschen.proalps.ch\/#\/schema\/person\/image\/\",\"url\":\"https:\/\/secure.gravatar.com\/avatar\/bc6d4d14227937daef51b8753b883ba033ea5c936fb2c4d7c17f5c8c41b5a450?s=96&d=mm&r=g\",\"contentUrl\":\"https:\/\/secure.gravatar.com\/avatar\/bc6d4d14227937daef51b8753b883ba033ea5c936fb2c4d7c17f5c8c41b5a450?s=96&d=mm&r=g\",\"caption\":\"alpenadmin\"},\"url\":\"https:\/\/menschen.proalps.ch\/it\/author\/alpenadmin\/\"}]}<\/script>\n<!-- \/ Yoast SEO plugin. -->","yoast_head_json":{"title":"Marina Carobbio Guscetti - Persone, luoghi, ragioni","robots":{"index":"index","follow":"follow","max-snippet":"max-snippet:-1","max-image-preview":"max-image-preview:large","max-video-preview":"max-video-preview:-1"},"canonical":"https:\/\/menschen.proalps.ch\/it\/marina-carobbio-guscetti\/","og_locale":"it_IT","og_type":"article","og_title":"Marina Carobbio Guscetti - Persone, luoghi, ragioni","og_description":"[aesop_quote type=&#8221;block&#8221; background=&#8221;#0080c0&#8243; text=&#8221;#ffffff&#8221; align=&#8221;left&#8221; size=&#8221;1&#8243; quote=&#8221;Marina Carobbio Guscetti \u00e8 nata nel 1966 a Locarno e oggi vive a Lumino, presso Bellinzona. Dal 2007 fa politica per il PS in Consiglio nazionale. Prima \u00e8 stata attiva nel Gran consiglio ticinese. Ha studiato medicina a Basilea e, fino a poco tempo fa, ha lavorato in uno [&hellip;]","og_url":"https:\/\/menschen.proalps.ch\/it\/marina-carobbio-guscetti\/","og_site_name":"La vita nell\u2019abitacolo","article_published_time":"2019-01-14T14:43:32+00:00","article_modified_time":"2019-02-18T12:44:28+00:00","og_image":[{"width":1024,"height":681,"url":"https:\/\/menschen.proalps.ch\/wp-content\/uploads\/2019\/02\/Marina-Carobbio-1024x681.jpg","type":"image\/jpeg"}],"author":"alpenadmin","twitter_card":"summary_large_image","twitter_misc":{"Scritto da":"alpenadmin","Tempo di lettura stimato":"4 minuti"},"schema":{"@context":"https:\/\/schema.org","@graph":[{"@type":"Article","@id":"https:\/\/menschen.proalps.ch\/it\/marina-carobbio-guscetti\/#article","isPartOf":{"@id":"https:\/\/menschen.proalps.ch\/it\/marina-carobbio-guscetti\/"},"author":{"name":"alpenadmin","@id":"https:\/\/menschen.proalps.ch\/#\/schema\/person\/4e48dd4c36fb357e5fd16fd02f3b0383"},"headline":"Marina Carobbio Guscetti","datePublished":"2019-01-14T14:43:32+00:00","dateModified":"2019-02-18T12:44:28+00:00","mainEntityOfPage":{"@id":"https:\/\/menschen.proalps.ch\/it\/marina-carobbio-guscetti\/"},"wordCount":741,"image":{"@id":"https:\/\/menschen.proalps.ch\/it\/marina-carobbio-guscetti\/#primaryimage"},"thumbnailUrl":"https:\/\/menschen.proalps.ch\/wp-content\/uploads\/2019\/02\/Marina-Carobbio.jpg","articleSection":["persone"],"inLanguage":"it-IT"},{"@type":"WebPage","@id":"https:\/\/menschen.proalps.ch\/it\/marina-carobbio-guscetti\/","url":"https:\/\/menschen.proalps.ch\/it\/marina-carobbio-guscetti\/","name":"Marina Carobbio Guscetti - Persone, luoghi, ragioni","isPartOf":{"@id":"https:\/\/menschen.proalps.ch\/#website"},"primaryImageOfPage":{"@id":"https:\/\/menschen.proalps.ch\/it\/marina-carobbio-guscetti\/#primaryimage"},"image":{"@id":"https:\/\/menschen.proalps.ch\/it\/marina-carobbio-guscetti\/#primaryimage"},"thumbnailUrl":"https:\/\/menschen.proalps.ch\/wp-content\/uploads\/2019\/02\/Marina-Carobbio.jpg","datePublished":"2019-01-14T14:43:32+00:00","dateModified":"2019-02-18T12:44:28+00:00","author":{"@id":"https:\/\/menschen.proalps.ch\/#\/schema\/person\/4e48dd4c36fb357e5fd16fd02f3b0383"},"breadcrumb":{"@id":"https:\/\/menschen.proalps.ch\/it\/marina-carobbio-guscetti\/#breadcrumb"},"inLanguage":"it-IT","potentialAction":[{"@type":"ReadAction","target":["https:\/\/menschen.proalps.ch\/it\/marina-carobbio-guscetti\/"]}]},{"@type":"ImageObject","inLanguage":"it-IT","@id":"https:\/\/menschen.proalps.ch\/it\/marina-carobbio-guscetti\/#primaryimage","url":"https:\/\/menschen.proalps.ch\/wp-content\/uploads\/2019\/02\/Marina-Carobbio.jpg","contentUrl":"https:\/\/menschen.proalps.ch\/wp-content\/uploads\/2019\/02\/Marina-Carobbio.jpg","width":2000,"height":1331},{"@type":"BreadcrumbList","@id":"https:\/\/menschen.proalps.ch\/it\/marina-carobbio-guscetti\/#breadcrumb","itemListElement":[{"@type":"ListItem","position":1,"name":"Startseite","item":"https:\/\/menschen.proalps.ch\/it\/"},{"@type":"ListItem","position":2,"name":"Marina Carobbio Guscetti"}]},{"@type":"WebSite","@id":"https:\/\/menschen.proalps.ch\/#website","url":"https:\/\/menschen.proalps.ch\/","name":"La vita nell\u2019abitacolo","description":"Di Fabian Biasio (video, foto) e Susan Boos (testo) ","potentialAction":[{"@type":"SearchAction","target":{"@type":"EntryPoint","urlTemplate":"https:\/\/menschen.proalps.ch\/?s={search_term_string}"},"query-input":{"@type":"PropertyValueSpecification","valueRequired":true,"valueName":"search_term_string"}}],"inLanguage":"it-IT"},{"@type":"Person","@id":"https:\/\/menschen.proalps.ch\/#\/schema\/person\/4e48dd4c36fb357e5fd16fd02f3b0383","name":"alpenadmin","image":{"@type":"ImageObject","inLanguage":"it-IT","@id":"https:\/\/menschen.proalps.ch\/#\/schema\/person\/image\/","url":"https:\/\/secure.gravatar.com\/avatar\/bc6d4d14227937daef51b8753b883ba033ea5c936fb2c4d7c17f5c8c41b5a450?s=96&d=mm&r=g","contentUrl":"https:\/\/secure.gravatar.com\/avatar\/bc6d4d14227937daef51b8753b883ba033ea5c936fb2c4d7c17f5c8c41b5a450?s=96&d=mm&r=g","caption":"alpenadmin"},"url":"https:\/\/menschen.proalps.ch\/it\/author\/alpenadmin\/"}]}},"_links":{"self":[{"href":"https:\/\/menschen.proalps.ch\/it\/wp-json\/wp\/v2\/posts\/1724","targetHints":{"allow":["GET"]}}],"collection":[{"href":"https:\/\/menschen.proalps.ch\/it\/wp-json\/wp\/v2\/posts"}],"about":[{"href":"https:\/\/menschen.proalps.ch\/it\/wp-json\/wp\/v2\/types\/post"}],"author":[{"embeddable":true,"href":"https:\/\/menschen.proalps.ch\/it\/wp-json\/wp\/v2\/users\/1"}],"replies":[{"embeddable":true,"href":"https:\/\/menschen.proalps.ch\/it\/wp-json\/wp\/v2\/comments?post=1724"}],"version-history":[{"count":4,"href":"https:\/\/menschen.proalps.ch\/it\/wp-json\/wp\/v2\/posts\/1724\/revisions"}],"predecessor-version":[{"id":1859,"href":"https:\/\/menschen.proalps.ch\/it\/wp-json\/wp\/v2\/posts\/1724\/revisions\/1859"}],"wp:featuredmedia":[{"embeddable":true,"href":"https:\/\/menschen.proalps.ch\/it\/wp-json\/wp\/v2\/media\/1623"}],"wp:attachment":[{"href":"https:\/\/menschen.proalps.ch\/it\/wp-json\/wp\/v2\/media?parent=1724"}],"wp:term":[{"taxonomy":"category","embeddable":true,"href":"https:\/\/menschen.proalps.ch\/it\/wp-json\/wp\/v2\/categories?post=1724"},{"taxonomy":"post_tag","embeddable":true,"href":"https:\/\/menschen.proalps.ch\/it\/wp-json\/wp\/v2\/tags?post=1724"}],"curies":[{"name":"wp","href":"https:\/\/api.w.org\/{rel}","templated":true}]}}